[{"@context":"https:\/\/schema.org\/","@type":"Blog","@id":"https:\/\/www.spektra.sk#Blog","headline":"Spektra","description":"\nKedy prezu\u0165 na zimn\u00e9, v\u0161etko o aktu\u00e1lnej legislat\u00edve a in\u00fdch motoristick\u00fdch novink\u00e1ch a tipoch, sa dozviete v na\u0161om magaz\u00edne, ktor\u00fd sa dobre \u010d\u00edta.","url":"https:\/\/www.spektra.sk","hasPart":[{"@type":"Article","@id":"https:\/\/www.spektra.sk\/xxl-podlozka-pod-mys\/","headline":"XXL podlo\u017eka pod my\u0161","url":"https:\/\/www.spektra.sk\/xxl-podlozka-pod-mys\/","datePublished":"2025-03-01","dateModified":"2023-04-25","mainEntityOfPage":"https:\/\/www.spektra.sk\/xxl-podlozka-pod-mys\/","author":{"@type":"Person","@id":"https:\/\/www.spektra.sk\/author\/#Person","name":"","url":"https:\/\/www.spektra.sk\/author\/","identifier":1,"image":{"@type":"ImageObject","@id":"https:\/\/secure.gravatar.com\/avatar\/5667bceccdce92893bac6a7981a373152a8b3fa0ab99c198ba0ac0b49a934248?s=96&d=mm&r=g","url":"https:\/\/secure.gravatar.com\/avatar\/5667bceccdce92893bac6a7981a373152a8b3fa0ab99c198ba0ac0b49a934248?s=96&d=mm&r=g","height":96,"width":96}},"publisher":{"@type":"Organization","name":"spektra.sk","logo":{"@type":"ImageObject","@id":"\/logo.png","url":"\/logo.png","width":600,"height":60}},"image":{"@type":"ImageObject","@id":"https:\/\/www.spektra.sk\/wp-content\/uploads\/img_a285858_w16547_t1521052265.jpg","url":"https:\/\/www.spektra.sk\/wp-content\/uploads\/img_a285858_w16547_t1521052265.jpg","height":0,"width":0},"wordCount":492,"keywords":null},{"@type":"Article","@id":"https:\/\/www.spektra.sk\/svoju-hlavu-na-krku\/","headline":"Svoju hlavu na krku","url":"https:\/\/www.spektra.sk\/svoju-hlavu-na-krku\/","datePublished":"2025-03-01","dateModified":"2023-04-25","mainEntityOfPage":"https:\/\/www.spektra.sk\/svoju-hlavu-na-krku\/","author":{"@type":"Person","@id":"https:\/\/www.spektra.sk\/author\/#Person","name":"","url":"https:\/\/www.spektra.sk\/author\/","identifier":1,"image":{"@type":"ImageObject","@id":"https:\/\/secure.gravatar.com\/avatar\/5667bceccdce92893bac6a7981a373152a8b3fa0ab99c198ba0ac0b49a934248?s=96&d=mm&r=g","url":"https:\/\/secure.gravatar.com\/avatar\/5667bceccdce92893bac6a7981a373152a8b3fa0ab99c198ba0ac0b49a934248?s=96&d=mm&r=g","height":96,"width":96}},"publisher":{"@type":"Organization","name":"spektra.sk","logo":{"@type":"ImageObject","@id":"\/logo.png","url":"\/logo.png","width":600,"height":60}},"image":{"@type":"ImageObject","@id":"https:\/\/www.spektra.sk\/wp-content\/uploads\/img_a285451_w16543_t1520434864.jpg","url":"https:\/\/www.spektra.sk\/wp-content\/uploads\/img_a285451_w16543_t1520434864.jpg","height":0,"width":0},"wordCount":496,"keywords":null},{"@type":"Article","@id":"https:\/\/www.spektra.sk\/teplucko-v-kupelni\/","headline":"Tepl\u00fa\u010dko v k\u00fape\u013eni","url":"https:\/\/www.spektra.sk\/teplucko-v-kupelni\/","datePublished":"2025-02-28","dateModified":"2023-04-25","mainEntityOfPage":"https:\/\/www.spektra.sk\/teplucko-v-kupelni\/","author":{"@type":"Person","@id":"https:\/\/www.spektra.sk\/author\/#Person","name":"","url":"https:\/\/www.spektra.sk\/author\/","identifier":1,"image":{"@type":"ImageObject","@id":"https:\/\/secure.gravatar.com\/avatar\/5667bceccdce92893bac6a7981a373152a8b3fa0ab99c198ba0ac0b49a934248?s=96&d=mm&r=g","url":"https:\/\/secure.gravatar.com\/avatar\/5667bceccdce92893bac6a7981a373152a8b3fa0ab99c198ba0ac0b49a934248?s=96&d=mm&r=g","height":96,"width":96}},"publisher":{"@type":"Organization","name":"spektra.sk","logo":{"@type":"ImageObject","@id":"\/logo.png","url":"\/logo.png","width":600,"height":60}},"image":{"@type":"ImageObject","@id":"https:\/\/www.spektra.sk\/wp-content\/uploads\/img_a299455_w16536_t1555572702.jpg","url":"https:\/\/www.spektra.sk\/wp-content\/uploads\/img_a299455_w16536_t1555572702.jpg","height":0,"width":0},"wordCount":491,"keywords":null},{"@type":"Article","@id":"https:\/\/www.spektra.sk\/bude-to-moderne-aj-zajtra\/","headline":"Bude to modern\u00e9 aj zajtra?","url":"https:\/\/www.spektra.sk\/bude-to-moderne-aj-zajtra\/","datePublished":"2025-02-28","dateModified":"2023-04-25","mainEntityOfPage":"https:\/\/www.spektra.sk\/bude-to-moderne-aj-zajtra\/","author":{"@type":"Person","@id":"https:\/\/www.spektra.sk\/author\/#Person","name":"","url":"https:\/\/www.spektra.sk\/author\/","identifier":1,"image":{"@type":"ImageObject","@id":"https:\/\/secure.gravatar.com\/avatar\/5667bceccdce92893bac6a7981a373152a8b3fa0ab99c198ba0ac0b49a934248?s=96&d=mm&r=g","url":"https:\/\/secure.gravatar.com\/avatar\/5667bceccdce92893bac6a7981a373152a8b3fa0ab99c198ba0ac0b49a934248?s=96&d=mm&r=g","height":96,"width":96}},"publisher":{"@type":"Organization","name":"spektra.sk","logo":{"@type":"ImageObject","@id":"\/logo.png","url":"\/logo.png","width":600,"height":60}},"image":{"@type":"ImageObject","@id":"https:\/\/www.spektra.sk\/wp-content\/uploads\/img_a285355_w16552_t1519587260.jpg","url":"https:\/\/www.spektra.sk\/wp-content\/uploads\/img_a285355_w16552_t1519587260.jpg","height":0,"width":0},"wordCount":480,"keywords":null},{"@type":"Article","@id":"https:\/\/www.spektra.sk\/ako-cestovat-s-dietatkom\/","headline":"Ako cestova\u0165 s die\u0165atkom?","url":"https:\/\/www.spektra.sk\/ako-cestovat-s-dietatkom\/","datePublished":"2025-02-25","dateModified":"2023-04-25","mainEntityOfPage":"https:\/\/www.spektra.sk\/ako-cestovat-s-dietatkom\/","author":{"@type":"Person","@id":"https:\/\/www.spektra.sk\/author\/#Person","name":"","url":"https:\/\/www.spektra.sk\/author\/","identifier":1,"image":{"@type":"ImageObject","@id":"https:\/\/secure.gravatar.com\/avatar\/5667bceccdce92893bac6a7981a373152a8b3fa0ab99c198ba0ac0b49a934248?s=96&d=mm&r=g","url":"https:\/\/secure.gravatar.com\/avatar\/5667bceccdce92893bac6a7981a373152a8b3fa0ab99c198ba0ac0b49a934248?s=96&d=mm&r=g","height":96,"width":96}},"publisher":{"@type":"Organization","name":"spektra.sk","logo":{"@type":"ImageObject","@id":"\/logo.png","url":"\/logo.png","width":600,"height":60}},"image":{"@type":"ImageObject","@id":"https:\/\/www.spektra.sk\/wp-content\/uploads\/img_a290666_w16538_t1535991960.jpg","url":"https:\/\/www.spektra.sk\/wp-content\/uploads\/img_a290666_w16538_t1535991960.jpg","height":0,"width":0},"wordCount":528,"keywords":null},{"@type":"Article","@id":"https:\/\/www.spektra.sk\/samsung-galaxii-a8\/","headline":"Samsung Galaxii A8","url":"https:\/\/www.spektra.sk\/samsung-galaxii-a8\/","datePublished":"2025-02-25","dateModified":"2023-04-25","mainEntityOfPage":"https:\/\/www.spektra.sk\/samsung-galaxii-a8\/","author":{"@type":"Person","@id":"https:\/\/www.spektra.sk\/author\/#Person","name":"","url":"https:\/\/www.spektra.sk\/author\/","identifier":1,"image":{"@type":"ImageObject","@id":"https:\/\/secure.gravatar.com\/avatar\/5667bceccdce92893bac6a7981a373152a8b3fa0ab99c198ba0ac0b49a934248?s=96&d=mm&r=g","url":"https:\/\/secure.gravatar.com\/avatar\/5667bceccdce92893bac6a7981a373152a8b3fa0ab99c198ba0ac0b49a934248?s=96&d=mm&r=g","height":96,"width":96}},"publisher":{"@type":"Organization","name":"spektra.sk","logo":{"@type":"ImageObject","@id":"\/logo.png","url":"\/logo.png","width":600,"height":60}},"image":{"@type":"ImageObject","@id":"https:\/\/www.spektra.sk\/wp-content\/uploads\/img_a285561_w16543_t1520693465.jpg","url":"https:\/\/www.spektra.sk\/wp-content\/uploads\/img_a285561_w16543_t1520693465.jpg","height":0,"width":0},"wordCount":511,"keywords":null},{"@type":"Article","@id":"https:\/\/www.spektra.sk\/ako-udrzat-vasu-kupelnu-dlhsie-cistu\/","headline":"Ako udr\u017ea\u0165 va\u0161u k\u00fape\u013e\u0148u dlh\u0161ie \u010dist\u00fa","url":"https:\/\/www.spektra.sk\/ako-udrzat-vasu-kupelnu-dlhsie-cistu\/","datePublished":"2025-02-25","dateModified":"2023-04-25","mainEntityOfPage":"https:\/\/www.spektra.sk\/ako-udrzat-vasu-kupelnu-dlhsie-cistu\/","author":{"@type":"Person","@id":"https:\/\/www.spektra.sk\/author\/#Person","name":"","url":"https:\/\/www.spektra.sk\/author\/","identifier":1,"image":{"@type":"ImageObject","@id":"https:\/\/secure.gravatar.com\/avatar\/5667bceccdce92893bac6a7981a373152a8b3fa0ab99c198ba0ac0b49a934248?s=96&d=mm&r=g","url":"https:\/\/secure.gravatar.com\/avatar\/5667bceccdce92893bac6a7981a373152a8b3fa0ab99c198ba0ac0b49a934248?s=96&d=mm&r=g","height":96,"width":96}},"publisher":{"@type":"Organization","name":"spektra.sk","logo":{"@type":"ImageObject","@id":"\/logo.png","url":"\/logo.png","width":600,"height":60}},"image":{"@type":"ImageObject","@id":"https:\/\/www.spektra.sk\/wp-content\/uploads\/img_a293453_w16538_t1542384134.jpg","url":"https:\/\/www.spektra.sk\/wp-content\/uploads\/img_a293453_w16538_t1542384134.jpg","height":0,"width":0},"wordCount":506,"keywords":null},{"@type":"Article","@id":"https:\/\/www.spektra.sk\/obchodne-zvyklosti-ktore-musite-ignorovat\/","headline":"Obchodn\u00e9 zvyklosti, ktor\u00e9 mus\u00edte ignorova\u0165","url":"https:\/\/www.spektra.sk\/obchodne-zvyklosti-ktore-musite-ignorovat\/","datePublished":"2025-02-25","dateModified":"2023-04-25","mainEntityOfPage":"https:\/\/www.spektra.sk\/obchodne-zvyklosti-ktore-musite-ignorovat\/","author":{"@type":"Person","@id":"https:\/\/www.spektra.sk\/author\/#Person","name":"","url":"https:\/\/www.spektra.sk\/author\/","identifier":1,"image":{"@type":"ImageObject","@id":"https:\/\/secure.gravatar.com\/avatar\/5667bceccdce92893bac6a7981a373152a8b3fa0ab99c198ba0ac0b49a934248?s=96&d=mm&r=g","url":"https:\/\/secure.gravatar.com\/avatar\/5667bceccdce92893bac6a7981a373152a8b3fa0ab99c198ba0ac0b49a934248?s=96&d=mm&r=g","height":96,"width":96}},"publisher":{"@type":"Organization","name":"spektra.sk","logo":{"@type":"ImageObject","@id":"\/logo.png","url":"\/logo.png","width":600,"height":60}},"image":{"@type":"ImageObject","@id":"https:\/\/www.spektra.sk\/wp-content\/uploads\/img_a300468_w16538_t1557593871.jpg","url":"https:\/\/www.spektra.sk\/wp-content\/uploads\/img_a300468_w16538_t1557593871.jpg","height":0,"width":0},"wordCount":496,"keywords":null},{"@type":"Article","@id":"https:\/\/www.spektra.sk\/je-krasa-naozaj-vsetko\/","headline":"Je kr\u00e1sa naozaj v\u0161etko?","url":"https:\/\/www.spektra.sk\/je-krasa-naozaj-vsetko\/","datePublished":"2025-02-24","dateModified":"2023-04-25","mainEntityOfPage":"https:\/\/www.spektra.sk\/je-krasa-naozaj-vsetko\/","author":{"@type":"Person","@id":"https:\/\/www.spektra.sk\/author\/#Person","name":"","url":"https:\/\/www.spektra.sk\/author\/","identifier":1,"image":{"@type":"ImageObject","@id":"https:\/\/secure.gravatar.com\/avatar\/5667bceccdce92893bac6a7981a373152a8b3fa0ab99c198ba0ac0b49a934248?s=96&d=mm&r=g","url":"https:\/\/secure.gravatar.com\/avatar\/5667bceccdce92893bac6a7981a373152a8b3fa0ab99c198ba0ac0b49a934248?s=96&d=mm&r=g","height":96,"width":96}},"publisher":{"@type":"Organization","name":"spektra.sk","logo":{"@type":"ImageObject","@id":"\/logo.png","url":"\/logo.png","width":600,"height":60}},"image":{"@type":"ImageObject","@id":"https:\/\/www.spektra.sk\/wp-content\/uploads\/img_a299376_w16547_t1555499649.jpg","url":"https:\/\/www.spektra.sk\/wp-content\/uploads\/img_a299376_w16547_t1555499649.jpg","height":0,"width":0},"wordCount":513,"keywords":null},{"@type":"Article","@id":"https:\/\/www.spektra.sk\/za-detskou-hyperaktivitou-moze-stat-aj-nevhodna-strava\/","headline":"Za detskou hyperaktivitou m\u00f4\u017ee st\u00e1\u0165 aj nevhodn\u00e1 strava","url":"https:\/\/www.spektra.sk\/za-detskou-hyperaktivitou-moze-stat-aj-nevhodna-strava\/","datePublished":"2025-02-23","dateModified":"2023-04-25","mainEntityOfPage":"https:\/\/www.spektra.sk\/za-detskou-hyperaktivitou-moze-stat-aj-nevhodna-strava\/","author":{"@type":"Person","@id":"https:\/\/www.spektra.sk\/author\/#Person","name":"","url":"https:\/\/www.spektra.sk\/author\/","identifier":1,"image":{"@type":"ImageObject","@id":"https:\/\/secure.gravatar.com\/avatar\/5667bceccdce92893bac6a7981a373152a8b3fa0ab99c198ba0ac0b49a934248?s=96&d=mm&r=g","url":"https:\/\/secure.gravatar.com\/avatar\/5667bceccdce92893bac6a7981a373152a8b3fa0ab99c198ba0ac0b49a934248?s=96&d=mm&r=g","height":96,"width":96}},"publisher":{"@type":"Organization","name":"spektra.sk","logo":{"@type":"ImageObject","@id":"\/logo.png","url":"\/logo.png","width":600,"height":60}},"image":{"@type":"ImageObject","@id":"https:\/\/www.spektra.sk\/wp-content\/uploads\/img_a295902_w16762_t1548088260.jpg","url":"https:\/\/www.spektra.sk\/wp-content\/uploads\/img_a295902_w16762_t1548088260.jpg","height":0,"width":0},"wordCount":500,"keywords":null}]},{"@context":"https:\/\/schema.org","@type":"WebSite","@id":"https:\/\/www.spektra.sk\/#website","name":"Spektra","url":"https:\/\/www.spektra.sk","potentialAction":{"@type":"SearchAction","target":"https:\/\/www.spektra.sk\/?s={search_term_string}","query-input":"required name=search_term_string"}}]