[{"@context":"https:\/\/schema.org\/","@type":"Article","@id":"https:\/\/www.spektra.sk\/dajte-len-na-svoj-nazor\/#Article","mainEntityOfPage":"https:\/\/www.spektra.sk\/dajte-len-na-svoj-nazor\/","headline":"Dajte len na svoj n\u00e1zor","name":"Dajte len na svoj n\u00e1zor","description":"Ak je nie\u010do v \u017eivote naozaj ve\u013emi \u0165a\u017ek\u00e9, tak je to presvied\u010da\u0165 niekoho o svojej vlastnej pravde. Je jasn\u00e9, \u017ee v\u0161etko, \u010do je okolo v\u00e1s,","datePublished":"2018-07-05","dateModified":"2023-04-25","author":{"@type":"Person","@id":"https:\/\/www.spektra.sk\/author\/#Person","name":"","url":"https:\/\/www.spektra.sk\/author\/","identifier":1,"image":{"@type":"ImageObject","@id":"https:\/\/secure.gravatar.com\/avatar\/5667bceccdce92893bac6a7981a373152a8b3fa0ab99c198ba0ac0b49a934248?s=96&d=mm&r=g","url":"https:\/\/secure.gravatar.com\/avatar\/5667bceccdce92893bac6a7981a373152a8b3fa0ab99c198ba0ac0b49a934248?s=96&d=mm&r=g","height":96,"width":96}},"publisher":{"@type":"Organization","name":"spektra.sk","logo":{"@type":"ImageObject","@id":"\/logo.png","url":"\/logo.png","width":600,"height":60}},"image":{"@type":"ImageObject","@id":"https:\/\/www.spektra.sk\/wp-content\/uploads\/img_a290821_w16509_t1536146867.jpg","url":"https:\/\/www.spektra.sk\/wp-content\/uploads\/img_a290821_w16509_t1536146867.jpg","height":0,"width":0},"url":"https:\/\/www.spektra.sk\/dajte-len-na-svoj-nazor\/","about":["Elektro"],"wordCount":456,"articleBody":"        Ak je nie\u010do v \u017eivote naozaj ve\u013emi \u0165a\u017ek\u00e9, tak je to presvied\u010da\u0165 niekoho o svojej vlastnej pravde. Je jasn\u00e9, \u017ee v\u0161etko, \u010do je okolo v\u00e1s, mus\u00ed nejak\u00fdm sp\u00f4sobom ovplyv\u0148ova\u0165 v\u00e1\u0161 \u017eivot, va\u0161e myslenie a v\u0161etko, \u010do v kone\u010dnom d\u00f4sledku rob\u00edte. Verte v\u0161ak tomu, \u017ee nech sa budete sna\u017ei\u0165 akoko\u013evek chcete, mus\u00edte si uvedomi\u0165, \u017ee aj ke\u010f sa v\u00e1m to nezd\u00e1, nem\u00f4\u017eete nikoho presved\u010di\u0165 o tom, aby chcel to ist\u00e9, \u010do chcete vy. Je to smie\u0161ne? Je to hl\u00fape? Mo\u017eno. Ale je to pravda. Neexistuje \u017eiadny vzorec na to, \u010do sa m\u00e1 p\u00e1\u010di\u0165 v\u00e1m alebo \u010do sa m\u00e1 p\u00e1\u010di\u0165 inej osobe vo va\u0161om okol\u00ed.V\u017edy v\u0161ak mus\u00edte myslie\u0165 na to, aby sa veci, ktor\u00e9 si vyber\u00e1te, p\u00e1\u010dili v prvom rade v\u00e1m. Nie je to ni\u010d smie\u0161ne, nie je to ni\u010d hl\u00fape, je to o v\u00e1s. Vy si tvor\u00edte v\u00e1\u0161 vlastn\u00fd \u017eivot, v\u00e1\u0161 vlastn\u00fd vkus, tak\u017ee na to myslite, ke\u010f ide do tuh\u00e9ho. A ke\u010f ide o to, \u010do je pre v\u00e1s v\u00e1\u017ene d\u00f4le\u017eit\u00e9, mus\u00edte myslie\u0165 dopredu. Ak si zaria\u010fujete v\u00e1\u0161 domov, asi mysl\u00edte v\u017edy na ve\u013emi ve\u013ea vec\u00ed. Asi sa na ve\u013ea vec\u00ed sna\u017e\u00edte aj nes\u00fastredi\u0165, aby nebolo jasn\u00e9, pre\u010do rob\u00edte to alebo ono. Je to vlastne naozaj len na v\u00e1s. Ale to neznamen\u00e1, \u017ee je to zl\u00e9. Ak sa nie\u010do p\u00e1\u010di v\u00e1m, je to va\u0161a vec. Tak je to aj vtedy, ke\u010f si do svojho bytu d\u00e1te napr\u00edklad sklenen\u00e9 dvere. Asi v\u00e1m najprv nikto never\u00ed. Asi sa v\u00e1m najprv zd\u00e1, \u017ee nem\u00f4\u017eete urobi\u0165 ni\u010d preto, aby sa to niekomu p\u00e1\u010dilo. Ale povedzme si \u00faprimne. Z\u00e1le\u017e\u00ed v\u00e1m na tom, \u010do si myslia druh\u00ed \u013eudia? Alebo v\u00e1m z\u00e1le\u017e\u00ed v prvom rade na tom, \u010do si o tom mysl\u00edte vy sami? Odpove\u010f na t\u00fato ot\u00e1zku ur\u010dite dopredu pozn\u00e1te, tak\u017ee ani nesk\u00fa\u0161ajte nikomu nahovori\u0165, \u017ee v\u00e1m naozaj z\u00e1le\u017e\u00ed na tom, \u010do si o va\u0161om rozhodnut\u00ed myslia \u013eudia okolo v\u00e1s. Ve\u010f je to predsa len va\u0161a vec, v\u00e1\u0161 n\u00e1bytok, tak pre\u010do by sa do toho naozaj mal niekto stara\u0165? Ke\u010f si chcete zariadi\u0165 byt, naozaj sa v\u017edy ria\u010fte hlavne pod\u013ea toho, \u010do chcete vy a nie to, \u010do chc\u00fa druh\u00ed \u013eudia. U\u0161etr\u00edte si tak naozaj ve\u013emi ve\u013ea starost\u00ed, t\u00fdm si m\u00f4\u017eete by\u0165 viac, ne\u017e len ist\u00fd.                                                                                                                                                                                                                                                                                                                                                                                          3.6\/5 - (5 votes)        "},{"@context":"https:\/\/schema.org\/","@type":"BreadcrumbList","itemListElement":[{"@type":"ListItem","position":1,"name":"Dajte len na svoj n\u00e1zor","item":"https:\/\/www.spektra.sk\/dajte-len-na-svoj-nazor\/#breadcrumbitem"}]}]