[{"@context":"https:\/\/schema.org\/","@type":"Article","@id":"https:\/\/www.spektra.sk\/demonstranti-a-dopyt-po-zajazdoch\/#Article","mainEntityOfPage":"https:\/\/www.spektra.sk\/demonstranti-a-dopyt-po-zajazdoch\/","headline":"Demon\u0161tranti a dopyt po z\u00e1jazdoch","name":"Demon\u0161tranti a dopyt po z\u00e1jazdoch","description":"Letn\u00e1 sez\u00f3na sa nezadr\u017eate\u013ene bl\u00ed\u017ei a\u00a0mno\u017estvo pon\u00fakan\u00fdch z\u00e1jazdov jednotliv\u00fdm cestovn\u00fdm kancel\u00e1ri\u00e1m ub\u00fada. V\u0161etci sa p\u00fdtaj\u00fa \u2013 bude dobr\u00e1 sez\u00f3na, nebude? Nad hlavnou sez\u00f3nou vis\u00ed mno\u017estvo","datePublished":"2019-05-25","dateModified":"2023-04-25","author":{"@type":"Person","@id":"https:\/\/www.spektra.sk\/author\/#Person","name":"","url":"https:\/\/www.spektra.sk\/author\/","identifier":1,"image":{"@type":"ImageObject","@id":"https:\/\/secure.gravatar.com\/avatar\/5667bceccdce92893bac6a7981a373152a8b3fa0ab99c198ba0ac0b49a934248?s=96&d=mm&r=g","url":"https:\/\/secure.gravatar.com\/avatar\/5667bceccdce92893bac6a7981a373152a8b3fa0ab99c198ba0ac0b49a934248?s=96&d=mm&r=g","height":96,"width":96}},"publisher":{"@type":"Organization","name":"spektra.sk","logo":{"@type":"ImageObject","@id":"\/logo.png","url":"\/logo.png","width":600,"height":60}},"image":{"@type":"ImageObject","@id":"https:\/\/www.spektra.sk\/wp-content\/uploads\/img_a302411_w16536_t1561393642.png","url":"https:\/\/www.spektra.sk\/wp-content\/uploads\/img_a302411_w16536_t1561393642.png","height":0,"width":0},"url":"https:\/\/www.spektra.sk\/demonstranti-a-dopyt-po-zajazdoch\/","wordCount":385,"articleBody":"Letn\u00e1 sez\u00f3na sa nezadr\u017eate\u013ene bl\u00ed\u017ei a\u00a0mno\u017estvo pon\u00fakan\u00fdch z\u00e1jazdov jednotliv\u00fdm cestovn\u00fdm kancel\u00e1ri\u00e1m ub\u00fada. V\u0161etci sa p\u00fdtaj\u00fa \u2013 bude dobr\u00e1 sez\u00f3na, nebude? Nad hlavnou sez\u00f3nou vis\u00ed mno\u017estvo ot\u00e1znikov najm\u00e4 z\u00a0h\u013eadiska uzemnen\u00fdch lietadiel typu Boeing 737 Max. Okrem toho v\u0161etky v\u00fdkyvy mien, n\u00e1silnosti, nepr\u00e1vosti i\u00a0nepriazniv\u00e1 ekonomick\u00e1 situ\u00e1cia vpl\u00fdvaj\u00fa na ochotu spotrebite\u013eov kupova\u0165 z\u00e1jazdy do tej ktorej destin\u00e1cii. Pam\u00e4t\u00e1te si v\u0161ak e\u0161te na pr\u00edpad, ktor\u00fd sa odohral takmer pred 20 rokmi a\u00a0bol jedn\u00fdm z\u00a0raritn\u00fdch? V\u00a0susednej \u010ceskej republike toti\u017e demon\u0161tranti nechcene sp\u00f4sobili, \u017ee dopyt po zahrani\u010dn\u00fdch z\u00e1jazdoch v\u00a0septembri roku 2000 rap\u00eddne st\u00fapol. Ako je to mo\u017en\u00e9?\u0160kolsk\u00e1 doch\u00e1dzka nepust\u00ed. V\u00a0na\u0161ich kon\u010din\u00e1ch je to u\u017e proste tak \u2013 v\u00a0septembri sa ide do \u0161koly. Preto ak chc\u00fa rodi\u010dia ratolest\u00ed vyu\u017ei\u0165 vo\u013en\u00e9 dni na str\u00e1venie pekn\u00fdch letn\u00fdch dn\u00ed v\u00a0zahrani\u010d\u00ed, treba tak urobi\u0165 po\u010das letn\u00fdch mesiacov. V\u00a0opa\u010dnom pr\u00edpade u\u017e na to nebude \u010das, \u0161kolsk\u00e1 doch\u00e1dzka je ne\u00faprosn\u00e1. Raritn\u00fd pr\u00edpad v\u0161ak za\u017eili v\u00a0susednej \u010ceskej republike. T\u00fdm sa len potvrdilo, \u017ee v\u0161etko naozaj so v\u0161etk\u00fdm s\u00favis\u00ed. V\u00a0septembri roku 2000 sa konali zasadnutia dvoch d\u00f4le\u017eit\u00fdch medzin\u00e1rodn\u00fdch in\u0161tit\u00faci\u00ed \u2013 Medzin\u00e1rodn\u00e9ho menov\u00e9ho fondu a\u00a0Svetovej banky. Okrem zasadnut\u00ed v\u0161ak boli vyhl\u00e1sen\u00e9 i\u00a0demon\u0161tr\u00e1cie odporcov, ktor\u00ed sa dohodli na demon\u0161tr\u00e1cii proti globaliz\u00e1cii.Na z\u00e1klade tohto popudu Ministerstvo \u0161kolstva vyhl\u00e1silo mimoriadne t\u00fd\u017edenn\u00e9 pr\u00e1zdniny, a\u00a0preto sa mno\u017estvo obyvate\u013eov mesta Prahy jednoducho rozhodlo z\u00a0mesta vycestova\u0165. Cestovn\u00e9 kancel\u00e1rie hl\u00e1sili neo\u010dak\u00e1van\u00e9 stavy n\u00e1poru klientov a\u00a0vypredali z\u00e1jazdy. V\u00a0na\u0161ich kon\u010din\u00e1ch je toto ve\u013emi nezvy\u010dajn\u00e9 a\u00a0ur\u010dite by ich ani len nenapadlo, \u017ee ohlasovan\u00e9 demon\u0161tr\u00e1cie im takto naplnia vreck\u00e1.\u00a0 I\u00a0preto sa oplat\u00ed sledova\u0165 ak\u00fdko\u013evek popud, aj ten negat\u00edvny. Nikde toti\u017e nie je nap\u00edsan\u00e9, \u017ee negat\u00edvne spr\u00e1vy nesp\u00f4sobia pr\u00e1ve opa\u010dn\u00fd efekt.                                                                                                                                                                                                                                                                                                                                                                                        4.1\/5 - (7 votes)        "},{"@context":"https:\/\/schema.org\/","@type":"BreadcrumbList","itemListElement":[{"@type":"ListItem","position":1,"name":"Demon\u0161tranti a dopyt po z\u00e1jazdoch","item":"https:\/\/www.spektra.sk\/demonstranti-a-dopyt-po-zajazdoch\/#breadcrumbitem"}]}]