{"@context":"https:\/\/schema.org\/","@type":"CollectionPage","@id":"https:\/\/www.spektra.sk\/elektro\/#CollectionPage","headline":"Elektro Category","description":"","url":"https:\/\/www.spektra.sk\/elektro\/","hasPart":[{"@type":"Article","@id":"https:\/\/www.spektra.sk\/je-znamy-datum-vydania-projektu-scarlett\/","headline":"Je zn\u00e1my d\u00e1tum vydania Projektu Scarlett","url":"https:\/\/www.spektra.sk\/je-znamy-datum-vydania-projektu-scarlett\/","datePublished":"2019-11-10","dateModified":"2023-04-25","mainEntityOfPage":"https:\/\/www.spektra.sk\/je-znamy-datum-vydania-projektu-scarlett\/","author":{"@type":"Person","@id":"https:\/\/www.spektra.sk\/author\/#Person","name":"","url":"https:\/\/www.spektra.sk\/author\/","identifier":1,"image":{"@type":"ImageObject","@id":"https:\/\/secure.gravatar.com\/avatar\/5667bceccdce92893bac6a7981a373152a8b3fa0ab99c198ba0ac0b49a934248?s=96&d=mm&r=g","url":"https:\/\/secure.gravatar.com\/avatar\/5667bceccdce92893bac6a7981a373152a8b3fa0ab99c198ba0ac0b49a934248?s=96&d=mm&r=g","height":96,"width":96}},"publisher":{"@type":"Organization","name":"spektra.sk","logo":{"@type":"ImageObject","@id":"\/logo.png","url":"\/logo.png","width":600,"height":60}},"image":{"@type":"ImageObject","@id":"https:\/\/www.spektra.sk\/wp-content\/uploads\/img_a308303_w16645_t1574440650.jpg","url":"https:\/\/www.spektra.sk\/wp-content\/uploads\/img_a308303_w16645_t1574440650.jpg","height":0,"width":0},"keywords":null},{"@type":"Article","@id":"https:\/\/www.spektra.sk\/kam-patri-nepotrebna-elektronika\/","headline":"Kam patr\u00ed nepotrebn\u00e1 elektronika","url":"https:\/\/www.spektra.sk\/kam-patri-nepotrebna-elektronika\/","datePublished":"2019-10-27","dateModified":"2023-04-25","mainEntityOfPage":"https:\/\/www.spektra.sk\/kam-patri-nepotrebna-elektronika\/","author":{"@type":"Person","@id":"https:\/\/www.spektra.sk\/author\/#Person","name":"","url":"https:\/\/www.spektra.sk\/author\/","identifier":1,"image":{"@type":"ImageObject","@id":"https:\/\/secure.gravatar.com\/avatar\/5667bceccdce92893bac6a7981a373152a8b3fa0ab99c198ba0ac0b49a934248?s=96&d=mm&r=g","url":"https:\/\/secure.gravatar.com\/avatar\/5667bceccdce92893bac6a7981a373152a8b3fa0ab99c198ba0ac0b49a934248?s=96&d=mm&r=g","height":96,"width":96}},"publisher":{"@type":"Organization","name":"spektra.sk","logo":{"@type":"ImageObject","@id":"\/logo.png","url":"\/logo.png","width":600,"height":60}},"image":{"@type":"ImageObject","@id":"https:\/\/www.spektra.sk\/wp-content\/uploads\/img_a307701_w16764_t1572192253.jpg","url":"https:\/\/www.spektra.sk\/wp-content\/uploads\/img_a307701_w16764_t1572192253.jpg","height":0,"width":0},"keywords":null},{"@type":"Article","@id":"https:\/\/www.spektra.sk\/stopovacie-zariadenie-firmy-invoxia-ochrani-vas-bicykel-pred-kradezou\/","headline":"Stopovacie zariadenie firmy Invoxia ochr\u00e1ni v\u00e1\u0161 bicykel pred kr\u00e1de\u017eou","url":"https:\/\/www.spektra.sk\/stopovacie-zariadenie-firmy-invoxia-ochrani-vas-bicykel-pred-kradezou\/","datePublished":"2019-10-02","dateModified":"2023-04-25","mainEntityOfPage":"https:\/\/www.spektra.sk\/stopovacie-zariadenie-firmy-invoxia-ochrani-vas-bicykel-pred-kradezou\/","author":{"@type":"Person","@id":"https:\/\/www.spektra.sk\/author\/#Person","name":"","url":"https:\/\/www.spektra.sk\/author\/","identifier":1,"image":{"@type":"ImageObject","@id":"https:\/\/secure.gravatar.com\/avatar\/5667bceccdce92893bac6a7981a373152a8b3fa0ab99c198ba0ac0b49a934248?s=96&d=mm&r=g","url":"https:\/\/secure.gravatar.com\/avatar\/5667bceccdce92893bac6a7981a373152a8b3fa0ab99c198ba0ac0b49a934248?s=96&d=mm&r=g","height":96,"width":96}},"publisher":{"@type":"Organization","name":"spektra.sk","logo":{"@type":"ImageObject","@id":"\/logo.png","url":"\/logo.png","width":600,"height":60}},"image":{"@type":"ImageObject","@id":"https:\/\/www.spektra.sk\/wp-content\/uploads\/img_a307540_w16796_t1571850093.jpg","url":"https:\/\/www.spektra.sk\/wp-content\/uploads\/img_a307540_w16796_t1571850093.jpg","height":0,"width":0},"keywords":null},{"@type":"Article","@id":"https:\/\/www.spektra.sk\/prezident-spolocnosti-microsoft-usiluje-o-ukoncenie-americkeho-technologickeho-zakazu\/","headline":"Prezident spolo\u010dnosti Microsoft usiluje o ukon\u010denie americk\u00e9ho technologick\u00e9ho z\u00e1kazu","url":"https:\/\/www.spektra.sk\/prezident-spolocnosti-microsoft-usiluje-o-ukoncenie-americkeho-technologickeho-zakazu\/","datePublished":"2019-08-09","dateModified":"2023-04-25","mainEntityOfPage":"https:\/\/www.spektra.sk\/prezident-spolocnosti-microsoft-usiluje-o-ukoncenie-americkeho-technologickeho-zakazu\/","author":{"@type":"Person","@id":"https:\/\/www.spektra.sk\/author\/#Person","name":"","url":"https:\/\/www.spektra.sk\/author\/","identifier":1,"image":{"@type":"ImageObject","@id":"https:\/\/secure.gravatar.com\/avatar\/5667bceccdce92893bac6a7981a373152a8b3fa0ab99c198ba0ac0b49a934248?s=96&d=mm&r=g","url":"https:\/\/secure.gravatar.com\/avatar\/5667bceccdce92893bac6a7981a373152a8b3fa0ab99c198ba0ac0b49a934248?s=96&d=mm&r=g","height":96,"width":96}},"publisher":{"@type":"Organization","name":"spektra.sk","logo":{"@type":"ImageObject","@id":"\/logo.png","url":"\/logo.png","width":600,"height":60}},"image":{"@type":"ImageObject","@id":"https:\/\/www.spektra.sk\/wp-content\/uploads\/img_a306766_w16796_t1569245735.jpg","url":"https:\/\/www.spektra.sk\/wp-content\/uploads\/img_a306766_w16796_t1569245735.jpg","height":0,"width":0},"keywords":null},{"@type":"Article","@id":"https:\/\/www.spektra.sk\/ako-si-spravne-vybrat-elektricku-kolobezku\/","headline":"Ako si spr\u00e1vne vybra\u0165 elektrick\u00fa kolobe\u017eku?","url":"https:\/\/www.spektra.sk\/ako-si-spravne-vybrat-elektricku-kolobezku\/","datePublished":"2019-08-05","dateModified":"2023-04-25","mainEntityOfPage":"https:\/\/www.spektra.sk\/ako-si-spravne-vybrat-elektricku-kolobezku\/","author":{"@type":"Person","@id":"https:\/\/www.spektra.sk\/author\/#Person","name":"","url":"https:\/\/www.spektra.sk\/author\/","identifier":1,"image":{"@type":"ImageObject","@id":"https:\/\/secure.gravatar.com\/avatar\/5667bceccdce92893bac6a7981a373152a8b3fa0ab99c198ba0ac0b49a934248?s=96&d=mm&r=g","url":"https:\/\/secure.gravatar.com\/avatar\/5667bceccdce92893bac6a7981a373152a8b3fa0ab99c198ba0ac0b49a934248?s=96&d=mm&r=g","height":96,"width":96}},"publisher":{"@type":"Organization","name":"spektra.sk","logo":{"@type":"ImageObject","@id":"\/logo.png","url":"\/logo.png","width":600,"height":60}},"image":{"@type":"ImageObject","@id":"https:\/\/www.spektra.sk\/wp-content\/uploads\/img_a306800_w16764_t1569250319.png","url":"https:\/\/www.spektra.sk\/wp-content\/uploads\/img_a306800_w16764_t1569250319.png","height":0,"width":0},"keywords":null},{"@type":"Article","@id":"https:\/\/www.spektra.sk\/kde-jedavate\/","headline":"Kde jed\u00e1vate?","url":"https:\/\/www.spektra.sk\/kde-jedavate\/","datePublished":"2019-02-10","dateModified":"2023-04-25","mainEntityOfPage":"https:\/\/www.spektra.sk\/kde-jedavate\/","author":{"@type":"Person","@id":"https:\/\/www.spektra.sk\/author\/#Person","name":"","url":"https:\/\/www.spektra.sk\/author\/","identifier":1,"image":{"@type":"ImageObject","@id":"https:\/\/secure.gravatar.com\/avatar\/5667bceccdce92893bac6a7981a373152a8b3fa0ab99c198ba0ac0b49a934248?s=96&d=mm&r=g","url":"https:\/\/secure.gravatar.com\/avatar\/5667bceccdce92893bac6a7981a373152a8b3fa0ab99c198ba0ac0b49a934248?s=96&d=mm&r=g","height":96,"width":96}},"publisher":{"@type":"Organization","name":"spektra.sk","logo":{"@type":"ImageObject","@id":"\/logo.png","url":"\/logo.png","width":600,"height":60}},"image":{"@type":"ImageObject","@id":"https:\/\/www.spektra.sk\/wp-content\/uploads\/img_a297695_w16624_t1552295313.jpg","url":"https:\/\/www.spektra.sk\/wp-content\/uploads\/img_a297695_w16624_t1552295313.jpg","height":0,"width":0},"keywords":null},{"@type":"Article","@id":"https:\/\/www.spektra.sk\/zeny-kila-zhadzuju-tazsie\/","headline":"\u017deny kil\u00e1 zhadzuj\u00fa \u0165a\u017e\u0161ie","url":"https:\/\/www.spektra.sk\/zeny-kila-zhadzuju-tazsie\/","datePublished":"2018-10-07","dateModified":"2023-04-25","mainEntityOfPage":"https:\/\/www.spektra.sk\/zeny-kila-zhadzuju-tazsie\/","author":{"@type":"Person","@id":"https:\/\/www.spektra.sk\/author\/#Person","name":"","url":"https:\/\/www.spektra.sk\/author\/","identifier":1,"image":{"@type":"ImageObject","@id":"https:\/\/secure.gravatar.com\/avatar\/5667bceccdce92893bac6a7981a373152a8b3fa0ab99c198ba0ac0b49a934248?s=96&d=mm&r=g","url":"https:\/\/secure.gravatar.com\/avatar\/5667bceccdce92893bac6a7981a373152a8b3fa0ab99c198ba0ac0b49a934248?s=96&d=mm&r=g","height":96,"width":96}},"publisher":{"@type":"Organization","name":"spektra.sk","logo":{"@type":"ImageObject","@id":"\/logo.png","url":"\/logo.png","width":600,"height":60}},"image":{"@type":"ImageObject","@id":"https:\/\/www.spektra.sk\/wp-content\/uploads\/img_a292560_w16509_t1540808676.jpg","url":"https:\/\/www.spektra.sk\/wp-content\/uploads\/img_a292560_w16509_t1540808676.jpg","height":0,"width":0},"keywords":null},{"@type":"Article","@id":"https:\/\/www.spektra.sk\/dajte-len-na-svoj-nazor\/","headline":"Dajte len na svoj n\u00e1zor","url":"https:\/\/www.spektra.sk\/dajte-len-na-svoj-nazor\/","datePublished":"2018-07-05","dateModified":"2023-04-25","mainEntityOfPage":"https:\/\/www.spektra.sk\/dajte-len-na-svoj-nazor\/","author":{"@type":"Person","@id":"https:\/\/www.spektra.sk\/author\/#Person","name":"","url":"https:\/\/www.spektra.sk\/author\/","identifier":1,"image":{"@type":"ImageObject","@id":"https:\/\/secure.gravatar.com\/avatar\/5667bceccdce92893bac6a7981a373152a8b3fa0ab99c198ba0ac0b49a934248?s=96&d=mm&r=g","url":"https:\/\/secure.gravatar.com\/avatar\/5667bceccdce92893bac6a7981a373152a8b3fa0ab99c198ba0ac0b49a934248?s=96&d=mm&r=g","height":96,"width":96}},"publisher":{"@type":"Organization","name":"spektra.sk","logo":{"@type":"ImageObject","@id":"\/logo.png","url":"\/logo.png","width":600,"height":60}},"image":{"@type":"ImageObject","@id":"https:\/\/www.spektra.sk\/wp-content\/uploads\/img_a290821_w16509_t1536146867.jpg","url":"https:\/\/www.spektra.sk\/wp-content\/uploads\/img_a290821_w16509_t1536146867.jpg","height":0,"width":0},"keywords":null},{"@type":"Article","@id":"https:\/\/www.spektra.sk\/efektivna-viagra-pre-zeny-mytus-alebo-realita\/","headline":"Efekt\u00edvna viagra pre \u017eeny. M\u00fdtus alebo realita?","url":"https:\/\/www.spektra.sk\/efektivna-viagra-pre-zeny-mytus-alebo-realita\/","datePublished":"2018-05-23","dateModified":"2023-04-25","mainEntityOfPage":"https:\/\/www.spektra.sk\/efektivna-viagra-pre-zeny-mytus-alebo-realita\/","author":{"@type":"Person","@id":"https:\/\/www.spektra.sk\/author\/#Person","name":"","url":"https:\/\/www.spektra.sk\/author\/","identifier":1,"image":{"@type":"ImageObject","@id":"https:\/\/secure.gravatar.com\/avatar\/5667bceccdce92893bac6a7981a373152a8b3fa0ab99c198ba0ac0b49a934248?s=96&d=mm&r=g","url":"https:\/\/secure.gravatar.com\/avatar\/5667bceccdce92893bac6a7981a373152a8b3fa0ab99c198ba0ac0b49a934248?s=96&d=mm&r=g","height":96,"width":96}},"publisher":{"@type":"Organization","name":"spektra.sk","logo":{"@type":"ImageObject","@id":"\/logo.png","url":"\/logo.png","width":600,"height":60}},"image":{"@type":"ImageObject","@id":"https:\/\/www.spektra.sk\/wp-content\/uploads\/img_a288646_w16506_t1529400365.jpg","url":"https:\/\/www.spektra.sk\/wp-content\/uploads\/img_a288646_w16506_t1529400365.jpg","height":0,"width":0},"keywords":null},{"@type":"Article","@id":"https:\/\/www.spektra.sk\/nebojte-sa-riesit-problemy\/","headline":"Nebojte sa rie\u0161i\u0165 probl\u00e9my","url":"https:\/\/www.spektra.sk\/nebojte-sa-riesit-problemy\/","datePublished":"2018-05-17","dateModified":"2023-04-25","mainEntityOfPage":"https:\/\/www.spektra.sk\/nebojte-sa-riesit-problemy\/","author":{"@type":"Person","@id":"https:\/\/www.spektra.sk\/author\/#Person","name":"","url":"https:\/\/www.spektra.sk\/author\/","identifier":1,"image":{"@type":"ImageObject","@id":"https:\/\/secure.gravatar.com\/avatar\/5667bceccdce92893bac6a7981a373152a8b3fa0ab99c198ba0ac0b49a934248?s=96&d=mm&r=g","url":"https:\/\/secure.gravatar.com\/avatar\/5667bceccdce92893bac6a7981a373152a8b3fa0ab99c198ba0ac0b49a934248?s=96&d=mm&r=g","height":96,"width":96}},"publisher":{"@type":"Organization","name":"spektra.sk","logo":{"@type":"ImageObject","@id":"\/logo.png","url":"\/logo.png","width":600,"height":60}},"image":{"@type":"ImageObject","@id":"https:\/\/www.spektra.sk\/wp-content\/uploads\/img_a288643_w16510_t1529400122.jpg","url":"https:\/\/www.spektra.sk\/wp-content\/uploads\/img_a288643_w16510_t1529400122.jpg","height":0,"width":0},"keywords":null}]}