[{"@context":"https:\/\/schema.org\/","@type":"Article","@id":"https:\/\/www.spektra.sk\/hladate-nieco-medzi\/#Article","mainEntityOfPage":"https:\/\/www.spektra.sk\/hladate-nieco-medzi\/","headline":"H\u013ead\u00e1te nie\u010do medzi?","name":"H\u013ead\u00e1te nie\u010do medzi?","description":"Dennodenne sa \u013eudia premiest\u0148uj\u00fa z miesta na miesto. Id\u00fa ka\u017ed\u00fd de\u0148 do pr\u00e1ce, id\u00fa do \u0161koly, id\u00fa na intern\u00e1t, jedin\u00e9, \u010do robia je, \u017ee sa","datePublished":"2017-08-17","dateModified":"2023-09-10","author":{"@type":"Person","@id":"https:\/\/www.spektra.sk\/author\/#Person","name":"","url":"https:\/\/www.spektra.sk\/author\/","identifier":1,"image":{"@type":"ImageObject","@id":"https:\/\/secure.gravatar.com\/avatar\/5667bceccdce92893bac6a7981a373152a8b3fa0ab99c198ba0ac0b49a934248?s=96&d=mm&r=g","url":"https:\/\/secure.gravatar.com\/avatar\/5667bceccdce92893bac6a7981a373152a8b3fa0ab99c198ba0ac0b49a934248?s=96&d=mm&r=g","height":96,"width":96}},"publisher":{"@type":"Organization","name":"spektra.sk","logo":{"@type":"ImageObject","@id":"\/logo.png","url":"\/logo.png","width":600,"height":60}},"image":{"@type":"ImageObject","@id":"https:\/\/www.spektra.sk\/wp-content\/uploads\/img_a282937_w2010_t1508233021.jpg","url":"https:\/\/www.spektra.sk\/wp-content\/uploads\/img_a282937_w2010_t1508233021.jpg","height":0,"width":0},"url":"https:\/\/www.spektra.sk\/hladate-nieco-medzi\/","wordCount":412,"articleBody":"           Dennodenne sa \u013eudia premiest\u0148uj\u00fa z miesta na miesto. Id\u00fa ka\u017ed\u00fd de\u0148 do pr\u00e1ce, id\u00fa do \u0161koly, id\u00fa na intern\u00e1t, jedin\u00e9, \u010do robia je, \u017ee sa vkuse preh\u00e1\u0148aj\u00fa z jedn\u00e9ho miesta na druh\u00e9. Pr\u00edjemnej\u0161ou alternat\u00edvou je premiest\u0148ovanie sa na miesto, ktor\u00e9 je kr\u00e1sne, slne\u010dn\u00e9, tepl\u00e9 a zav\u00e1\u0148a letom. Aj tak\u00e1 dovolenka je v\u0161ak len \u010fal\u0161ou medzizast\u00e1vkou. Ka\u017ed\u00fd, kto niekam ide potrebuje nie\u010do viac, ako len pr\u00e1zdne vreck\u00e1, do ktor\u00fdch d\u00e1 mobil a pe\u0148a\u017eenku. \u013dudia potrebuj\u00fa nie\u010do, v \u010dom si bud\u00fa m\u00f4c\u0165 svoje veci bra\u0165 so sebou.Nie je to kabelka Kabelka je v\u00e4\u010d\u0161inou len dizajnov\u00fd doplnok, do ktor\u00e9ho sa re\u00e1lne nikdy ned\u00e1 vlo\u017ei\u0165 ni\u010d poriadne. Bu\u010f je naozaj obrovsk\u00e1, ale nepraktick\u00e1, preto\u017ee sa do nej priam boj\u00edte ulo\u017ei\u0165 nie\u010do \u0165a\u017e\u0161ie, aby sa n\u00e1hodou neroztrhla. V takom pr\u00edpade do nej v\u00e4\u010d\u0161inou napch\u00e1te len sveter alebo \u0161atku, aby vyzerala aspo\u0148 tro\u0161ku plno. Dizajnov\u00fd k\u00fasok je predsa dizajnov\u00fd k\u00fasok, no nie? Aj ke\u010f na chodenie hore-dolu ur\u010dite praktick\u00e1 nie je, hlavne preto, \u017ee sa ned\u00e1 skombinova\u0165 \u00faplne so v\u0161etk\u00fdm.Nie je to kufor Do kufra s\u00edce d\u00e1te v\u0161etky veci, ktor\u00e9 potrebujete, ale povedzme si \u00faprimne. Je skuto\u010dne pr\u00edli\u0161 a zbyto\u010dne ve\u013ek\u00fd. Jedin\u00e9, \u010do to rob\u00ed je, \u017ee v\u00e1s n\u00fati bra\u0165 so sebou st\u00e1le viac a viac vec\u00ed, a\u017e je to niekedy neuverite\u013en\u00e9. Vy si predsa so sebou to\u013eko vec\u00ed bra\u0165 nechcete, no nie? Okrem toho, ak potrebujete cel\u00fd de\u0148 chodi\u0165 po meste, s kufrom sa v\u00e1m to bude robi\u0165 len naozaj ve\u013emi \u0165a\u017eko. Pam\u00e4tajte na to, \u017ee lep\u0161ie bez neho ako s n\u00edm.Najide\u00e1lnej\u0161ie pre ka\u017ed\u00e9ho s\u00fa&#8230; Chv\u00ed\u013eka nap\u00e4tia pre cestovn\u00e9 ta\u0161ky. Pr\u00e1ve v\u010faka nim sa budete m\u00f4c\u0165 premiest\u0148ova\u0165 a beha\u0165 kamko\u013evek chcete. S\u00fa vhodn\u00e9 aj na be\u017en\u00e9 nosenie, no okrem toho s\u00fa skuto\u010dne perfektn\u00e9 aj do lietadla ako pr\u00edru\u010dn\u00e1 bato\u017eina. \u010eal\u0161ou ve\u013ekou v\u00fdhodou okrem ve\u013ekosti je aj ich univerz\u00e1lnos\u0165. Nez\u00e1le\u017e\u00ed na tom \u010di m\u00e1te kab\u00e1t, alebo hrub\u00fa bundu \u010di ko\u017eenku, st\u00e1le si ju m\u00f4\u017eete zobra\u0165 so sebou a nebudete vyzera\u0165 hl\u00fapo a divne.                                                                                                                                                                                                                                                                                                                                                                                          4.5\/5 - (6 votes)        "},{"@context":"https:\/\/schema.org\/","@type":"BreadcrumbList","itemListElement":[{"@type":"ListItem","position":1,"name":"H\u013ead\u00e1te nie\u010do medzi?","item":"https:\/\/www.spektra.sk\/hladate-nieco-medzi\/#breadcrumbitem"}]}]