[{"@context":"https:\/\/schema.org\/","@type":"Article","@id":"https:\/\/www.spektra.sk\/je-krasa-naozaj-vsetko\/#Article","mainEntityOfPage":"https:\/\/www.spektra.sk\/je-krasa-naozaj-vsetko\/","headline":"Je kr\u00e1sa naozaj v\u0161etko?","name":"Je kr\u00e1sa naozaj v\u0161etko?","description":"Asi ka\u017ed\u00e1 \u017eena si u\u017e niekedy polo\u017eila t\u00fato ot\u00e1zku. A\u00a0asi si ju poklad\u00e1\u0161 aj ty ke\u010f \u010d\u00edta\u0161 tento \u010dl\u00e1nok. Je n\u00e1m pokladan\u00e1 t\u00e1to ot\u00e1zka naozaj","datePublished":"2025-02-24","dateModified":"2023-04-25","author":{"@type":"Person","@id":"https:\/\/www.spektra.sk\/author\/#Person","name":"","url":"https:\/\/www.spektra.sk\/author\/","identifier":1,"image":{"@type":"ImageObject","@id":"https:\/\/secure.gravatar.com\/avatar\/5667bceccdce92893bac6a7981a373152a8b3fa0ab99c198ba0ac0b49a934248?s=96&d=mm&r=g","url":"https:\/\/secure.gravatar.com\/avatar\/5667bceccdce92893bac6a7981a373152a8b3fa0ab99c198ba0ac0b49a934248?s=96&d=mm&r=g","height":96,"width":96}},"publisher":{"@type":"Organization","name":"spektra.sk","logo":{"@type":"ImageObject","@id":"\/logo.png","url":"\/logo.png","width":600,"height":60}},"image":{"@type":"ImageObject","@id":"https:\/\/www.spektra.sk\/wp-content\/uploads\/img_a299376_w16547_t1555499649.jpg","url":"https:\/\/www.spektra.sk\/wp-content\/uploads\/img_a299376_w16547_t1555499649.jpg","height":0,"width":0},"url":"https:\/\/www.spektra.sk\/je-krasa-naozaj-vsetko\/","wordCount":437,"articleBody":"Asi ka\u017ed\u00e1 \u017eena si u\u017e niekedy polo\u017eila t\u00fato ot\u00e1zku. A\u00a0asi si ju poklad\u00e1\u0161 aj ty ke\u010f \u010d\u00edta\u0161 tento \u010dl\u00e1nok. Je n\u00e1m pokladan\u00e1 t\u00e1to ot\u00e1zka naozaj v\u0161ade a\u00a0odpove\u010f je tie\u017e nap\u00edsan\u00e1 a\u00a0evokovan\u00e1 v\u0161ade = NIE. Kr\u00e1sa nie je v\u0161etko&#8230; D\u00f4le\u017eit\u00e1 je vn\u00fatorn\u00e1 kr\u00e1sa&#8230; Ale je to naozaj tak? N\u00e1m \u013eu\u010fom je do hl\u00e1v v\u0161tepovan\u00fd \u013eudsk\u00fd ide\u00e1l kr\u00e1sy. Mlad\u00e9, chud\u00e9 \u017eeny, ktor\u00e9 maj\u00fa oble\u010den\u00e9 v\u017edy najnov\u0161ie k\u00fasky m\u00f3dy (aj ke\u010f t\u00e1 m\u00f3da je niekedy naozaj otrasn\u00e1 a\u00a0nepraktick\u00e1 \u2013 t\u00fdm mysl\u00edm trend vyhrnut\u00fdch d\u017e\u00ednsov a\u00a0kotn\u00edkov\u00fdch pono\u017eiek v\u00a0zime -10 stup\u0148ov, ktor\u00fd sa tu dr\u017e\u00ed doteraz) \u017deny a\u00a0predov\u0161etk\u00fdm diev\u010dat\u00e1 pre kr\u00e1su musia niekedy a\u017e pr\u00edli\u0161 trpie\u0165.\u017densk\u00e1 postava je naozaj \u0161pecifick\u00e1 a\u00a0ka\u017ed\u00e1 je in\u00e1. Nie v\u0161etky \u017eeny maj\u00fa chud\u00e9 nohy, hoc sa m\u00f4\u017eu sna\u017ei\u0165 schudn\u00fa\u0165 ako chc\u00fa. Potom ni\u010d nejedia, odpad\u00e1vaj\u00fa, vypad\u00e1vaj\u00fa im vlasy, nechty a\u017e to z\u00e1jde k\u00a0zn\u00e1mej\u00a0 chorobe, ktor\u00fa pre\u017eije zo 7 \u017eien len 1 \u2013 anorexi\u00ed.\u017deny, ktor\u00e9 si nepr\u00eddu pekn\u00e9 sa chc\u00fa skr\u00e1\u0161li\u0165 umelo, za pomoci plastickej chirurgie. Ka\u017ed\u00fdm rokom m\u00e1vaj\u00fa tieto kliniky zv\u00fd\u0161en\u00fd po\u010det pacientiek, ba dokonca pacientov.\u00a0 \u017deny predov\u0161etk\u00fdm tr\u00e1pia mal\u00e9 prsia, ochabuj\u00face a\u00a0poklesnut\u00e9 tkanivo (to u\u017e sk\u00f4r star\u0161ie \u017eeny), alebo odst\u00e1vaj\u00face u\u0161i (ke\u010f\u017ee ide o\u00a0vroden\u00fa vadu, je mo\u017en\u00e9 t\u00fato oper\u00e1ciu vykon\u00e1va\u0165 aj v\u00a0ni\u017e\u0161om veku).Kr\u00e1sa ma ve\u013ea spolo\u010dn\u00e9 so sebavedom\u00edm. Hovor\u00ed sa, \u017ee \u013eudia , ktor\u00ed si pripadaj\u00fa kr\u00e1sni, s\u00fa spokojnej\u0161\u00ed, \u00faspe\u0161nej\u0161\u00ed. Kr\u00e1su ale niektor\u00ed \u013eudia aj zneu\u017e\u00edvaj\u00fa. N\u00fatia \u013eud\u00ed schudn\u00fa\u0165 cez ich predra\u017een\u00e9 str\u00e1nky. A\u00a0to si chce len \u010dlovek pozrie\u0165 nie\u010do v\u00a0telev\u00edzii. Preto nezab\u00fadajte, \u017ee ak chcete zmenu, zvl\u00e1dnete to aj bez tak\u00fdchto podnikate\u013eov.V\u00a0ka\u017edom pr\u00edpade, by si mali u\u017e niektor\u00ed \u013eudia uvedomi\u0165, \u017ee kr\u00e1sa vekom od\u00edde a\u00a0zostane len t\u00e1 vn\u00fatorn\u00e1 kr\u00e1sa. Preto nem\u00ed\u0148ajte peniaze na nejak\u00e9 plastick\u00e9 oper\u00e1cie, predra\u017een\u00e9 s\u00e9ra. \u013dudia v\u00e1s maj\u00fa radi tak\u00fdch, ak\u00fd ste. A\u00a0t\u00ed \u010do nie, tak\u00ed nemaj\u00fa ma\u0165 vo va\u0161om \u017eivote miesto. Rad\u0161ej popracujte na tej vn\u00fatornej kr\u00e1se. Bu\u010fte mil\u00fd, pr\u00edvetiv\u00fd k\u00a0\u013eu\u010fom a\u00a0zist\u00edte, \u017ee len tak spozn\u00e1te t\u00fdch spr\u00e1vnych \u013eud\u00ed.                                                                                                                                                                                                                                                                                                                                                                                        4.5\/5 - (6 votes)        "},{"@context":"https:\/\/schema.org\/","@type":"BreadcrumbList","itemListElement":[{"@type":"ListItem","position":1,"name":"Je kr\u00e1sa naozaj v\u0161etko?","item":"https:\/\/www.spektra.sk\/je-krasa-naozaj-vsetko\/#breadcrumbitem"}]}]