[{"@context":"https:\/\/schema.org\/","@type":"Article","@id":"https:\/\/www.spektra.sk\/kde-jedavate\/#Article","mainEntityOfPage":"https:\/\/www.spektra.sk\/kde-jedavate\/","headline":"Kde jed\u00e1vate?","name":"Kde jed\u00e1vate?","description":"Miesto, kde sa jed\u00e1va, by malo by\u0165 nie\u010d\u00edm \u0161peci\u00e1lne. Verte tomu, \u017ee si zasl\u00fa\u017ei pozornos\u0165, hoci mnoh\u00ed \u013eudia ho takmer v\u00f4bec nevyu\u017e\u00edvaj\u00fa, jedine vtedy, ke\u010f","datePublished":"2019-02-10","dateModified":"2023-04-25","author":{"@type":"Person","@id":"https:\/\/www.spektra.sk\/author\/#Person","name":"","url":"https:\/\/www.spektra.sk\/author\/","identifier":1,"image":{"@type":"ImageObject","@id":"https:\/\/secure.gravatar.com\/avatar\/5667bceccdce92893bac6a7981a373152a8b3fa0ab99c198ba0ac0b49a934248?s=96&d=mm&r=g","url":"https:\/\/secure.gravatar.com\/avatar\/5667bceccdce92893bac6a7981a373152a8b3fa0ab99c198ba0ac0b49a934248?s=96&d=mm&r=g","height":96,"width":96}},"publisher":{"@type":"Organization","name":"spektra.sk","logo":{"@type":"ImageObject","@id":"\/logo.png","url":"\/logo.png","width":600,"height":60}},"image":{"@type":"ImageObject","@id":"https:\/\/www.spektra.sk\/wp-content\/uploads\/img_a297695_w16624_t1552295313.jpg","url":"https:\/\/www.spektra.sk\/wp-content\/uploads\/img_a297695_w16624_t1552295313.jpg","height":0,"width":0},"url":"https:\/\/www.spektra.sk\/kde-jedavate\/","about":["Elektro"],"wordCount":404,"articleBody":" Miesto, kde sa jed\u00e1va, by malo by\u0165 nie\u010d\u00edm \u0161peci\u00e1lne. Verte tomu, \u017ee si zasl\u00fa\u017ei pozornos\u0165, hoci mnoh\u00ed \u013eudia ho takmer v\u00f4bec nevyu\u017e\u00edvaj\u00fa, jedine vtedy, ke\u010f ide o nie\u010do d\u00f4le\u017eit\u00e9, napr\u00edklad to, \u017ee sa chyst\u00e1 nejak\u00e1 \u0161peci\u00e1lna ve\u010dera alebo obed alebo nie\u010do \u00faplne in\u00e9. A aj ke\u010f by ste si to mo\u017eno takmer nikdy nepomysleli, je d\u00f4le\u017eit\u00e9, aby bolo v\u0161etko v najlep\u0161om poriadku. Preto je jasn\u00e9, \u017ee miesto, kde sa jed\u00e1va, si zasl\u00fa\u017ei \u0161peci\u00e1lnu miestnos\u0165. A \u010do to je? Samozrejme, \u017ee je to jasn\u00e9. Jed\u00e1le\u0148 a cel\u00fd jej zmysel sa ve\u013emi \u010dasto podce\u0148uj\u00fa, hoci by sa nemali. \u00c1no, \u010dlovek si nem\u00f4\u017ee by\u0165 nikdy ni\u010d\u00edm poriadne ist\u00fd, ale to e\u0161te st\u00e1le ni\u010d neznamen\u00e1, ke\u010f vie, ako by mal so v\u0161etk\u00fdm zato\u010di\u0165.Viete, ako by ste mali svoju miestnos\u0165 na jedenie \u010do najviac a najlep\u0161ie vylep\u0161i\u0165? Ve\u013emi jednoducho. Je to tak, ako keby ste vylep\u0161ovali ostatn\u00e9 miestnosti v dome, proste sa do toho opriete a d\u00e1te tam trochu seba. Tro\u0161ku mali\u010dkost\u00ed, aby bolo v\u0161etko naozaj kr\u00e1sne a dokonal\u00e9 a trochu zo v\u0161etk\u00e9ho, \u010do v\u00e1m mo\u017eno ch\u00fdbalo. Verte tomu, \u017ee je to ove\u013ea jednoduch\u0161ie, ako by ste si mysleli. Sta\u010dia nejak\u00e9 obrazy, nejak\u00e9 kvety a v\u0161etko m\u00f4\u017ee by\u0165 lep\u0161ie, ne\u017e by ste si kedy pomysleli. Naozaj je to jednoduch\u00e9, mus\u00edte len proste chcie\u0165, aby to tak bolo. Radi v tej miestnosti tr\u00e1vte \u010das. Urobte z toho \u010dasu nie\u010do \u0161peci\u00e1lne a te\u0161te sa z toho, \u010do ste vymysleli. Sk\u00faste da\u0165 do nej k\u00fasok seba. Sta\u010d\u00ed len, ke\u010f budete pozera\u0165 na veci, ktor\u00e9 s\u00fa pre v\u00e1s najlep\u0161ie, ka\u017ed\u00e1 jedna drobnos\u0165 to proste vylep\u0161\u00ed tak, ako si neviete predstavi\u0165. Nebojte sa sk\u00fa\u0161a\u0165 nov\u00e9 veci, a to sa t\u00fdka aj jedla. Jedl\u00e1 s\u00fa nie\u010do, \u010do je pre v\u00e1s to najlep\u0161ie, hoci by ste to mo\u017eno nikdy predt\u00fdm ne\u010dakali. Mo\u017eno neviete, \u010do sk\u00f4r, ale dobr\u00e9 jedlo by ste si mali vedie\u0165 naozaj v\u017edy vychutna\u0165. Nikomu nezakazujte, aby tam bol. \u017de je to pre zvl\u00e1\u0161tne pr\u00edle\u017eitosti? Tak si tak\u00fa urobte dnes ve\u010der a uvid\u00edte sami.                                                                                                                                                                                                                                                                                                                                                                                         4.3\/5 - (10 votes)        "},{"@context":"https:\/\/schema.org\/","@type":"BreadcrumbList","itemListElement":[{"@type":"ListItem","position":1,"name":"Kde jed\u00e1vate?","item":"https:\/\/www.spektra.sk\/kde-jedavate\/#breadcrumbitem"}]}]