[{"@context":"https:\/\/schema.org\/","@type":"Article","@id":"https:\/\/www.spektra.sk\/krasa-potesi-oko-aj-dusu\/#Article","mainEntityOfPage":"https:\/\/www.spektra.sk\/krasa-potesi-oko-aj-dusu\/","headline":"Kr\u00e1sa pote\u0161\u00ed oko, aj du\u0161u","name":"Kr\u00e1sa pote\u0161\u00ed oko, aj du\u0161u","description":"Na ka\u017edom k\u00fasku zeme na\u0161ej kr\u00e1snej vlasti, ale aj celej zemeguli sa d\u00e1 n\u00e1js\u0165 KR\u00c1SA. Je skryt\u00e1 vo v\u0161etk\u00fdch drobnostiach \u017eivota. Cestou vlakom m\u00f4\u017eete sledova\u0165","datePublished":"2017-09-19","dateModified":"2023-04-25","author":{"@type":"Person","@id":"https:\/\/www.spektra.sk\/author\/#Person","name":"","url":"https:\/\/www.spektra.sk\/author\/","identifier":1,"image":{"@type":"ImageObject","@id":"https:\/\/secure.gravatar.com\/avatar\/5667bceccdce92893bac6a7981a373152a8b3fa0ab99c198ba0ac0b49a934248?s=96&d=mm&r=g","url":"https:\/\/secure.gravatar.com\/avatar\/5667bceccdce92893bac6a7981a373152a8b3fa0ab99c198ba0ac0b49a934248?s=96&d=mm&r=g","height":96,"width":96}},"publisher":{"@type":"Organization","name":"spektra.sk","logo":{"@type":"ImageObject","@id":"\/logo.png","url":"\/logo.png","width":600,"height":60}},"image":{"@type":"ImageObject","@id":"https:\/\/www.spektra.sk\/wp-content\/uploads\/img_a283273_w2042_t1511110540.jpg","url":"https:\/\/www.spektra.sk\/wp-content\/uploads\/img_a283273_w2042_t1511110540.jpg","height":0,"width":0},"url":"https:\/\/www.spektra.sk\/krasa-potesi-oko-aj-dusu\/","wordCount":393,"articleBody":"Na ka\u017edom k\u00fasku zeme na\u0161ej kr\u00e1snej vlasti, ale aj celej zemeguli sa d\u00e1 n\u00e1js\u0165 KR\u00c1SA. Je skryt\u00e1 vo v\u0161etk\u00fdch drobnostiach \u017eivota. Cestou vlakom m\u00f4\u017eete sledova\u0165 meniaci sa r\u00e1z krajiny, ktor\u00fd je na ka\u017edom kilometri in\u00fd a pritom je to st\u00e1le na\u0161e SLOVENSKO. Na svete je to\u013eko KR\u00c1S, z ktor\u00fdch sa \u010dlovek m\u00f4\u017ee te\u0161i\u0165 a obzera\u0165 si ich. Namiesto toho, s\u00fa \u013eudia vo vlakoch (a nielen tam) deprimovan\u00ed zo Slovenska, \u017ee tu ni\u010d nefunguje, \u017ee nikto poriadny nie je vo vl\u00e1de, \u017ee to tu upad\u00e1 a v\u0161etci utekaj\u00fa pre\u010d do zahrani\u010dia. No nevedia si uvedomi\u0165, \u017ee \u017eiadna krajina u\u017e nebude ich rodn\u00e1 vlas\u0165. Pre\u010do? \u010co nevidia t\u00fa KR\u00c1SU okolo n\u00e1s? Nie, nevidia, vidia len r\u00fdchlo zaroben\u00e9 peniaze. Ale na\u010do s\u00fa \u013eudom peniaze, ke\u010f sa nevedia te\u0161i\u0165 z mali\u010dkost\u00ed, ktor\u00e9 n\u00e1s obklopuj\u00fa? Na\u010do? Ve\u010f ani tie peniaze si neu\u017eij\u00fa a nebud\u00fa sa z nich naozaj te\u0161i\u0165, preto\u017ee to nevedia. Na\u0161a kr\u00e1sna krajina za\u010d\u00edna rovinou a kon\u010d\u00ed Tatrami, ktor\u00e9 s\u00fa \u010dasto nav\u0161tevovan\u00e9. Nav\u0161tevovan\u00e9 s\u00fa ale viac cudzincami ako dom\u00e1cimi. Nevieme si v\u00e1\u017ei\u0165 to, \u010do m\u00e1me. Zist\u00edme, \u010do sme mali, a\u017e ke\u010f o to pr\u00eddeme. \u010co n\u00e1m samozrejme ne\u017eel\u00e1m, ale je to tak. V Tatr\u00e1ch a nielen tam vieme spozna\u0165 mnoh\u00e9 kr\u00e1sne z\u00e1kutia, vodop\u00e1dy a prech\u00e1dzka na horskom \u010derstvom vzduchu n\u00e1m len prospeje. 9 spr\u00edstupnen\u00fdch jask\u00fd\u0148 a \u010fal\u0161ie stovky men\u0161\u00edch jaskyniek n\u00e1m lemuj\u00fa podzemie. Vyn\u00edmaj\u00fa sa v nich stalaktity, stalagmity a stalakt\u00e1ty. Z v\u00fd\u0161ky pohor\u00ed s\u00fa n\u00e1dhern\u00e9 v\u00fdh\u013eady siahaj\u00face a\u017e do susedn\u00fdch kraj\u00edn. Slovensko je jednou z kraj\u00edn, na ktorej \u00fazem\u00ed sa nach\u00e1dza takmer najviac hradov a z\u00e1mkov na svete. Niektor\u00e9 s\u00fa u\u017e len zr\u00facaninami, ale v mnoh\u00fdch z nich s\u00eddlia m\u00faze\u00e1 alebo sa tam organizuj\u00fa koncerty a festivaly. KR\u00c1SA nie je len v\u00fdzor \u010dloveka. Nebu\u010fme sebeck\u00ed, KR\u00c1SA je v\u0161ade okolo n\u00e1s, len treba otvori\u0165 o\u010di a uvidie\u0165 ju. Nie je to \u0165a\u017ek\u00e9, len treba chcie\u0165. Preto\u017ee ke\u010f sa chce, v\u0161etko sa d\u00e1.                                                                                                                                                                                                                                                                                                                                                                                         4.4\/5 - (8 votes)        "},{"@context":"https:\/\/schema.org\/","@type":"BreadcrumbList","itemListElement":[{"@type":"ListItem","position":1,"name":"Kr\u00e1sa pote\u0161\u00ed oko, aj du\u0161u","item":"https:\/\/www.spektra.sk\/krasa-potesi-oko-aj-dusu\/#breadcrumbitem"}]}]