[{"@context":"https:\/\/schema.org\/","@type":"Article","@id":"https:\/\/www.spektra.sk\/kusky-ktore-vam-v-satniku-nemozu-chybat\/#Article","mainEntityOfPage":"https:\/\/www.spektra.sk\/kusky-ktore-vam-v-satniku-nemozu-chybat\/","headline":"K\u00fasky, ktor\u00e9 v\u00e1m v \u0161atn\u00edku nem\u00f4\u017eu ch\u00fdba\u0165","name":"K\u00fasky, ktor\u00e9 v\u00e1m v \u0161atn\u00edku nem\u00f4\u017eu ch\u00fdba\u0165","description":"\u25cf\u00a0\u00a0\u00a0\u00a0\u00a0\u00a0\u00a0 Na v\u00fdbere z\u00e1le\u017e\u00ed U \u017eien: V \u017eenskom \u0161atn\u00edku je to asi najviac zlo\u017eit\u00e9. \u010ci u\u017e sa jedn\u00e1 o miesto, sp\u00f4sob ulo\u017eenia si vec\u00ed, alebo","datePublished":"2017-12-08","dateModified":"2023-04-25","author":{"@type":"Person","@id":"https:\/\/www.spektra.sk\/author\/#Person","name":"","url":"https:\/\/www.spektra.sk\/author\/","identifier":1,"image":{"@type":"ImageObject","@id":"https:\/\/secure.gravatar.com\/avatar\/5667bceccdce92893bac6a7981a373152a8b3fa0ab99c198ba0ac0b49a934248?s=96&d=mm&r=g","url":"https:\/\/secure.gravatar.com\/avatar\/5667bceccdce92893bac6a7981a373152a8b3fa0ab99c198ba0ac0b49a934248?s=96&d=mm&r=g","height":96,"width":96}},"publisher":{"@type":"Organization","name":"spektra.sk","logo":{"@type":"ImageObject","@id":"\/logo.png","url":"\/logo.png","width":600,"height":60}},"image":{"@type":"ImageObject","@id":"https:\/\/www.spektra.sk\/wp-content\/uploads\/img_a284831_w16471_t1518087385.jpg","url":"https:\/\/www.spektra.sk\/wp-content\/uploads\/img_a284831_w16471_t1518087385.jpg","height":0,"width":0},"url":"https:\/\/www.spektra.sk\/kusky-ktore-vam-v-satniku-nemozu-chybat\/","wordCount":465,"articleBody":"\u25cf\u00a0\u00a0\u00a0\u00a0\u00a0\u00a0\u00a0 Na v\u00fdbere z\u00e1le\u017e\u00edU \u017eien:V \u017eenskom \u0161atn\u00edku je to asi najviac zlo\u017eit\u00e9. \u010ci u\u017e sa jedn\u00e1 o miesto, sp\u00f4sob ulo\u017eenia si vec\u00ed, alebo posudzovanie \u010do naozaj potrebujeme. Raz za \u010das n\u00e1m ve\u013emi m\u00f4\u017ee pom\u00f4c\u0165 vytriedenie si nadbyto\u010dn\u00fdch vec\u00ed. \u010co u\u017e dlho vieme, \u017ee to d\u00e1vno nenos\u00edme, no aj tak n\u00e1m je to \u013e\u00fato z toho \u0161atn\u00edka vybra\u0165, a nevr\u00e1ti\u0165 sp\u00e4\u0165.U mu\u017eov:O mu\u017esk\u00fd \u0161atn\u00edk sa po v\u00e4\u010d\u0161ine pr\u00edpadov star\u00e1 \u017eena, no nie je tomu tak v\u017edy. Aj mu\u017ei maj\u00fa radi svoj poriadok. Ke\u010f nie\u010do nevedia v zhone n\u00e1js\u0165, dopadne to zle. Preto je najlep\u0161ie, aby mal ka\u017ed\u00fd z n\u00e1s vlastn\u00e9 miesto, pre svoje potrebn\u00e9 veci do ka\u017edodenn\u00e9ho \u017eivota. Komoda so z\u00e1suvkami je ide\u00e1lna pre spodn\u00fa bielize\u0148, a \u0161atn\u00edkov\u00e9 skrine najlep\u0161ie z ve\u0161iakmi a poli\u010dkami s\u00fa vhodn\u00e9 na ko\u0161ele a nohavice.Pri oboch pr\u00edpadoch by sme odporu\u010dili e\u0161te jednu komodu na viac pre doplnky, a in\u00e9 potrebn\u00e9 veci.\u00a0\u25cf\u00a0\u00a0\u00a0\u00a0\u00a0\u00a0\u00a0 K\u00fasky ktor\u00e9 pom\u00f4\u017euU \u017eien: Ka\u017ed\u00e1 z n\u00e1s to dobre pozn\u00e1. R\u00e1na pln\u00e9 stresu a zhonu, ak si ve\u010der neprichyst\u00e1me \u010do da\u0165 na druh\u00fd de\u0148 na seba. Vtedy n\u00e1m zost\u00e1va len na\u0161a intu\u00edcia. Niekedy sa nepodar\u00ed ako si predstavujeme, a z domu vyjdeme ako klaun. Ale to nevad\u00ed. M\u00e1me tu zop\u00e1r trikov ktor\u00e9 by n\u00e1m mali pom\u00f4c\u0165 aj v to najr\u00fdchlej\u0161ie r\u00e1no, a st\u00e1le budeme vyzera\u0165 aspo\u0148 trocha k svetu.Zaru\u010den\u00e1 obuv&#8211; Top\u00e1nky, s\u00fa ve\u013emi d\u00f4le\u017eit\u00e9 pre na\u0161e nohy. Je najlep\u0161ie si zaobstara\u0165 tri ur\u010dit\u00e9 p\u00e1ry na ka\u017ed\u00fa pr\u00edle\u017eitos\u0165. Ur\u010dite to s\u00favis\u00ed aj s ro\u010dn\u00fdm obdob\u00edm. \u010co tak napr\u00edklad do pekn\u00fdch dn\u00ed ma\u0165 v ponuke biele tenisky s ktor\u00fdmi nikdy nem\u00f4\u017eme ni\u010d pokazi\u0165. Druh\u00e9 m\u00f4\u017eu by\u0165 elegantn\u00e9 do pr\u00e1ce, a tretie pohodln\u00e9 \u0161\u013eapky.Z\u00e1klad&#8211; Z\u00e1kladom je ma\u0165 oble\u010denie v ktorom sa c\u00edtime \u010do najlep\u0161ie. Ma\u0165 na v\u00fdber \u010dierne nohavice, d\u017e\u00ednsi, a nejak\u00e9 tie tepl\u00e1ky. Ak m\u00e1me u\u017e len dvojo nohav\u00edc, vieme si hne\u010f vybra\u0165. K tomu n\u00e1m sta\u010d\u00ed oby\u010dajn\u00e9 biele tri\u010dko, a hned\u00e9 pon\u010do. Ur\u010dite z\u00e1le\u017e\u00ed aj na type na\u0161ej postavy. Zo z\u00e1kladn\u00fdmi, a jednofarebn\u00fdmi k\u00faskami nem\u00f4\u017ete predsa ni\u010d pokazi\u0165.U mu\u017eov:Plat\u00ed skoro to ist\u00e9. Zaobstara\u0165 si hlavne \u010dierne a biele k\u00fasky, d\u017e\u00ednsi a pohodln\u00fa obuv. By\u0165 oble\u010den\u00fd jednoducho je v tejto dobe IN!                                                                                                                                                                                                                                                                                                                                                                                        3.5\/5 - (4 votes)        "},{"@context":"https:\/\/schema.org\/","@type":"BreadcrumbList","itemListElement":[{"@type":"ListItem","position":1,"name":"K\u00fasky, ktor\u00e9 v\u00e1m v \u0161atn\u00edku nem\u00f4\u017eu ch\u00fdba\u0165","item":"https:\/\/www.spektra.sk\/kusky-ktore-vam-v-satniku-nemozu-chybat\/#breadcrumbitem"}]}]