[{"@context":"https:\/\/schema.org\/","@type":"Article","@id":"https:\/\/www.spektra.sk\/na-tomto-by-vam-malo-skutocne-zalezat\/#Article","mainEntityOfPage":"https:\/\/www.spektra.sk\/na-tomto-by-vam-malo-skutocne-zalezat\/","headline":"Na tomto by v\u00e1m malo skuto\u010dne z\u00e1le\u017ea\u0165","name":"Na tomto by v\u00e1m malo skuto\u010dne z\u00e1le\u017ea\u0165","description":"Sami mus\u00edte vedie\u0165, \u010do je pre v\u00e1s d\u00f4le\u017eit\u00e9 a \u010do naopak zase v\u00f4bec nie. Ale pravdou je, \u017ee nech sa deje \u010doko\u013evek, v\u017edy mus\u00edte vy","datePublished":"2019-03-21","dateModified":"2023-04-25","author":{"@type":"Person","@id":"https:\/\/www.spektra.sk\/author\/#Person","name":"","url":"https:\/\/www.spektra.sk\/author\/","identifier":1,"image":{"@type":"ImageObject","@id":"https:\/\/secure.gravatar.com\/avatar\/5667bceccdce92893bac6a7981a373152a8b3fa0ab99c198ba0ac0b49a934248?s=96&d=mm&r=g","url":"https:\/\/secure.gravatar.com\/avatar\/5667bceccdce92893bac6a7981a373152a8b3fa0ab99c198ba0ac0b49a934248?s=96&d=mm&r=g","height":96,"width":96}},"publisher":{"@type":"Organization","name":"spektra.sk","logo":{"@type":"ImageObject","@id":"\/logo.png","url":"\/logo.png","width":600,"height":60}},"image":{"@type":"ImageObject","@id":"https:\/\/www.spektra.sk\/wp-content\/uploads\/img_a299701_w16567_t1556190941.jpg","url":"https:\/\/www.spektra.sk\/wp-content\/uploads\/img_a299701_w16567_t1556190941.jpg","height":0,"width":0},"url":"https:\/\/www.spektra.sk\/na-tomto-by-vam-malo-skutocne-zalezat\/","about":["Nakupovanie"],"wordCount":430,"articleBody":"Sami mus\u00edte vedie\u0165, \u010do je pre v\u00e1s d\u00f4le\u017eit\u00e9 a \u010do naopak zase v\u00f4bec nie. Ale pravdou je, \u017ee nech sa deje \u010doko\u013evek, v\u017edy mus\u00edte vy sami vedie\u0165, ako sa zamyslie\u0165 nad d\u00f4le\u017eit\u00fdmi vecami a ako s nimi naozaj r\u00e1ta\u0165. V\u00e4\u010d\u0161ina \u013eud\u00ed sa proste mus\u00ed zamyslie\u0165 nad t\u00fdm, \u010do rob\u00ed, pre\u010do to rob\u00ed a hlavne pre koho to naozaj rob\u00ed. Lebo ve\u010f viete. Nech sa deje \u010doko\u013evek, ob\u010das ide proste len o to, aby boli veci pod\u013ea v\u00e1s a to mnoh\u00ed \u013eudia zariadi\u0165 a\u017e tak dobre nevedia. V\u0161etko je v\u0161ak postaven\u00e9 len na tom, \u010do by malo by\u0165 podstatn\u00e9, d\u00f4le\u017eit\u00e9 a naozaj \u00fa\u017easn\u00e9 pre v\u00e1s ako pre \u010dloveka, ktor\u00fd proste r\u00e1ta s t\u00fdm, \u017ee bude v\u0161etko fajn.  Bohu\u017eia\u013e, \u010dasto je to pr\u00e1ve negativizmus, ktor\u00fd m\u00e1me v sebe zakorenen\u00fd a v\u0161etko vid\u00edme v\u017edy v tom hor\u0161om uhle. Aj tak by ste v\u0161ak mali rie\u0161i\u0165 niektor\u00e9 jasn\u00e9 veci. Mnoh\u00ed \u013eudia s\u00fa zm\u00e4ten\u00ed z toho, \u017ee aj n\u00e1bytok je v ich \u017eivote ve\u013emi d\u00f4le\u017eit\u00fd. Ale nech sa deje \u010doko\u013evek, v\u0161etko by malo by\u0165 v\u017edy pod\u013ea v\u00e1s a pod\u013ea toho, \u010do je pre v\u00e1s to najlep\u0161ie. A niekedy sa proste mus\u00edte len te\u0161i\u0165, aby bolo v\u0161etko \u010do najlep\u0161ie. A hoci sa v\u00e1m to nezd\u00e1, napokon ste to vy sami, kto je so sebou spokojn\u00fd. A ob\u010das proste ide len o to, aby ste sa dostali ku spokojnosti svojho \u017eivota. N\u00e1bytok v\u00e1m m\u00f4\u017ee sp\u00f4sobova\u0165 v \u017eivote rados\u0165, to by v\u00e1m malo by\u0165 jasn\u00e9. Ale ob\u010das proste neviete, \u017ee aj toto v\u00e1s m\u00f4\u017ee niekde posun\u00fa\u0165 a hlavne tam, kde chcete \u00eds\u0165 alebo teda by\u0165 vy sami.  Aby ste boli sami so v\u0161etk\u00fdm spokojn\u00fd a \u0161\u0165astn\u00fd, je jasn\u00e9, \u017ee nakoniec to bude v\u0161etko aj tak hlavne o tom, aby boli veci pod\u013ea v\u00e1s. Lebo aj ke\u010f je to nepravdepodobn\u00e9, smie\u0161ne a mo\u017eno pre mnoh\u00fdch \u013eud\u00ed neuverite\u013en\u00e9, toto je nie\u010do, \u010do je d\u00f4le\u017eit\u00e9. Teraz u\u017e sta\u010d\u00ed, aby ste posunuli veci tam, kde chcete, aby boli. A perfektn\u00fd n\u00e1bytok v\u00e1m k tomu pom\u00f4\u017ee. Teraz je to u\u017e v\u0161ak len na v\u00e1s, no nie? Proste sa mus\u00edte zamyslie\u0165 nad t\u00fdm, \u010do v\u00e1m to skuto\u010dne d\u00e1.                                                                                                                                                                                                                                                                                                                                                                                        3.8\/5 - (5 votes)        "},{"@context":"https:\/\/schema.org\/","@type":"BreadcrumbList","itemListElement":[{"@type":"ListItem","position":1,"name":"Na tomto by v\u00e1m malo skuto\u010dne z\u00e1le\u017ea\u0165","item":"https:\/\/www.spektra.sk\/na-tomto-by-vam-malo-skutocne-zalezat\/#breadcrumbitem"}]}]