[{"@context":"https:\/\/schema.org\/","@type":"Article","@id":"https:\/\/www.spektra.sk\/nadej-umiera-posledna\/#Article","mainEntityOfPage":"https:\/\/www.spektra.sk\/nadej-umiera-posledna\/","headline":"N\u00e1dej umiera posledn\u00e1","name":"N\u00e1dej umiera posledn\u00e1","description":"Ach tie financie \u010dlovek by si chcel urobi\u0165 ak\u00fdsi pl\u00e1n ale \u017ee vraj pl\u00e1nova\u0165 neviem \u010di sa to d\u00e1. Niekomu \u00e1no niekomu nie. Ten kto","datePublished":"2024-04-15","dateModified":"2024-05-15","author":{"@type":"Person","@id":"https:\/\/www.spektra.sk\/author\/#Person","name":"","url":"https:\/\/www.spektra.sk\/author\/","identifier":1,"image":{"@type":"ImageObject","@id":"https:\/\/secure.gravatar.com\/avatar\/5667bceccdce92893bac6a7981a373152a8b3fa0ab99c198ba0ac0b49a934248?s=96&d=mm&r=g","url":"https:\/\/secure.gravatar.com\/avatar\/5667bceccdce92893bac6a7981a373152a8b3fa0ab99c198ba0ac0b49a934248?s=96&d=mm&r=g","height":96,"width":96}},"publisher":{"@type":"Organization","name":"spektra.sk","logo":{"@type":"ImageObject","@id":"\/logo.png","url":"\/logo.png","width":600,"height":60}},"image":{"@type":"ImageObject","@id":"https:\/\/www.spektra.sk\/wp-content\/uploads\/woman-2555564_640_8.jpg","url":"https:\/\/www.spektra.sk\/wp-content\/uploads\/woman-2555564_640_8.jpg","height":0,"width":0},"url":"https:\/\/www.spektra.sk\/nadej-umiera-posledna\/","about":["Financie"],"wordCount":572,"articleBody":"Ach tie financie \u010dlovek by si chcel urobi\u0165 ak\u00fdsi pl\u00e1n ale \u017ee vraj pl\u00e1nova\u0165 neviem \u010di sa to d\u00e1. Niekomu \u00e1no niekomu nie. Ten kto dostane len tak za ni\u010d pre ni\u010d ve\u013ek\u00e9 peniaze a \u0161af\u00e1ri ako ni\u010d . Nech by dal tak\u00e9mu \u010do ocitol napr. na ulici \u010dasto nie vlastnou vinou. Medzi bezdomovcami s\u00fa aj celebrity \u010do viem \u010d\u00edtala som. Jeden tak\u00fd zabijak je \u017ee sa daj\u00fa na alkohol a z\u00eddu padn\u00fa na sam\u00e9 dno. Doslova v minule bolo p\u00edsane o jednom hercovi Slovenskom \u017ee je na ulici. Celkov\u00e1 hodnota \u010dloveka niekedy nem\u00e1 ani cenu. Pozrime sa nie len na SK s\u00fa\u00a0 bezdomovci aj inde vo svete aj drogisti. U n\u00e1s na SK je celov\u00fd po\u010det bezdomovcov cez 71percent hrozn\u00e9. Kto je za to zodpovedn\u00fd no kto no vl\u00e1da serie na n\u00e1s \u013eud\u00ed. Tvrd\u00ed to aj tzv. ekon\u00f3m \u017ee citujem \u017ee po\u010det \u013eud\u00ed bez domova vzr\u00e1stol a\u017e trojn\u00e1sobne. \u010ci m\u00f4\u017ee za to kr\u00edza \u010di a \u010di nedostatok pomoci od \u0161t\u00e1tu. Je to za posledn\u00e9 roky. Ekon\u00f3mov to to \u0161okuje. Najviac \u013eud\u00ed bez domova je v Nitrianskom aj Ko\u0161ickom \u010di BB kraji. Poviem v\u00e1m nie som ANALITIK ale rokmi bude to prib\u00fada\u0165 lebo roboty nie to ani nebude. \u017de by pre vyvolen\u00fdch jedine. Nech\u00e1pem jednu vec na\u010do si d\u00e1vaj\u00fa na port\u00e1l Profesia a pod. firmy \u017ee h\u013eadaj\u00fa \u013eud\u00ed na pr\u00e1cu \u010di u\u017e ide o pr\u00e1cu z domu a pod. Vy reagujete na dan\u00fa pr\u00e1cu a odpove\u010f od nich znie. \u010eakujeme v\u00e1m za prejaven\u00fd z\u00e1ujem o na\u0161u firmu ale moment\u00e1lne nem\u00e1me pre v\u00e1s miesto v na\u0161ej firme pre t\u00fato oblas\u0165, napr\u00edklad O2 pracovn\u00edk online pr\u00e1ca a in\u00e9. Sam\u00e9 podvody cel\u00fd syst\u00e9m je sam\u00ed podvod klamstvo. Naozaj toto u\u017e nem\u00e1 obdobu n\u00e1m je naozaj zle nie len od \u017eal\u00fadka celkovo. Chor\u00fd svet aj syst\u00e9m. Ak\u00ed \u013eudia tak\u00fd \u0161t\u00e1t. jedine \u010do mi v\u010dera hrialo du\u0161u bolo \u017ee sme vyhrali hokej inak to nestoj\u00ed ni\u010d. Len a len sam\u00e9 tr\u00e1penie v\u0161ade a boj. my sme tu ako otroci novodob\u00e1 otrok\u00e1rska spolo\u010dnos\u0165. in\u00e9 nevid\u00edme len popla\u0161n\u00e9 \u00fatoky a vyhr\u00e1\u017eanie sa. Aj zdravotn\u00edctvo je u n\u00e1s na bode mrazu. Citujem minule ke\u010f som bola vybavova\u0165 ledva som sa do\u010dkala \u017ee idem na rad. Aj zajtra idem vybavova\u0165 u\u017e o 6.22 hod mi ide autobus chor\u00e9 \u010dlovek ide vybavi\u0165 prehodnotenie ID mus\u00edm viac lek\u00e1rov pochodi\u0165 ale to vy\u010dk\u00e1vanie des. Zajtra dvoch nem\u00e1m potuchy kedy pr\u00eddem domov. E\u0161te chce aj priate\u013e pr\u00eds\u0165 ale najlep\u0161ie by mi bolo v piatok. Zajtra dou\u010dovanie m\u00e1m a\u017e o 15.30 hod aj to neviem \u010di stihnem ale d\u00fafam \u017ee \u00e1no. ja sa p\u00f4jdem teraz najes\u0165 a potom m\u00e1m \u010fal\u0161ie dou\u010dovanie pred 15 hod. Aj ke\u010f \u010dlovek nezarob\u00ed ve\u013ea aspo\u0148 nie\u010do. Ale bud\u00faci t\u00fd\u017ede\u0148 si urob\u00edme trochu relax ja mamina ideme ku kadern\u00ed\u010dke sa da\u0165 ostriha\u0165. Ale ke\u010f si prestav\u00edm \u017ee \u010dlovek aj ke\u010f d\u00e1 napoly aj tak to n\u00e1s bude st\u00e1\u0165 spolu cirka 50 eur taxi a kadern\u00ed\u010dka. To je zle \u017ee na\u0161a kadern\u00ed\u010dka nem\u00e1 auto ani my. Ale potrebujeme zmenu.                                                                                                                                                                                                                                                                                                                                                                                        4\/5 - (8 votes)        "},{"@context":"https:\/\/schema.org\/","@type":"BreadcrumbList","itemListElement":[{"@type":"ListItem","position":1,"name":"N\u00e1dej umiera posledn\u00e1","item":"https:\/\/www.spektra.sk\/nadej-umiera-posledna\/#breadcrumbitem"}]}]