{"@context":"https:\/\/schema.org\/","@type":"CollectionPage","@id":"https:\/\/www.spektra.sk\/nakupovanie\/#CollectionPage","headline":"Nakupovanie Category","description":"","url":"https:\/\/www.spektra.sk\/nakupovanie\/","hasPart":[{"@type":"Article","@id":"https:\/\/www.spektra.sk\/doprajte-si-pravidelny-sex-je-prospesny-z-viacerych-dovodov\/","headline":"Doprajte si pravideln\u00fd sex, je prospe\u0161n\u00fd z viacer\u00fdch d\u00f4vodov","url":"https:\/\/www.spektra.sk\/doprajte-si-pravidelny-sex-je-prospesny-z-viacerych-dovodov\/","datePublished":"2020-08-22","dateModified":"2023-06-03","mainEntityOfPage":"https:\/\/www.spektra.sk\/doprajte-si-pravidelny-sex-je-prospesny-z-viacerych-dovodov\/","author":{"@type":"Person","@id":"https:\/\/www.spektra.sk\/author\/#Person","name":"","url":"https:\/\/www.spektra.sk\/author\/","identifier":1,"image":{"@type":"ImageObject","@id":"https:\/\/secure.gravatar.com\/avatar\/5667bceccdce92893bac6a7981a373152a8b3fa0ab99c198ba0ac0b49a934248?s=96&d=mm&r=g","url":"https:\/\/secure.gravatar.com\/avatar\/5667bceccdce92893bac6a7981a373152a8b3fa0ab99c198ba0ac0b49a934248?s=96&d=mm&r=g","height":96,"width":96}},"publisher":{"@type":"Organization","name":"spektra.sk","logo":{"@type":"ImageObject","@id":"\/logo.png","url":"\/logo.png","width":600,"height":60}},"image":{"@type":"ImageObject","@id":"https:\/\/www.spektra.sk\/wp-content\/uploads\/milenci,%20p%C3%A1r.jpeg","url":"https:\/\/www.spektra.sk\/wp-content\/uploads\/milenci,%20p%C3%A1r.jpeg","height":0,"width":0},"keywords":null},{"@type":"Article","@id":"https:\/\/www.spektra.sk\/vyhody-plechovych-a-vyhody-hlinikovych-diskov-elektronov\/","headline":"V\u00fdhody plechov\u00fdch a v\u00fdhody hlin\u00edkov\u00fdch diskov (elektr\u00f3nov)","url":"https:\/\/www.spektra.sk\/vyhody-plechovych-a-vyhody-hlinikovych-diskov-elektronov\/","datePublished":"2020-07-27","dateModified":"2023-04-25","mainEntityOfPage":"https:\/\/www.spektra.sk\/vyhody-plechovych-a-vyhody-hlinikovych-diskov-elektronov\/","author":{"@type":"Person","@id":"https:\/\/www.spektra.sk\/author\/#Person","name":"","url":"https:\/\/www.spektra.sk\/author\/","identifier":1,"image":{"@type":"ImageObject","@id":"https:\/\/secure.gravatar.com\/avatar\/5667bceccdce92893bac6a7981a373152a8b3fa0ab99c198ba0ac0b49a934248?s=96&d=mm&r=g","url":"https:\/\/secure.gravatar.com\/avatar\/5667bceccdce92893bac6a7981a373152a8b3fa0ab99c198ba0ac0b49a934248?s=96&d=mm&r=g","height":96,"width":96}},"publisher":{"@type":"Organization","name":"spektra.sk","logo":{"@type":"ImageObject","@id":"\/logo.png","url":"\/logo.png","width":600,"height":60}},"image":{"@type":"ImageObject","@id":"https:\/\/www.spektra.sk\/wp-content\/uploads\/koleso,%20r%C3%A1m,%20BMW.jpg","url":"https:\/\/www.spektra.sk\/wp-content\/uploads\/koleso,%20r%C3%A1m,%20BMW.jpg","height":0,"width":0},"keywords":null},{"@type":"Article","@id":"https:\/\/www.spektra.sk\/vhodny-sperk-pre-kazdu-zenu-strieborne-nausnice\/","headline":"Vhodn\u00fd \u0161perk pre ka\u017ed\u00fa \u017eenu &#8211; strieborn\u00e9 n\u00e1u\u0161nice","url":"https:\/\/www.spektra.sk\/vhodny-sperk-pre-kazdu-zenu-strieborne-nausnice\/","datePublished":"2020-04-11","dateModified":"2023-10-10","mainEntityOfPage":"https:\/\/www.spektra.sk\/vhodny-sperk-pre-kazdu-zenu-strieborne-nausnice\/","author":{"@type":"Person","@id":"https:\/\/www.spektra.sk\/author\/#Person","name":"","url":"https:\/\/www.spektra.sk\/author\/","identifier":1,"image":{"@type":"ImageObject","@id":"https:\/\/secure.gravatar.com\/avatar\/5667bceccdce92893bac6a7981a373152a8b3fa0ab99c198ba0ac0b49a934248?s=96&d=mm&r=g","url":"https:\/\/secure.gravatar.com\/avatar\/5667bceccdce92893bac6a7981a373152a8b3fa0ab99c198ba0ac0b49a934248?s=96&d=mm&r=g","height":96,"width":96}},"publisher":{"@type":"Organization","name":"spektra.sk","logo":{"@type":"ImageObject","@id":"\/logo.png","url":"\/logo.png","width":600,"height":60}},"image":{"@type":"ImageObject","@id":"https:\/\/www.spektra.sk\/wp-content\/uploads\/woman-3190858_640_1.jpg","url":"https:\/\/www.spektra.sk\/wp-content\/uploads\/woman-3190858_640_1.jpg","height":0,"width":0},"keywords":null},{"@type":"Article","@id":"https:\/\/www.spektra.sk\/bezlimitne-prilby-hlc-helmets\/","headline":"Bezlimitn\u00e9 prilby HLC Helmets","url":"https:\/\/www.spektra.sk\/bezlimitne-prilby-hlc-helmets\/","datePublished":"2020-03-29","dateModified":"2023-04-25","mainEntityOfPage":"https:\/\/www.spektra.sk\/bezlimitne-prilby-hlc-helmets\/","author":{"@type":"Person","@id":"https:\/\/www.spektra.sk\/author\/#Person","name":"","url":"https:\/\/www.spektra.sk\/author\/","identifier":1,"image":{"@type":"ImageObject","@id":"https:\/\/secure.gravatar.com\/avatar\/5667bceccdce92893bac6a7981a373152a8b3fa0ab99c198ba0ac0b49a934248?s=96&d=mm&r=g","url":"https:\/\/secure.gravatar.com\/avatar\/5667bceccdce92893bac6a7981a373152a8b3fa0ab99c198ba0ac0b49a934248?s=96&d=mm&r=g","height":96,"width":96}},"publisher":{"@type":"Organization","name":"spektra.sk","logo":{"@type":"ImageObject","@id":"\/logo.png","url":"\/logo.png","width":600,"height":60}},"image":{"@type":"ImageObject","@id":"https:\/\/www.spektra.sk\/wp-content\/uploads\/helmets.jpeg","url":"https:\/\/www.spektra.sk\/wp-content\/uploads\/helmets.jpeg","height":0,"width":0},"keywords":null},{"@type":"Article","@id":"https:\/\/www.spektra.sk\/usetrite-na-vybaveni-pre-vasu-motorku\/","headline":"U\u0161etrite na vybaven\u00ed pre va\u0161u motorku!","url":"https:\/\/www.spektra.sk\/usetrite-na-vybaveni-pre-vasu-motorku\/","datePublished":"2020-03-17","dateModified":"2023-04-25","mainEntityOfPage":"https:\/\/www.spektra.sk\/usetrite-na-vybaveni-pre-vasu-motorku\/","author":{"@type":"Person","@id":"https:\/\/www.spektra.sk\/author\/#Person","name":"","url":"https:\/\/www.spektra.sk\/author\/","identifier":1,"image":{"@type":"ImageObject","@id":"https:\/\/secure.gravatar.com\/avatar\/5667bceccdce92893bac6a7981a373152a8b3fa0ab99c198ba0ac0b49a934248?s=96&d=mm&r=g","url":"https:\/\/secure.gravatar.com\/avatar\/5667bceccdce92893bac6a7981a373152a8b3fa0ab99c198ba0ac0b49a934248?s=96&d=mm&r=g","height":96,"width":96}},"publisher":{"@type":"Organization","name":"spektra.sk","logo":{"@type":"ImageObject","@id":"\/logo.png","url":"\/logo.png","width":600,"height":60}},"image":{"@type":"ImageObject","@id":"https:\/\/www.spektra.sk\/wp-content\/uploads\/maxresdefault_9.jpg","url":"https:\/\/www.spektra.sk\/wp-content\/uploads\/maxresdefault_9.jpg","height":0,"width":0},"keywords":null},{"@type":"Article","@id":"https:\/\/www.spektra.sk\/uzite-si-motorkarsku-sezonu\/","headline":"U\u017eite si motork\u00e1rsku sez\u00f3nu!","url":"https:\/\/www.spektra.sk\/uzite-si-motorkarsku-sezonu\/","datePublished":"2020-03-17","dateModified":"2023-04-25","mainEntityOfPage":"https:\/\/www.spektra.sk\/uzite-si-motorkarsku-sezonu\/","author":{"@type":"Person","@id":"https:\/\/www.spektra.sk\/author\/#Person","name":"","url":"https:\/\/www.spektra.sk\/author\/","identifier":1,"image":{"@type":"ImageObject","@id":"https:\/\/secure.gravatar.com\/avatar\/5667bceccdce92893bac6a7981a373152a8b3fa0ab99c198ba0ac0b49a934248?s=96&d=mm&r=g","url":"https:\/\/secure.gravatar.com\/avatar\/5667bceccdce92893bac6a7981a373152a8b3fa0ab99c198ba0ac0b49a934248?s=96&d=mm&r=g","height":96,"width":96}},"publisher":{"@type":"Organization","name":"spektra.sk","logo":{"@type":"ImageObject","@id":"\/logo.png","url":"\/logo.png","width":600,"height":60}},"image":{"@type":"ImageObject","@id":"https:\/\/www.spektra.sk\/wp-content\/uploads\/https___s3-ap-northeast-1.amazonaws.com_psh-ex-ftnikkei-3937bb4_images_8_5_3_4_2314358-7-eng-GB_20170323_yamaha_VMAX.jpg","url":"https:\/\/www.spektra.sk\/wp-content\/uploads\/https___s3-ap-northeast-1.amazonaws.com_psh-ex-ftnikkei-3937bb4_images_8_5_3_4_2314358-7-eng-GB_20170323_yamaha_VMAX.jpg","height":0,"width":0},"keywords":null},{"@type":"Article","@id":"https:\/\/www.spektra.sk\/vybavte-sa-na-jar\/","headline":"Vybavte sa na jar","url":"https:\/\/www.spektra.sk\/vybavte-sa-na-jar\/","datePublished":"2020-02-27","dateModified":"2023-04-25","mainEntityOfPage":"https:\/\/www.spektra.sk\/vybavte-sa-na-jar\/","author":{"@type":"Person","@id":"https:\/\/www.spektra.sk\/author\/#Person","name":"","url":"https:\/\/www.spektra.sk\/author\/","identifier":1,"image":{"@type":"ImageObject","@id":"https:\/\/secure.gravatar.com\/avatar\/5667bceccdce92893bac6a7981a373152a8b3fa0ab99c198ba0ac0b49a934248?s=96&d=mm&r=g","url":"https:\/\/secure.gravatar.com\/avatar\/5667bceccdce92893bac6a7981a373152a8b3fa0ab99c198ba0ac0b49a934248?s=96&d=mm&r=g","height":96,"width":96}},"publisher":{"@type":"Organization","name":"spektra.sk","logo":{"@type":"ImageObject","@id":"\/logo.png","url":"\/logo.png","width":600,"height":60}},"image":{"@type":"ImageObject","@id":"https:\/\/www.spektra.sk\/wp-content\/uploads\/img_a310986_w16572_t1585123677.jpg","url":"https:\/\/www.spektra.sk\/wp-content\/uploads\/img_a310986_w16572_t1585123677.jpg","height":0,"width":0},"keywords":null},{"@type":"Article","@id":"https:\/\/www.spektra.sk\/synteticke-ale-aj-prirodne-farbiva\/","headline":"Syntetick\u00e9 ale aj pr\u00edrodn\u00e9 farbiv\u00e1","url":"https:\/\/www.spektra.sk\/synteticke-ale-aj-prirodne-farbiva\/","datePublished":"2020-02-24","dateModified":"2023-04-25","mainEntityOfPage":"https:\/\/www.spektra.sk\/synteticke-ale-aj-prirodne-farbiva\/","author":{"@type":"Person","@id":"https:\/\/www.spektra.sk\/author\/#Person","name":"","url":"https:\/\/www.spektra.sk\/author\/","identifier":1,"image":{"@type":"ImageObject","@id":"https:\/\/secure.gravatar.com\/avatar\/5667bceccdce92893bac6a7981a373152a8b3fa0ab99c198ba0ac0b49a934248?s=96&d=mm&r=g","url":"https:\/\/secure.gravatar.com\/avatar\/5667bceccdce92893bac6a7981a373152a8b3fa0ab99c198ba0ac0b49a934248?s=96&d=mm&r=g","height":96,"width":96}},"publisher":{"@type":"Organization","name":"spektra.sk","logo":{"@type":"ImageObject","@id":"\/logo.png","url":"\/logo.png","width":600,"height":60}},"image":{"@type":"ImageObject","@id":"https:\/\/www.spektra.sk\/wp-content\/uploads\/img_a310384_w16912_t1582647020.jpg","url":"https:\/\/www.spektra.sk\/wp-content\/uploads\/img_a310384_w16912_t1582647020.jpg","height":0,"width":0},"keywords":null},{"@type":"Article","@id":"https:\/\/www.spektra.sk\/dostante-to-najlepsie-co-trh-ponuka\/","headline":"Dosta\u0148te to najlep\u0161ie, \u010do trh pon\u00faka!","url":"https:\/\/www.spektra.sk\/dostante-to-najlepsie-co-trh-ponuka\/","datePublished":"2020-02-16","dateModified":"2023-04-25","mainEntityOfPage":"https:\/\/www.spektra.sk\/dostante-to-najlepsie-co-trh-ponuka\/","author":{"@type":"Person","@id":"https:\/\/www.spektra.sk\/author\/#Person","name":"","url":"https:\/\/www.spektra.sk\/author\/","identifier":1,"image":{"@type":"ImageObject","@id":"https:\/\/secure.gravatar.com\/avatar\/5667bceccdce92893bac6a7981a373152a8b3fa0ab99c198ba0ac0b49a934248?s=96&d=mm&r=g","url":"https:\/\/secure.gravatar.com\/avatar\/5667bceccdce92893bac6a7981a373152a8b3fa0ab99c198ba0ac0b49a934248?s=96&d=mm&r=g","height":96,"width":96}},"publisher":{"@type":"Organization","name":"spektra.sk","logo":{"@type":"ImageObject","@id":"\/logo.png","url":"\/logo.png","width":600,"height":60}},"image":{"@type":"ImageObject","@id":"https:\/\/www.spektra.sk\/wp-content\/uploads\/img_a310987_w16571_t1585123761.jpg","url":"https:\/\/www.spektra.sk\/wp-content\/uploads\/img_a310987_w16571_t1585123761.jpg","height":0,"width":0},"keywords":null},{"@type":"Article","@id":"https:\/\/www.spektra.sk\/setrime-rozumne\/","headline":"\u0160etr\u00edme rozumne","url":"https:\/\/www.spektra.sk\/setrime-rozumne\/","datePublished":"2020-02-01","dateModified":"2023-04-25","mainEntityOfPage":"https:\/\/www.spektra.sk\/setrime-rozumne\/","author":{"@type":"Person","@id":"https:\/\/www.spektra.sk\/author\/#Person","name":"","url":"https:\/\/www.spektra.sk\/author\/","identifier":1,"image":{"@type":"ImageObject","@id":"https:\/\/secure.gravatar.com\/avatar\/5667bceccdce92893bac6a7981a373152a8b3fa0ab99c198ba0ac0b49a934248?s=96&d=mm&r=g","url":"https:\/\/secure.gravatar.com\/avatar\/5667bceccdce92893bac6a7981a373152a8b3fa0ab99c198ba0ac0b49a934248?s=96&d=mm&r=g","height":96,"width":96}},"publisher":{"@type":"Organization","name":"spektra.sk","logo":{"@type":"ImageObject","@id":"\/logo.png","url":"\/logo.png","width":600,"height":60}},"image":{"@type":"ImageObject","@id":"https:\/\/www.spektra.sk\/wp-content\/uploads\/img_a310362_w16899_t1582641235.jpg","url":"https:\/\/www.spektra.sk\/wp-content\/uploads\/img_a310362_w16899_t1582641235.jpg","height":0,"width":0},"keywords":null}]}