{"@context":"https:\/\/schema.org\/","@type":"CollectionPage","@id":"https:\/\/www.spektra.sk\/nakupovanie\/#CollectionPage","headline":"Nakupovanie Category","description":"","url":"https:\/\/www.spektra.sk\/nakupovanie\/","hasPart":[{"@type":"Article","@id":"https:\/\/www.spektra.sk\/ako-zariadit-terasu-utulne-a-prakticky\/","headline":"Ako zariadi\u0165 terasu \u00fatulne a prakticky","url":"https:\/\/www.spektra.sk\/ako-zariadit-terasu-utulne-a-prakticky\/","datePublished":"2020-01-22","dateModified":"2023-04-25","mainEntityOfPage":"https:\/\/www.spektra.sk\/ako-zariadit-terasu-utulne-a-prakticky\/","author":{"@type":"Person","@id":"https:\/\/www.spektra.sk\/author\/#Person","name":"","url":"https:\/\/www.spektra.sk\/author\/","identifier":1,"image":{"@type":"ImageObject","@id":"https:\/\/secure.gravatar.com\/avatar\/5667bceccdce92893bac6a7981a373152a8b3fa0ab99c198ba0ac0b49a934248?s=96&d=mm&r=g","url":"https:\/\/secure.gravatar.com\/avatar\/5667bceccdce92893bac6a7981a373152a8b3fa0ab99c198ba0ac0b49a934248?s=96&d=mm&r=g","height":96,"width":96}},"publisher":{"@type":"Organization","name":"spektra.sk","logo":{"@type":"ImageObject","@id":"\/logo.png","url":"\/logo.png","width":600,"height":60}},"image":{"@type":"ImageObject","@id":"https:\/\/www.spektra.sk\/wp-content\/uploads\/img_a302467_w16692_t1561451852.jpg","url":"https:\/\/www.spektra.sk\/wp-content\/uploads\/img_a302467_w16692_t1561451852.jpg","height":0,"width":0},"keywords":null},{"@type":"Article","@id":"https:\/\/www.spektra.sk\/motorka-nie-je-vsetko-najdite-si-aj-dobru-predajnu\/","headline":"Motorka nie je v\u0161etko. N\u00e1jdite si aj dobr\u00fa predaj\u0148u","url":"https:\/\/www.spektra.sk\/motorka-nie-je-vsetko-najdite-si-aj-dobru-predajnu\/","datePublished":"2020-01-06","dateModified":"2023-04-25","mainEntityOfPage":"https:\/\/www.spektra.sk\/motorka-nie-je-vsetko-najdite-si-aj-dobru-predajnu\/","author":{"@type":"Person","@id":"https:\/\/www.spektra.sk\/author\/#Person","name":"","url":"https:\/\/www.spektra.sk\/author\/","identifier":1,"image":{"@type":"ImageObject","@id":"https:\/\/secure.gravatar.com\/avatar\/5667bceccdce92893bac6a7981a373152a8b3fa0ab99c198ba0ac0b49a934248?s=96&d=mm&r=g","url":"https:\/\/secure.gravatar.com\/avatar\/5667bceccdce92893bac6a7981a373152a8b3fa0ab99c198ba0ac0b49a934248?s=96&d=mm&r=g","height":96,"width":96}},"publisher":{"@type":"Organization","name":"spektra.sk","logo":{"@type":"ImageObject","@id":"\/logo.png","url":"\/logo.png","width":600,"height":60}},"image":{"@type":"ImageObject","@id":"https:\/\/www.spektra.sk\/wp-content\/uploads\/img_a310583_w16818_t1583217915.jpg","url":"https:\/\/www.spektra.sk\/wp-content\/uploads\/img_a310583_w16818_t1583217915.jpg","height":0,"width":0},"keywords":null},{"@type":"Article","@id":"https:\/\/www.spektra.sk\/sucasti-akymi-disponuje-moderna-a-kvalitna-moto-prilba\/","headline":"S\u00fa\u010dasti, ak\u00fdmi disponuje modern\u00e1 a kvalitn\u00e1 moto prilba","url":"https:\/\/www.spektra.sk\/sucasti-akymi-disponuje-moderna-a-kvalitna-moto-prilba\/","datePublished":"2020-01-01","dateModified":"2023-04-25","mainEntityOfPage":"https:\/\/www.spektra.sk\/sucasti-akymi-disponuje-moderna-a-kvalitna-moto-prilba\/","author":{"@type":"Person","@id":"https:\/\/www.spektra.sk\/author\/#Person","name":"","url":"https:\/\/www.spektra.sk\/author\/","identifier":1,"image":{"@type":"ImageObject","@id":"https:\/\/secure.gravatar.com\/avatar\/5667bceccdce92893bac6a7981a373152a8b3fa0ab99c198ba0ac0b49a934248?s=96&d=mm&r=g","url":"https:\/\/secure.gravatar.com\/avatar\/5667bceccdce92893bac6a7981a373152a8b3fa0ab99c198ba0ac0b49a934248?s=96&d=mm&r=g","height":96,"width":96}},"publisher":{"@type":"Organization","name":"spektra.sk","logo":{"@type":"ImageObject","@id":"\/logo.png","url":"\/logo.png","width":600,"height":60}},"image":{"@type":"ImageObject","@id":"https:\/\/www.spektra.sk\/wp-content\/uploads\/img_a310573_w16600_t1583216744.jpg","url":"https:\/\/www.spektra.sk\/wp-content\/uploads\/img_a310573_w16600_t1583216744.jpg","height":0,"width":0},"keywords":null},{"@type":"Article","@id":"https:\/\/www.spektra.sk\/nie-je-to-len-frajerina-ale-motorka-predstavuje-takisto-dalsie-ocenitelne-benefity\/","headline":"Nie je to len frajerina, ale motorka predstavuje takisto \u010fal\u0161ie ocenite\u013en\u00e9 benefity","url":"https:\/\/www.spektra.sk\/nie-je-to-len-frajerina-ale-motorka-predstavuje-takisto-dalsie-ocenitelne-benefity\/","datePublished":"2019-12-22","dateModified":"2023-04-25","mainEntityOfPage":"https:\/\/www.spektra.sk\/nie-je-to-len-frajerina-ale-motorka-predstavuje-takisto-dalsie-ocenitelne-benefity\/","author":{"@type":"Person","@id":"https:\/\/www.spektra.sk\/author\/#Person","name":"","url":"https:\/\/www.spektra.sk\/author\/","identifier":1,"image":{"@type":"ImageObject","@id":"https:\/\/secure.gravatar.com\/avatar\/5667bceccdce92893bac6a7981a373152a8b3fa0ab99c198ba0ac0b49a934248?s=96&d=mm&r=g","url":"https:\/\/secure.gravatar.com\/avatar\/5667bceccdce92893bac6a7981a373152a8b3fa0ab99c198ba0ac0b49a934248?s=96&d=mm&r=g","height":96,"width":96}},"publisher":{"@type":"Organization","name":"spektra.sk","logo":{"@type":"ImageObject","@id":"\/logo.png","url":"\/logo.png","width":600,"height":60}},"image":{"@type":"ImageObject","@id":"https:\/\/www.spektra.sk\/wp-content\/uploads\/img_a309945_w16738_t1580836757.jpg","url":"https:\/\/www.spektra.sk\/wp-content\/uploads\/img_a309945_w16738_t1580836757.jpg","height":0,"width":0},"keywords":null},{"@type":"Article","@id":"https:\/\/www.spektra.sk\/investicia-do-novych-okien-by-mala-predstavovat-dlhodobu-zaruku\/","headline":"Invest\u00edcia do nov\u00fdch okien by mala predstavova\u0165 dlhodob\u00fa z\u00e1ruku","url":"https:\/\/www.spektra.sk\/investicia-do-novych-okien-by-mala-predstavovat-dlhodobu-zaruku\/","datePublished":"2019-12-15","dateModified":"2023-04-25","mainEntityOfPage":"https:\/\/www.spektra.sk\/investicia-do-novych-okien-by-mala-predstavovat-dlhodobu-zaruku\/","author":{"@type":"Person","@id":"https:\/\/www.spektra.sk\/author\/#Person","name":"","url":"https:\/\/www.spektra.sk\/author\/","identifier":1,"image":{"@type":"ImageObject","@id":"https:\/\/secure.gravatar.com\/avatar\/5667bceccdce92893bac6a7981a373152a8b3fa0ab99c198ba0ac0b49a934248?s=96&d=mm&r=g","url":"https:\/\/secure.gravatar.com\/avatar\/5667bceccdce92893bac6a7981a373152a8b3fa0ab99c198ba0ac0b49a934248?s=96&d=mm&r=g","height":96,"width":96}},"publisher":{"@type":"Organization","name":"spektra.sk","logo":{"@type":"ImageObject","@id":"\/logo.png","url":"\/logo.png","width":600,"height":60}},"image":{"@type":"ImageObject","@id":"https:\/\/www.spektra.sk\/wp-content\/uploads\/img_a310183_w16903_t1582308153.jpg","url":"https:\/\/www.spektra.sk\/wp-content\/uploads\/img_a310183_w16903_t1582308153.jpg","height":0,"width":0},"keywords":null},{"@type":"Article","@id":"https:\/\/www.spektra.sk\/najcastejsie-typy-prilb-pre-motorkarov\/","headline":"Naj\u010dastej\u0161ie typy pr\u00edlb pre motork\u00e1rov","url":"https:\/\/www.spektra.sk\/najcastejsie-typy-prilb-pre-motorkarov\/","datePublished":"2019-11-26","dateModified":"2023-04-25","mainEntityOfPage":"https:\/\/www.spektra.sk\/najcastejsie-typy-prilb-pre-motorkarov\/","author":{"@type":"Person","@id":"https:\/\/www.spektra.sk\/author\/#Person","name":"","url":"https:\/\/www.spektra.sk\/author\/","identifier":1,"image":{"@type":"ImageObject","@id":"https:\/\/secure.gravatar.com\/avatar\/5667bceccdce92893bac6a7981a373152a8b3fa0ab99c198ba0ac0b49a934248?s=96&d=mm&r=g","url":"https:\/\/secure.gravatar.com\/avatar\/5667bceccdce92893bac6a7981a373152a8b3fa0ab99c198ba0ac0b49a934248?s=96&d=mm&r=g","height":96,"width":96}},"publisher":{"@type":"Organization","name":"spektra.sk","logo":{"@type":"ImageObject","@id":"\/logo.png","url":"\/logo.png","width":600,"height":60}},"image":{"@type":"ImageObject","@id":"https:\/\/www.spektra.sk\/wp-content\/uploads\/img_a309154_w16588_t1578477695.png","url":"https:\/\/www.spektra.sk\/wp-content\/uploads\/img_a309154_w16588_t1578477695.png","height":0,"width":0},"keywords":null},{"@type":"Article","@id":"https:\/\/www.spektra.sk\/interkomy-prakticka-a-funkcna-komunikacia-motorkarov\/","headline":"Interkomy- praktick\u00e1 a funk\u010dn\u00e1 komunik\u00e1cia motork\u00e1rov","url":"https:\/\/www.spektra.sk\/interkomy-prakticka-a-funkcna-komunikacia-motorkarov\/","datePublished":"2019-11-20","dateModified":"2023-04-25","mainEntityOfPage":"https:\/\/www.spektra.sk\/interkomy-prakticka-a-funkcna-komunikacia-motorkarov\/","author":{"@type":"Person","@id":"https:\/\/www.spektra.sk\/author\/#Person","name":"","url":"https:\/\/www.spektra.sk\/author\/","identifier":1,"image":{"@type":"ImageObject","@id":"https:\/\/secure.gravatar.com\/avatar\/5667bceccdce92893bac6a7981a373152a8b3fa0ab99c198ba0ac0b49a934248?s=96&d=mm&r=g","url":"https:\/\/secure.gravatar.com\/avatar\/5667bceccdce92893bac6a7981a373152a8b3fa0ab99c198ba0ac0b49a934248?s=96&d=mm&r=g","height":96,"width":96}},"publisher":{"@type":"Organization","name":"spektra.sk","logo":{"@type":"ImageObject","@id":"\/logo.png","url":"\/logo.png","width":600,"height":60}},"image":{"@type":"ImageObject","@id":"https:\/\/www.spektra.sk\/wp-content\/uploads\/img_a309160_w16583_t1578478185.jpg","url":"https:\/\/www.spektra.sk\/wp-content\/uploads\/img_a309160_w16583_t1578478185.jpg","height":0,"width":0},"keywords":null},{"@type":"Article","@id":"https:\/\/www.spektra.sk\/uprava-motocykla-zamerana-na-vykonny-vyfuk-s-modernym-dizajnom\/","headline":"\u00daprava motocykla zameran\u00e1 na v\u00fdkonn\u00fd v\u00fdfuk s modern\u00fdm dizajnom","url":"https:\/\/www.spektra.sk\/uprava-motocykla-zamerana-na-vykonny-vyfuk-s-modernym-dizajnom\/","datePublished":"2019-11-14","dateModified":"2023-04-25","mainEntityOfPage":"https:\/\/www.spektra.sk\/uprava-motocykla-zamerana-na-vykonny-vyfuk-s-modernym-dizajnom\/","author":{"@type":"Person","@id":"https:\/\/www.spektra.sk\/author\/#Person","name":"","url":"https:\/\/www.spektra.sk\/author\/","identifier":1,"image":{"@type":"ImageObject","@id":"https:\/\/secure.gravatar.com\/avatar\/5667bceccdce92893bac6a7981a373152a8b3fa0ab99c198ba0ac0b49a934248?s=96&d=mm&r=g","url":"https:\/\/secure.gravatar.com\/avatar\/5667bceccdce92893bac6a7981a373152a8b3fa0ab99c198ba0ac0b49a934248?s=96&d=mm&r=g","height":96,"width":96}},"publisher":{"@type":"Organization","name":"spektra.sk","logo":{"@type":"ImageObject","@id":"\/logo.png","url":"\/logo.png","width":600,"height":60}},"image":{"@type":"ImageObject","@id":"https:\/\/www.spektra.sk\/wp-content\/uploads\/img_a309162_w16813_t1578478731.jpg","url":"https:\/\/www.spektra.sk\/wp-content\/uploads\/img_a309162_w16813_t1578478731.jpg","height":0,"width":0},"keywords":null},{"@type":"Article","@id":"https:\/\/www.spektra.sk\/batozina-na-motorky-pre-kazdeho\/","headline":"Bato\u017eina na motorky pre ka\u017ed\u00e9ho","url":"https:\/\/www.spektra.sk\/batozina-na-motorky-pre-kazdeho\/","datePublished":"2019-11-12","dateModified":"2023-04-25","mainEntityOfPage":"https:\/\/www.spektra.sk\/batozina-na-motorky-pre-kazdeho\/","author":{"@type":"Person","@id":"https:\/\/www.spektra.sk\/author\/#Person","name":"","url":"https:\/\/www.spektra.sk\/author\/","identifier":1,"image":{"@type":"ImageObject","@id":"https:\/\/secure.gravatar.com\/avatar\/5667bceccdce92893bac6a7981a373152a8b3fa0ab99c198ba0ac0b49a934248?s=96&d=mm&r=g","url":"https:\/\/secure.gravatar.com\/avatar\/5667bceccdce92893bac6a7981a373152a8b3fa0ab99c198ba0ac0b49a934248?s=96&d=mm&r=g","height":96,"width":96}},"publisher":{"@type":"Organization","name":"spektra.sk","logo":{"@type":"ImageObject","@id":"\/logo.png","url":"\/logo.png","width":600,"height":60}},"image":{"@type":"ImageObject","@id":"https:\/\/www.spektra.sk\/wp-content\/uploads\/img_a309157_w16585_t1578477948.jpg","url":"https:\/\/www.spektra.sk\/wp-content\/uploads\/img_a309157_w16585_t1578477948.jpg","height":0,"width":0},"keywords":null},{"@type":"Article","@id":"https:\/\/www.spektra.sk\/kvalita-sucasnych-prilieb-na-motorku-z-hladiska-materialov\/","headline":"Kvalita s\u00fa\u010dasn\u00fdch prilieb na motorku z h\u013eadiska materi\u00e1lov","url":"https:\/\/www.spektra.sk\/kvalita-sucasnych-prilieb-na-motorku-z-hladiska-materialov\/","datePublished":"2019-10-08","dateModified":"2023-04-25","mainEntityOfPage":"https:\/\/www.spektra.sk\/kvalita-sucasnych-prilieb-na-motorku-z-hladiska-materialov\/","author":{"@type":"Person","@id":"https:\/\/www.spektra.sk\/author\/#Person","name":"","url":"https:\/\/www.spektra.sk\/author\/","identifier":1,"image":{"@type":"ImageObject","@id":"https:\/\/secure.gravatar.com\/avatar\/5667bceccdce92893bac6a7981a373152a8b3fa0ab99c198ba0ac0b49a934248?s=96&d=mm&r=g","url":"https:\/\/secure.gravatar.com\/avatar\/5667bceccdce92893bac6a7981a373152a8b3fa0ab99c198ba0ac0b49a934248?s=96&d=mm&r=g","height":96,"width":96}},"publisher":{"@type":"Organization","name":"spektra.sk","logo":{"@type":"ImageObject","@id":"\/logo.png","url":"\/logo.png","width":600,"height":60}},"image":{"@type":"ImageObject","@id":"https:\/\/www.spektra.sk\/wp-content\/uploads\/img_a308482_w16610_t1574955185.jpg","url":"https:\/\/www.spektra.sk\/wp-content\/uploads\/img_a308482_w16610_t1574955185.jpg","height":0,"width":0},"keywords":null}]}