{"@context":"https:\/\/schema.org\/","@type":"CollectionPage","@id":"https:\/\/www.spektra.sk\/nakupovanie\/#CollectionPage","headline":"Nakupovanie Category","description":"","url":"https:\/\/www.spektra.sk\/nakupovanie\/","hasPart":[{"@type":"Article","@id":"https:\/\/www.spektra.sk\/pri-ketodiete-sa-nemusite-obavat-hladu\/","headline":"Pri ketodi\u00e9te sa nemus\u00edte ob\u00e1va\u0165 hladu","url":"https:\/\/www.spektra.sk\/pri-ketodiete-sa-nemusite-obavat-hladu\/","datePublished":"2019-10-07","dateModified":"2023-10-25","mainEntityOfPage":"https:\/\/www.spektra.sk\/pri-ketodiete-sa-nemusite-obavat-hladu\/","author":{"@type":"Person","@id":"https:\/\/www.spektra.sk\/author\/#Person","name":"","url":"https:\/\/www.spektra.sk\/author\/","identifier":1,"image":{"@type":"ImageObject","@id":"https:\/\/secure.gravatar.com\/avatar\/5667bceccdce92893bac6a7981a373152a8b3fa0ab99c198ba0ac0b49a934248?s=96&d=mm&r=g","url":"https:\/\/secure.gravatar.com\/avatar\/5667bceccdce92893bac6a7981a373152a8b3fa0ab99c198ba0ac0b49a934248?s=96&d=mm&r=g","height":96,"width":96}},"publisher":{"@type":"Organization","name":"spektra.sk","logo":{"@type":"ImageObject","@id":"\/logo.png","url":"\/logo.png","width":600,"height":60}},"image":{"@type":"ImageObject","@id":"https:\/\/www.spektra.sk\/wp-content\/uploads\/img_a308626_w16749_t1575654660.jpg","url":"https:\/\/www.spektra.sk\/wp-content\/uploads\/img_a308626_w16749_t1575654660.jpg","height":0,"width":0},"keywords":null},{"@type":"Article","@id":"https:\/\/www.spektra.sk\/stylovy-interier-a-masivny-nabytok\/","headline":"\u0160t\u00fdlov\u00fd interi\u00e9r a mas\u00edvny n\u00e1bytok","url":"https:\/\/www.spektra.sk\/stylovy-interier-a-masivny-nabytok\/","datePublished":"2019-09-14","dateModified":"2023-04-25","mainEntityOfPage":"https:\/\/www.spektra.sk\/stylovy-interier-a-masivny-nabytok\/","author":{"@type":"Person","@id":"https:\/\/www.spektra.sk\/author\/#Person","name":"","url":"https:\/\/www.spektra.sk\/author\/","identifier":1,"image":{"@type":"ImageObject","@id":"https:\/\/secure.gravatar.com\/avatar\/5667bceccdce92893bac6a7981a373152a8b3fa0ab99c198ba0ac0b49a934248?s=96&d=mm&r=g","url":"https:\/\/secure.gravatar.com\/avatar\/5667bceccdce92893bac6a7981a373152a8b3fa0ab99c198ba0ac0b49a934248?s=96&d=mm&r=g","height":96,"width":96}},"publisher":{"@type":"Organization","name":"spektra.sk","logo":{"@type":"ImageObject","@id":"\/logo.png","url":"\/logo.png","width":600,"height":60}},"image":{"@type":"ImageObject","@id":"https:\/\/www.spektra.sk\/wp-content\/uploads\/img_a302471_w16678_t1561452452.jpg","url":"https:\/\/www.spektra.sk\/wp-content\/uploads\/img_a302471_w16678_t1561452452.jpg","height":0,"width":0},"keywords":null},{"@type":"Article","@id":"https:\/\/www.spektra.sk\/chranme-sa-pri-jazde-na-motorke\/","headline":"Chr\u00e1\u0148me sa pri jazde na motorke","url":"https:\/\/www.spektra.sk\/chranme-sa-pri-jazde-na-motorke\/","datePublished":"2019-09-09","dateModified":"2023-04-25","mainEntityOfPage":"https:\/\/www.spektra.sk\/chranme-sa-pri-jazde-na-motorke\/","author":{"@type":"Person","@id":"https:\/\/www.spektra.sk\/author\/#Person","name":"","url":"https:\/\/www.spektra.sk\/author\/","identifier":1,"image":{"@type":"ImageObject","@id":"https:\/\/secure.gravatar.com\/avatar\/5667bceccdce92893bac6a7981a373152a8b3fa0ab99c198ba0ac0b49a934248?s=96&d=mm&r=g","url":"https:\/\/secure.gravatar.com\/avatar\/5667bceccdce92893bac6a7981a373152a8b3fa0ab99c198ba0ac0b49a934248?s=96&d=mm&r=g","height":96,"width":96}},"publisher":{"@type":"Organization","name":"spektra.sk","logo":{"@type":"ImageObject","@id":"\/logo.png","url":"\/logo.png","width":600,"height":60}},"image":{"@type":"ImageObject","@id":"https:\/\/www.spektra.sk\/wp-content\/uploads\/img_a307904_w16629_t1572942466.jpg","url":"https:\/\/www.spektra.sk\/wp-content\/uploads\/img_a307904_w16629_t1572942466.jpg","height":0,"width":0},"keywords":null},{"@type":"Article","@id":"https:\/\/www.spektra.sk\/nikdy-nezabudajte-na-prilbu\/","headline":"Nikdy nezab\u00fadajte na prilbu","url":"https:\/\/www.spektra.sk\/nikdy-nezabudajte-na-prilbu\/","datePublished":"2019-08-19","dateModified":"2023-04-25","mainEntityOfPage":"https:\/\/www.spektra.sk\/nikdy-nezabudajte-na-prilbu\/","author":{"@type":"Person","@id":"https:\/\/www.spektra.sk\/author\/#Person","name":"","url":"https:\/\/www.spektra.sk\/author\/","identifier":1,"image":{"@type":"ImageObject","@id":"https:\/\/secure.gravatar.com\/avatar\/5667bceccdce92893bac6a7981a373152a8b3fa0ab99c198ba0ac0b49a934248?s=96&d=mm&r=g","url":"https:\/\/secure.gravatar.com\/avatar\/5667bceccdce92893bac6a7981a373152a8b3fa0ab99c198ba0ac0b49a934248?s=96&d=mm&r=g","height":96,"width":96}},"publisher":{"@type":"Organization","name":"spektra.sk","logo":{"@type":"ImageObject","@id":"\/logo.png","url":"\/logo.png","width":600,"height":60}},"image":{"@type":"ImageObject","@id":"https:\/\/www.spektra.sk\/wp-content\/uploads\/img_a306803_w16690_t1569317970.jpg","url":"https:\/\/www.spektra.sk\/wp-content\/uploads\/img_a306803_w16690_t1569317970.jpg","height":0,"width":0},"keywords":null},{"@type":"Article","@id":"https:\/\/www.spektra.sk\/vhodna-prilba-na-motorku-alebo-uzite-si-svoju-jazdu-skutocne-naplno\/","headline":"Vhodn\u00e1 prilba na motorku alebo u\u017eite si svoju jazdu skuto\u010dne naplno","url":"https:\/\/www.spektra.sk\/vhodna-prilba-na-motorku-alebo-uzite-si-svoju-jazdu-skutocne-naplno\/","datePublished":"2019-08-11","dateModified":"2023-04-25","mainEntityOfPage":"https:\/\/www.spektra.sk\/vhodna-prilba-na-motorku-alebo-uzite-si-svoju-jazdu-skutocne-naplno\/","author":{"@type":"Person","@id":"https:\/\/www.spektra.sk\/author\/#Person","name":"","url":"https:\/\/www.spektra.sk\/author\/","identifier":1,"image":{"@type":"ImageObject","@id":"https:\/\/secure.gravatar.com\/avatar\/5667bceccdce92893bac6a7981a373152a8b3fa0ab99c198ba0ac0b49a934248?s=96&d=mm&r=g","url":"https:\/\/secure.gravatar.com\/avatar\/5667bceccdce92893bac6a7981a373152a8b3fa0ab99c198ba0ac0b49a934248?s=96&d=mm&r=g","height":96,"width":96}},"publisher":{"@type":"Organization","name":"spektra.sk","logo":{"@type":"ImageObject","@id":"\/logo.png","url":"\/logo.png","width":600,"height":60}},"image":{"@type":"ImageObject","@id":"https:\/\/www.spektra.sk\/wp-content\/uploads\/img_a306763_w16698_t1569237087.jpg","url":"https:\/\/www.spektra.sk\/wp-content\/uploads\/img_a306763_w16698_t1569237087.jpg","height":0,"width":0},"keywords":null},{"@type":"Article","@id":"https:\/\/www.spektra.sk\/kvalitna-moto-prilba-je-zakladom-nielen-bezpecnej-ale-tiez-pohodlnej-jazdy\/","headline":"Kvalitn\u00e1 moto prilba je z\u00e1kladom nielen bezpe\u010dnej, ale tie\u017e pohodlnej jazdy","url":"https:\/\/www.spektra.sk\/kvalitna-moto-prilba-je-zakladom-nielen-bezpecnej-ale-tiez-pohodlnej-jazdy\/","datePublished":"2019-07-24","dateModified":"2023-04-25","mainEntityOfPage":"https:\/\/www.spektra.sk\/kvalitna-moto-prilba-je-zakladom-nielen-bezpecnej-ale-tiez-pohodlnej-jazdy\/","author":{"@type":"Person","@id":"https:\/\/www.spektra.sk\/author\/#Person","name":"","url":"https:\/\/www.spektra.sk\/author\/","identifier":1,"image":{"@type":"ImageObject","@id":"https:\/\/secure.gravatar.com\/avatar\/5667bceccdce92893bac6a7981a373152a8b3fa0ab99c198ba0ac0b49a934248?s=96&d=mm&r=g","url":"https:\/\/secure.gravatar.com\/avatar\/5667bceccdce92893bac6a7981a373152a8b3fa0ab99c198ba0ac0b49a934248?s=96&d=mm&r=g","height":96,"width":96}},"publisher":{"@type":"Organization","name":"spektra.sk","logo":{"@type":"ImageObject","@id":"\/logo.png","url":"\/logo.png","width":600,"height":60}},"image":{"@type":"ImageObject","@id":"https:\/\/www.spektra.sk\/wp-content\/uploads\/img_a305217_w16882_t1566473933.jpg","url":"https:\/\/www.spektra.sk\/wp-content\/uploads\/img_a305217_w16882_t1566473933.jpg","height":0,"width":0},"keywords":null},{"@type":"Article","@id":"https:\/\/www.spektra.sk\/rozne-typy-motoriek-a-rozne-specifika-zazitkov-z-jazdy\/","headline":"R\u00f4zne typy motoriek a r\u00f4zne \u0161pecifik\u00e1 z\u00e1\u017eitkov z jazdy","url":"https:\/\/www.spektra.sk\/rozne-typy-motoriek-a-rozne-specifika-zazitkov-z-jazdy\/","datePublished":"2019-07-14","dateModified":"2023-04-25","mainEntityOfPage":"https:\/\/www.spektra.sk\/rozne-typy-motoriek-a-rozne-specifika-zazitkov-z-jazdy\/","author":{"@type":"Person","@id":"https:\/\/www.spektra.sk\/author\/#Person","name":"","url":"https:\/\/www.spektra.sk\/author\/","identifier":1,"image":{"@type":"ImageObject","@id":"https:\/\/secure.gravatar.com\/avatar\/5667bceccdce92893bac6a7981a373152a8b3fa0ab99c198ba0ac0b49a934248?s=96&d=mm&r=g","url":"https:\/\/secure.gravatar.com\/avatar\/5667bceccdce92893bac6a7981a373152a8b3fa0ab99c198ba0ac0b49a934248?s=96&d=mm&r=g","height":96,"width":96}},"publisher":{"@type":"Organization","name":"spektra.sk","logo":{"@type":"ImageObject","@id":"\/logo.png","url":"\/logo.png","width":600,"height":60}},"image":{"@type":"ImageObject","@id":"https:\/\/www.spektra.sk\/wp-content\/uploads\/img_a305207_w16563_t1566472756.jpg","url":"https:\/\/www.spektra.sk\/wp-content\/uploads\/img_a305207_w16563_t1566472756.jpg","height":0,"width":0},"keywords":null},{"@type":"Article","@id":"https:\/\/www.spektra.sk\/zachrani-vam-hlavu-aj-zivot\/","headline":"Zachr\u00e1ni v\u00e1m hlavu aj \u017eivot","url":"https:\/\/www.spektra.sk\/zachrani-vam-hlavu-aj-zivot\/","datePublished":"2019-05-27","dateModified":"2023-04-25","mainEntityOfPage":"https:\/\/www.spektra.sk\/zachrani-vam-hlavu-aj-zivot\/","author":{"@type":"Person","@id":"https:\/\/www.spektra.sk\/author\/#Person","name":"","url":"https:\/\/www.spektra.sk\/author\/","identifier":1,"image":{"@type":"ImageObject","@id":"https:\/\/secure.gravatar.com\/avatar\/5667bceccdce92893bac6a7981a373152a8b3fa0ab99c198ba0ac0b49a934248?s=96&d=mm&r=g","url":"https:\/\/secure.gravatar.com\/avatar\/5667bceccdce92893bac6a7981a373152a8b3fa0ab99c198ba0ac0b49a934248?s=96&d=mm&r=g","height":96,"width":96}},"publisher":{"@type":"Organization","name":"spektra.sk","logo":{"@type":"ImageObject","@id":"\/logo.png","url":"\/logo.png","width":600,"height":60}},"image":{"@type":"ImageObject","@id":"https:\/\/www.spektra.sk\/wp-content\/uploads\/img_a302450_w16671_t1561448731.jpg","url":"https:\/\/www.spektra.sk\/wp-content\/uploads\/img_a302450_w16671_t1561448731.jpg","height":0,"width":0},"keywords":null},{"@type":"Article","@id":"https:\/\/www.spektra.sk\/poradime-vam-ako-spravne-zladit-masivny-nabytok\/","headline":"Porad\u00edme v\u00e1m ako spr\u00e1vne zladi\u0165 mas\u00edvny n\u00e1bytok","url":"https:\/\/www.spektra.sk\/poradime-vam-ako-spravne-zladit-masivny-nabytok\/","datePublished":"2019-05-16","dateModified":"2023-04-25","mainEntityOfPage":"https:\/\/www.spektra.sk\/poradime-vam-ako-spravne-zladit-masivny-nabytok\/","author":{"@type":"Person","@id":"https:\/\/www.spektra.sk\/author\/#Person","name":"","url":"https:\/\/www.spektra.sk\/author\/","identifier":1,"image":{"@type":"ImageObject","@id":"https:\/\/secure.gravatar.com\/avatar\/5667bceccdce92893bac6a7981a373152a8b3fa0ab99c198ba0ac0b49a934248?s=96&d=mm&r=g","url":"https:\/\/secure.gravatar.com\/avatar\/5667bceccdce92893bac6a7981a373152a8b3fa0ab99c198ba0ac0b49a934248?s=96&d=mm&r=g","height":96,"width":96}},"publisher":{"@type":"Organization","name":"spektra.sk","logo":{"@type":"ImageObject","@id":"\/logo.png","url":"\/logo.png","width":600,"height":60}},"image":{"@type":"ImageObject","@id":"https:\/\/www.spektra.sk\/wp-content\/uploads\/img_a302464_w16472_t1561451368.jpg","url":"https:\/\/www.spektra.sk\/wp-content\/uploads\/img_a302464_w16472_t1561451368.jpg","height":0,"width":0},"keywords":null},{"@type":"Article","@id":"https:\/\/www.spektra.sk\/neznicte-si-svoj-sexualny-zivot\/","headline":"Nezni\u010dte si svoj sexu\u00e1lny \u017eivot","url":"https:\/\/www.spektra.sk\/neznicte-si-svoj-sexualny-zivot\/","datePublished":"2019-05-09","dateModified":"2023-04-25","mainEntityOfPage":"https:\/\/www.spektra.sk\/neznicte-si-svoj-sexualny-zivot\/","author":{"@type":"Person","@id":"https:\/\/www.spektra.sk\/author\/#Person","name":"","url":"https:\/\/www.spektra.sk\/author\/","identifier":1,"image":{"@type":"ImageObject","@id":"https:\/\/secure.gravatar.com\/avatar\/5667bceccdce92893bac6a7981a373152a8b3fa0ab99c198ba0ac0b49a934248?s=96&d=mm&r=g","url":"https:\/\/secure.gravatar.com\/avatar\/5667bceccdce92893bac6a7981a373152a8b3fa0ab99c198ba0ac0b49a934248?s=96&d=mm&r=g","height":96,"width":96}},"publisher":{"@type":"Organization","name":"spektra.sk","logo":{"@type":"ImageObject","@id":"\/logo.png","url":"\/logo.png","width":600,"height":60}},"image":{"@type":"ImageObject","@id":"https:\/\/www.spektra.sk\/wp-content\/uploads\/img_a303184_w2036_t1562839873.jpg","url":"https:\/\/www.spektra.sk\/wp-content\/uploads\/img_a303184_w2036_t1562839873.jpg","height":0,"width":0},"keywords":null}]}