{"@context":"https:\/\/schema.org\/","@type":"CollectionPage","@id":"https:\/\/www.spektra.sk\/nakupovanie\/#CollectionPage","headline":"Nakupovanie Category","description":"","url":"https:\/\/www.spektra.sk\/nakupovanie\/","hasPart":[{"@type":"Article","@id":"https:\/\/www.spektra.sk\/na-tomto-by-vam-malo-skutocne-zalezat\/","headline":"Na tomto by v\u00e1m malo skuto\u010dne z\u00e1le\u017ea\u0165","url":"https:\/\/www.spektra.sk\/na-tomto-by-vam-malo-skutocne-zalezat\/","datePublished":"2019-03-21","dateModified":"2023-04-25","mainEntityOfPage":"https:\/\/www.spektra.sk\/na-tomto-by-vam-malo-skutocne-zalezat\/","author":{"@type":"Person","@id":"https:\/\/www.spektra.sk\/author\/#Person","name":"","url":"https:\/\/www.spektra.sk\/author\/","identifier":1,"image":{"@type":"ImageObject","@id":"https:\/\/secure.gravatar.com\/avatar\/5667bceccdce92893bac6a7981a373152a8b3fa0ab99c198ba0ac0b49a934248?s=96&d=mm&r=g","url":"https:\/\/secure.gravatar.com\/avatar\/5667bceccdce92893bac6a7981a373152a8b3fa0ab99c198ba0ac0b49a934248?s=96&d=mm&r=g","height":96,"width":96}},"publisher":{"@type":"Organization","name":"spektra.sk","logo":{"@type":"ImageObject","@id":"\/logo.png","url":"\/logo.png","width":600,"height":60}},"image":{"@type":"ImageObject","@id":"https:\/\/www.spektra.sk\/wp-content\/uploads\/img_a299701_w16567_t1556190941.jpg","url":"https:\/\/www.spektra.sk\/wp-content\/uploads\/img_a299701_w16567_t1556190941.jpg","height":0,"width":0},"keywords":null},{"@type":"Article","@id":"https:\/\/www.spektra.sk\/verte-tomu-ze-toto-vas-potesi\/","headline":"Verte tomu, \u017ee toto v\u00e1s pote\u0161\u00ed","url":"https:\/\/www.spektra.sk\/verte-tomu-ze-toto-vas-potesi\/","datePublished":"2019-03-16","dateModified":"2023-04-25","mainEntityOfPage":"https:\/\/www.spektra.sk\/verte-tomu-ze-toto-vas-potesi\/","author":{"@type":"Person","@id":"https:\/\/www.spektra.sk\/author\/#Person","name":"","url":"https:\/\/www.spektra.sk\/author\/","identifier":1,"image":{"@type":"ImageObject","@id":"https:\/\/secure.gravatar.com\/avatar\/5667bceccdce92893bac6a7981a373152a8b3fa0ab99c198ba0ac0b49a934248?s=96&d=mm&r=g","url":"https:\/\/secure.gravatar.com\/avatar\/5667bceccdce92893bac6a7981a373152a8b3fa0ab99c198ba0ac0b49a934248?s=96&d=mm&r=g","height":96,"width":96}},"publisher":{"@type":"Organization","name":"spektra.sk","logo":{"@type":"ImageObject","@id":"\/logo.png","url":"\/logo.png","width":600,"height":60}},"image":{"@type":"ImageObject","@id":"https:\/\/www.spektra.sk\/wp-content\/uploads\/img_a299692_w16819_t1556190072.jpg","url":"https:\/\/www.spektra.sk\/wp-content\/uploads\/img_a299692_w16819_t1556190072.jpg","height":0,"width":0},"keywords":null},{"@type":"Article","@id":"https:\/\/www.spektra.sk\/sympaticky-a-esteticky-zariadena-spalna\/","headline":"Sympaticky a esteticky zariaden\u00e1 sp\u00e1l\u0148a","url":"https:\/\/www.spektra.sk\/sympaticky-a-esteticky-zariadena-spalna\/","datePublished":"2019-03-15","dateModified":"2023-04-25","mainEntityOfPage":"https:\/\/www.spektra.sk\/sympaticky-a-esteticky-zariadena-spalna\/","author":{"@type":"Person","@id":"https:\/\/www.spektra.sk\/author\/#Person","name":"","url":"https:\/\/www.spektra.sk\/author\/","identifier":1,"image":{"@type":"ImageObject","@id":"https:\/\/secure.gravatar.com\/avatar\/5667bceccdce92893bac6a7981a373152a8b3fa0ab99c198ba0ac0b49a934248?s=96&d=mm&r=g","url":"https:\/\/secure.gravatar.com\/avatar\/5667bceccdce92893bac6a7981a373152a8b3fa0ab99c198ba0ac0b49a934248?s=96&d=mm&r=g","height":96,"width":96}},"publisher":{"@type":"Organization","name":"spektra.sk","logo":{"@type":"ImageObject","@id":"\/logo.png","url":"\/logo.png","width":600,"height":60}},"image":{"@type":"ImageObject","@id":"https:\/\/www.spektra.sk\/wp-content\/uploads\/img_a299694_w16710_t1556190254.jpg","url":"https:\/\/www.spektra.sk\/wp-content\/uploads\/img_a299694_w16710_t1556190254.jpg","height":0,"width":0},"keywords":null},{"@type":"Article","@id":"https:\/\/www.spektra.sk\/vrhnite-sa-na-klasiku\/","headline":"Vrhnite sa na klasiku","url":"https:\/\/www.spektra.sk\/vrhnite-sa-na-klasiku\/","datePublished":"2019-03-10","dateModified":"2023-04-25","mainEntityOfPage":"https:\/\/www.spektra.sk\/vrhnite-sa-na-klasiku\/","author":{"@type":"Person","@id":"https:\/\/www.spektra.sk\/author\/#Person","name":"","url":"https:\/\/www.spektra.sk\/author\/","identifier":1,"image":{"@type":"ImageObject","@id":"https:\/\/secure.gravatar.com\/avatar\/5667bceccdce92893bac6a7981a373152a8b3fa0ab99c198ba0ac0b49a934248?s=96&d=mm&r=g","url":"https:\/\/secure.gravatar.com\/avatar\/5667bceccdce92893bac6a7981a373152a8b3fa0ab99c198ba0ac0b49a934248?s=96&d=mm&r=g","height":96,"width":96}},"publisher":{"@type":"Organization","name":"spektra.sk","logo":{"@type":"ImageObject","@id":"\/logo.png","url":"\/logo.png","width":600,"height":60}},"image":{"@type":"ImageObject","@id":"https:\/\/www.spektra.sk\/wp-content\/uploads\/img_a299757_w2042_t1556271714.jpg","url":"https:\/\/www.spektra.sk\/wp-content\/uploads\/img_a299757_w2042_t1556271714.jpg","height":0,"width":0},"keywords":null},{"@type":"Article","@id":"https:\/\/www.spektra.sk\/vyberame-nabytok-do-spalne\/","headline":"Vyber\u00e1me n\u00e1bytok do sp\u00e1lne","url":"https:\/\/www.spektra.sk\/vyberame-nabytok-do-spalne\/","datePublished":"2019-02-20","dateModified":"2023-04-25","mainEntityOfPage":"https:\/\/www.spektra.sk\/vyberame-nabytok-do-spalne\/","author":{"@type":"Person","@id":"https:\/\/www.spektra.sk\/author\/#Person","name":"","url":"https:\/\/www.spektra.sk\/author\/","identifier":1,"image":{"@type":"ImageObject","@id":"https:\/\/secure.gravatar.com\/avatar\/5667bceccdce92893bac6a7981a373152a8b3fa0ab99c198ba0ac0b49a934248?s=96&d=mm&r=g","url":"https:\/\/secure.gravatar.com\/avatar\/5667bceccdce92893bac6a7981a373152a8b3fa0ab99c198ba0ac0b49a934248?s=96&d=mm&r=g","height":96,"width":96}},"publisher":{"@type":"Organization","name":"spektra.sk","logo":{"@type":"ImageObject","@id":"\/logo.png","url":"\/logo.png","width":600,"height":60}},"image":{"@type":"ImageObject","@id":"https:\/\/www.spektra.sk\/wp-content\/uploads\/img_a297697_w16744_t1552295501.jpg","url":"https:\/\/www.spektra.sk\/wp-content\/uploads\/img_a297697_w16744_t1552295501.jpg","height":0,"width":0},"keywords":null},{"@type":"Article","@id":"https:\/\/www.spektra.sk\/masivny-nabytok-alebo-volba-istoty-na-niekolko-generacii\/","headline":"Mas\u00edvny n\u00e1bytok alebo vo\u013eba istoty na nieko\u013eko gener\u00e1ci\u00ed","url":"https:\/\/www.spektra.sk\/masivny-nabytok-alebo-volba-istoty-na-niekolko-generacii\/","datePublished":"2019-02-07","dateModified":"2023-04-25","mainEntityOfPage":"https:\/\/www.spektra.sk\/masivny-nabytok-alebo-volba-istoty-na-niekolko-generacii\/","author":{"@type":"Person","@id":"https:\/\/www.spektra.sk\/author\/#Person","name":"","url":"https:\/\/www.spektra.sk\/author\/","identifier":1,"image":{"@type":"ImageObject","@id":"https:\/\/secure.gravatar.com\/avatar\/5667bceccdce92893bac6a7981a373152a8b3fa0ab99c198ba0ac0b49a934248?s=96&d=mm&r=g","url":"https:\/\/secure.gravatar.com\/avatar\/5667bceccdce92893bac6a7981a373152a8b3fa0ab99c198ba0ac0b49a934248?s=96&d=mm&r=g","height":96,"width":96}},"publisher":{"@type":"Organization","name":"spektra.sk","logo":{"@type":"ImageObject","@id":"\/logo.png","url":"\/logo.png","width":600,"height":60}},"image":{"@type":"ImageObject","@id":"https:\/\/www.spektra.sk\/wp-content\/uploads\/img_a297696_w16745_t1552295421.jpg","url":"https:\/\/www.spektra.sk\/wp-content\/uploads\/img_a297696_w16745_t1552295421.jpg","height":0,"width":0},"keywords":null},{"@type":"Article","@id":"https:\/\/www.spektra.sk\/ako-by-sa-mal-motorkar-vysporiadat-s-chladivymi-a-veternymi-podmienkami\/","headline":"Ako by sa mal motork\u00e1r vysporiada\u0165 s chladiv\u00fdmi a vetern\u00fdmi podmienkami","url":"https:\/\/www.spektra.sk\/ako-by-sa-mal-motorkar-vysporiadat-s-chladivymi-a-veternymi-podmienkami\/","datePublished":"2019-02-06","dateModified":"2023-04-25","mainEntityOfPage":"https:\/\/www.spektra.sk\/ako-by-sa-mal-motorkar-vysporiadat-s-chladivymi-a-veternymi-podmienkami\/","author":{"@type":"Person","@id":"https:\/\/www.spektra.sk\/author\/#Person","name":"","url":"https:\/\/www.spektra.sk\/author\/","identifier":1,"image":{"@type":"ImageObject","@id":"https:\/\/secure.gravatar.com\/avatar\/5667bceccdce92893bac6a7981a373152a8b3fa0ab99c198ba0ac0b49a934248?s=96&d=mm&r=g","url":"https:\/\/secure.gravatar.com\/avatar\/5667bceccdce92893bac6a7981a373152a8b3fa0ab99c198ba0ac0b49a934248?s=96&d=mm&r=g","height":96,"width":96}},"publisher":{"@type":"Organization","name":"spektra.sk","logo":{"@type":"ImageObject","@id":"\/logo.png","url":"\/logo.png","width":600,"height":60}},"image":{"@type":"ImageObject","@id":"https:\/\/www.spektra.sk\/wp-content\/uploads\/img_a297703_w16776_t1552296174.jpg","url":"https:\/\/www.spektra.sk\/wp-content\/uploads\/img_a297703_w16776_t1552296174.jpg","height":0,"width":0},"keywords":null},{"@type":"Article","@id":"https:\/\/www.spektra.sk\/vsetko-bude-len-o-vybere-nabytku\/","headline":"V\u0161etko bude len o v\u00fdbere n\u00e1bytku","url":"https:\/\/www.spektra.sk\/vsetko-bude-len-o-vybere-nabytku\/","datePublished":"2019-01-18","dateModified":"2023-04-25","mainEntityOfPage":"https:\/\/www.spektra.sk\/vsetko-bude-len-o-vybere-nabytku\/","author":{"@type":"Person","@id":"https:\/\/www.spektra.sk\/author\/#Person","name":"","url":"https:\/\/www.spektra.sk\/author\/","identifier":1,"image":{"@type":"ImageObject","@id":"https:\/\/secure.gravatar.com\/avatar\/5667bceccdce92893bac6a7981a373152a8b3fa0ab99c198ba0ac0b49a934248?s=96&d=mm&r=g","url":"https:\/\/secure.gravatar.com\/avatar\/5667bceccdce92893bac6a7981a373152a8b3fa0ab99c198ba0ac0b49a934248?s=96&d=mm&r=g","height":96,"width":96}},"publisher":{"@type":"Organization","name":"spektra.sk","logo":{"@type":"ImageObject","@id":"\/logo.png","url":"\/logo.png","width":600,"height":60}},"image":{"@type":"ImageObject","@id":"https:\/\/www.spektra.sk\/wp-content\/uploads\/img_a296232_w16672_t1548839430.jpg","url":"https:\/\/www.spektra.sk\/wp-content\/uploads\/img_a296232_w16672_t1548839430.jpg","height":0,"width":0},"keywords":null},{"@type":"Article","@id":"https:\/\/www.spektra.sk\/vase-pracovne-rozhodntutia\/","headline":"Va\u0161e pracovn\u00e9 rozhodntutia","url":"https:\/\/www.spektra.sk\/vase-pracovne-rozhodntutia\/","datePublished":"2019-01-02","dateModified":"2023-04-25","mainEntityOfPage":"https:\/\/www.spektra.sk\/vase-pracovne-rozhodntutia\/","author":{"@type":"Person","@id":"https:\/\/www.spektra.sk\/author\/#Person","name":"","url":"https:\/\/www.spektra.sk\/author\/","identifier":1,"image":{"@type":"ImageObject","@id":"https:\/\/secure.gravatar.com\/avatar\/5667bceccdce92893bac6a7981a373152a8b3fa0ab99c198ba0ac0b49a934248?s=96&d=mm&r=g","url":"https:\/\/secure.gravatar.com\/avatar\/5667bceccdce92893bac6a7981a373152a8b3fa0ab99c198ba0ac0b49a934248?s=96&d=mm&r=g","height":96,"width":96}},"publisher":{"@type":"Organization","name":"spektra.sk","logo":{"@type":"ImageObject","@id":"\/logo.png","url":"\/logo.png","width":600,"height":60}},"image":{"@type":"ImageObject","@id":"https:\/\/www.spektra.sk\/wp-content\/uploads\/img_a297560_w16645_t1551557354.jpg","url":"https:\/\/www.spektra.sk\/wp-content\/uploads\/img_a297560_w16645_t1551557354.jpg","height":0,"width":0},"keywords":null},{"@type":"Article","@id":"https:\/\/www.spektra.sk\/viete-na-com-naozaj-zalezi-a-co-mate-doma\/","headline":"Viete, na \u010dom naozaj z\u00e1le\u017e\u00ed? A \u010do m\u00e1te doma?","url":"https:\/\/www.spektra.sk\/viete-na-com-naozaj-zalezi-a-co-mate-doma\/","datePublished":"2018-12-14","dateModified":"2023-04-25","mainEntityOfPage":"https:\/\/www.spektra.sk\/viete-na-com-naozaj-zalezi-a-co-mate-doma\/","author":{"@type":"Person","@id":"https:\/\/www.spektra.sk\/author\/#Person","name":"","url":"https:\/\/www.spektra.sk\/author\/","identifier":1,"image":{"@type":"ImageObject","@id":"https:\/\/secure.gravatar.com\/avatar\/5667bceccdce92893bac6a7981a373152a8b3fa0ab99c198ba0ac0b49a934248?s=96&d=mm&r=g","url":"https:\/\/secure.gravatar.com\/avatar\/5667bceccdce92893bac6a7981a373152a8b3fa0ab99c198ba0ac0b49a934248?s=96&d=mm&r=g","height":96,"width":96}},"publisher":{"@type":"Organization","name":"spektra.sk","logo":{"@type":"ImageObject","@id":"\/logo.png","url":"\/logo.png","width":600,"height":60}},"image":{"@type":"ImageObject","@id":"https:\/\/www.spektra.sk\/wp-content\/uploads\/img_a294765_w16667_t1545137109.jpg","url":"https:\/\/www.spektra.sk\/wp-content\/uploads\/img_a294765_w16667_t1545137109.jpg","height":0,"width":0},"keywords":null}]}