{"@context":"https:\/\/schema.org\/","@type":"CollectionPage","@id":"https:\/\/www.spektra.sk\/nakupovanie\/#CollectionPage","headline":"Nakupovanie Category","description":"","url":"https:\/\/www.spektra.sk\/nakupovanie\/","hasPart":[{"@type":"Article","@id":"https:\/\/www.spektra.sk\/ked-mate-problem-priznajte-si-to\/","headline":"Ke\u010f m\u00e1te probl\u00e9m, priznajte si to","url":"https:\/\/www.spektra.sk\/ked-mate-problem-priznajte-si-to\/","datePublished":"2018-10-21","dateModified":"2023-04-25","mainEntityOfPage":"https:\/\/www.spektra.sk\/ked-mate-problem-priznajte-si-to\/","author":{"@type":"Person","@id":"https:\/\/www.spektra.sk\/author\/#Person","name":"","url":"https:\/\/www.spektra.sk\/author\/","identifier":1,"image":{"@type":"ImageObject","@id":"https:\/\/secure.gravatar.com\/avatar\/5667bceccdce92893bac6a7981a373152a8b3fa0ab99c198ba0ac0b49a934248?s=96&d=mm&r=g","url":"https:\/\/secure.gravatar.com\/avatar\/5667bceccdce92893bac6a7981a373152a8b3fa0ab99c198ba0ac0b49a934248?s=96&d=mm&r=g","height":96,"width":96}},"publisher":{"@type":"Organization","name":"spektra.sk","logo":{"@type":"ImageObject","@id":"\/logo.png","url":"\/logo.png","width":600,"height":60}},"image":{"@type":"ImageObject","@id":"https:\/\/www.spektra.sk\/wp-content\/uploads\/img_a292440_w16672_t1540540160.jpg","url":"https:\/\/www.spektra.sk\/wp-content\/uploads\/img_a292440_w16672_t1540540160.jpg","height":0,"width":0},"keywords":null},{"@type":"Article","@id":"https:\/\/www.spektra.sk\/nevzdavajte-sa-a-chudnite\/","headline":"Nevzd\u00e1vajte sa a chudnite","url":"https:\/\/www.spektra.sk\/nevzdavajte-sa-a-chudnite\/","datePublished":"2018-10-16","dateModified":"2023-04-25","mainEntityOfPage":"https:\/\/www.spektra.sk\/nevzdavajte-sa-a-chudnite\/","author":{"@type":"Person","@id":"https:\/\/www.spektra.sk\/author\/#Person","name":"","url":"https:\/\/www.spektra.sk\/author\/","identifier":1,"image":{"@type":"ImageObject","@id":"https:\/\/secure.gravatar.com\/avatar\/5667bceccdce92893bac6a7981a373152a8b3fa0ab99c198ba0ac0b49a934248?s=96&d=mm&r=g","url":"https:\/\/secure.gravatar.com\/avatar\/5667bceccdce92893bac6a7981a373152a8b3fa0ab99c198ba0ac0b49a934248?s=96&d=mm&r=g","height":96,"width":96}},"publisher":{"@type":"Organization","name":"spektra.sk","logo":{"@type":"ImageObject","@id":"\/logo.png","url":"\/logo.png","width":600,"height":60}},"image":{"@type":"ImageObject","@id":"https:\/\/www.spektra.sk\/wp-content\/uploads\/img_a292627_w2013_t1540884526.jpg","url":"https:\/\/www.spektra.sk\/wp-content\/uploads\/img_a292627_w2013_t1540884526.jpg","height":0,"width":0},"keywords":null},{"@type":"Article","@id":"https:\/\/www.spektra.sk\/na-trhu-nie-je-iba-viagra\/","headline":"Na trhu nie je iba Viagra","url":"https:\/\/www.spektra.sk\/na-trhu-nie-je-iba-viagra\/","datePublished":"2018-07-26","dateModified":"2023-04-25","mainEntityOfPage":"https:\/\/www.spektra.sk\/na-trhu-nie-je-iba-viagra\/","author":{"@type":"Person","@id":"https:\/\/www.spektra.sk\/author\/#Person","name":"","url":"https:\/\/www.spektra.sk\/author\/","identifier":1,"image":{"@type":"ImageObject","@id":"https:\/\/secure.gravatar.com\/avatar\/5667bceccdce92893bac6a7981a373152a8b3fa0ab99c198ba0ac0b49a934248?s=96&d=mm&r=g","url":"https:\/\/secure.gravatar.com\/avatar\/5667bceccdce92893bac6a7981a373152a8b3fa0ab99c198ba0ac0b49a934248?s=96&d=mm&r=g","height":96,"width":96}},"publisher":{"@type":"Organization","name":"spektra.sk","logo":{"@type":"ImageObject","@id":"\/logo.png","url":"\/logo.png","width":600,"height":60}},"image":{"@type":"ImageObject","@id":"https:\/\/www.spektra.sk\/wp-content\/uploads\/img_a290055_w16638_t1533542348.jpg","url":"https:\/\/www.spektra.sk\/wp-content\/uploads\/img_a290055_w16638_t1533542348.jpg","height":0,"width":0},"keywords":null},{"@type":"Article","@id":"https:\/\/www.spektra.sk\/stuzkova-je-skutocne-dolezita\/","headline":"Stu\u017ekov\u00e1 je skuto\u010dne d\u00f4le\u017eit\u00e1","url":"https:\/\/www.spektra.sk\/stuzkova-je-skutocne-dolezita\/","datePublished":"2018-07-06","dateModified":"2023-04-25","mainEntityOfPage":"https:\/\/www.spektra.sk\/stuzkova-je-skutocne-dolezita\/","author":{"@type":"Person","@id":"https:\/\/www.spektra.sk\/author\/#Person","name":"","url":"https:\/\/www.spektra.sk\/author\/","identifier":1,"image":{"@type":"ImageObject","@id":"https:\/\/secure.gravatar.com\/avatar\/5667bceccdce92893bac6a7981a373152a8b3fa0ab99c198ba0ac0b49a934248?s=96&d=mm&r=g","url":"https:\/\/secure.gravatar.com\/avatar\/5667bceccdce92893bac6a7981a373152a8b3fa0ab99c198ba0ac0b49a934248?s=96&d=mm&r=g","height":96,"width":96}},"publisher":{"@type":"Organization","name":"spektra.sk","logo":{"@type":"ImageObject","@id":"\/logo.png","url":"\/logo.png","width":600,"height":60}},"image":{"@type":"ImageObject","@id":"https:\/\/www.spektra.sk\/wp-content\/uploads\/img_a289777_w16644_t1532067792.jpg","url":"https:\/\/www.spektra.sk\/wp-content\/uploads\/img_a289777_w16644_t1532067792.jpg","height":0,"width":0},"keywords":null},{"@type":"Article","@id":"https:\/\/www.spektra.sk\/problemy-s-erekciou-su-minulostou\/","headline":"Probl\u00e9my s erekciou s\u00fa minulos\u0165ou!","url":"https:\/\/www.spektra.sk\/problemy-s-erekciou-su-minulostou\/","datePublished":"2018-03-25","dateModified":"2023-04-25","mainEntityOfPage":"https:\/\/www.spektra.sk\/problemy-s-erekciou-su-minulostou\/","author":{"@type":"Person","@id":"https:\/\/www.spektra.sk\/author\/#Person","name":"","url":"https:\/\/www.spektra.sk\/author\/","identifier":1,"image":{"@type":"ImageObject","@id":"https:\/\/secure.gravatar.com\/avatar\/5667bceccdce92893bac6a7981a373152a8b3fa0ab99c198ba0ac0b49a934248?s=96&d=mm&r=g","url":"https:\/\/secure.gravatar.com\/avatar\/5667bceccdce92893bac6a7981a373152a8b3fa0ab99c198ba0ac0b49a934248?s=96&d=mm&r=g","height":96,"width":96}},"publisher":{"@type":"Organization","name":"spektra.sk","logo":{"@type":"ImageObject","@id":"\/logo.png","url":"\/logo.png","width":600,"height":60}},"image":{"@type":"ImageObject","@id":"https:\/\/www.spektra.sk\/wp-content\/uploads\/img_a288103_w16560_t1527065727.jpg","url":"https:\/\/www.spektra.sk\/wp-content\/uploads\/img_a288103_w16560_t1527065727.jpg","height":0,"width":0},"keywords":null},{"@type":"Article","@id":"https:\/\/www.spektra.sk\/budte-dokonaly-partner\/","headline":"Bu\u010fte dokonal\u00fd partner","url":"https:\/\/www.spektra.sk\/budte-dokonaly-partner\/","datePublished":"2017-08-18","dateModified":"2023-04-25","mainEntityOfPage":"https:\/\/www.spektra.sk\/budte-dokonaly-partner\/","author":{"@type":"Person","@id":"https:\/\/www.spektra.sk\/author\/#Person","name":"","url":"https:\/\/www.spektra.sk\/author\/","identifier":1,"image":{"@type":"ImageObject","@id":"https:\/\/secure.gravatar.com\/avatar\/5667bceccdce92893bac6a7981a373152a8b3fa0ab99c198ba0ac0b49a934248?s=96&d=mm&r=g","url":"https:\/\/secure.gravatar.com\/avatar\/5667bceccdce92893bac6a7981a373152a8b3fa0ab99c198ba0ac0b49a934248?s=96&d=mm&r=g","height":96,"width":96}},"publisher":{"@type":"Organization","name":"spektra.sk","logo":{"@type":"ImageObject","@id":"\/logo.png","url":"\/logo.png","width":600,"height":60}},"image":{"@type":"ImageObject","@id":"https:\/\/www.spektra.sk\/wp-content\/uploads\/img_a282860_w2016_t1507893494.jpg","url":"https:\/\/www.spektra.sk\/wp-content\/uploads\/img_a282860_w2016_t1507893494.jpg","height":0,"width":0},"keywords":null}]}