[{"@context":"https:\/\/schema.org\/","@type":"Article","@id":"https:\/\/www.spektra.sk\/neustale-sa-stazoval\/#Article","mainEntityOfPage":"https:\/\/www.spektra.sk\/neustale-sa-stazoval\/","headline":"Neust\u00e1le sa s\u0165a\u017eoval","name":"Neust\u00e1le sa s\u0165a\u017eoval","description":"S b\u00fdval\u00fdm priate\u013eom sme spolu boli cez 5 rokov, b\u00fdvali sme spolu v pren\u00e1jme. Mal fyzicky n\u00e1ro\u010dn\u00fa pr\u00e1cu, ktor\u00fa si vybral, \u017ee bude robi\u0165, ale","datePublished":"2023-06-08","dateModified":"2024-01-08","author":{"@type":"Person","@id":"https:\/\/www.spektra.sk\/author\/#Person","name":"","url":"https:\/\/www.spektra.sk\/author\/","identifier":1,"image":{"@type":"ImageObject","@id":"https:\/\/secure.gravatar.com\/avatar\/5667bceccdce92893bac6a7981a373152a8b3fa0ab99c198ba0ac0b49a934248?s=96&d=mm&r=g","url":"https:\/\/secure.gravatar.com\/avatar\/5667bceccdce92893bac6a7981a373152a8b3fa0ab99c198ba0ac0b49a934248?s=96&d=mm&r=g","height":96,"width":96}},"publisher":{"@type":"Organization","name":"spektra.sk","logo":{"@type":"ImageObject","@id":"\/logo.png","url":"\/logo.png","width":600,"height":60}},"image":{"@type":"ImageObject","@id":"https:\/\/www.spektra.sk\/wp-content\/uploads\/couple-1718244_1280%20(2)_10_10_10_1.jpg","url":"https:\/\/www.spektra.sk\/wp-content\/uploads\/couple-1718244_1280%20(2)_10_10_10_1.jpg","height":0,"width":0},"url":"https:\/\/www.spektra.sk\/neustale-sa-stazoval\/","about":["Mu\u017ei"],"wordCount":467,"articleBody":"S b\u00fdval\u00fdm priate\u013eom sme spolu boli cez 5 rokov, b\u00fdvali sme spolu v pren\u00e1jme. Mal fyzicky n\u00e1ro\u010dn\u00fa pr\u00e1cu, ktor\u00fa si vybral, \u017ee bude robi\u0165, ale neust\u00e1le sa s\u0165a\u017eoval, \u017ee ho nebav\u00ed. Odo m\u0148a mal v\u017edy v\u0161etko, full servis, podporu. Takmer v\u017edy ke\u010f pri\u0161iel z pr\u00e1ce bol na m\u0148a na\u0161tvan\u00fd, zl\u00fd, ko\u013ekokr\u00e1t mi nadal. Potom sa napr\u00edklad ospravedlnil \u017ee to tak nemyslel. Len\u017ee toto sa opakovalo takmer v\u017edy. Sna\u017eili sme sa o tom hovori\u0165 \u017ee sa mi nep\u00e1\u010di \u017ee sa ku mne tak spr\u00e1va, ale to nikam neviedlo, v\u017edy chv\u00ed\u013eu snaha n\u00e1s oboch to zmeni\u0165 a potom to zase spadlo tam kde to bolo. A toto sa dialo v podstate cel\u00fa t\u00fa dobu. Je ve\u013emi nest\u00e1ly a nevyrovnan\u00fd na jednu stranu chce nech mu pom\u00f4\u017eem skon\u010di\u0165 s tou pr\u00e1cou a na druh\u00fa chce moju podporu v nej, je remeseln\u00edk podnikate\u013e. Nevie \u010do by chcel, a nie nie je mu 20..Za cel\u00fa dobu mi nepovedal ani jednou zo m\u0148a miluje, len to, \u017ee sex so mnou miluje.. Ke\u010f som chcela niekam \u00eds\u0165 (t\u00fara, baz\u00e9n) povedal nech idem sama. Tak som vlastne v\u0161ade bola sama. Ke\u010f chcel on niekam \u00eds\u0165 a Jankov povedala nech teda ide s\u00e1m, na\u0161tval sa, a povedal mi \u017ee na neho seriem. Posledn\u00fd rok bol najhor\u0161\u00ed a ja som sa rozhodla tu ukon\u010di\u0165, vz\u0165ah nikam neviedol, povedal mi \u017ee ani nevie \u010di so mnou chce by\u0165, to \u017ee by sme si mohli zaobstara\u0165 vlastn\u00fd byt alebo dom o tom nechcel ani po\u010du\u0165. Ke\u010f som nie\u010do chcela ja, tak na to nebol \u010das, ale ke\u010f nie\u010do chcel jeho mamka tak si \u010das urobil v\u017edy &#8211; je hrozn\u00fd mam\u00e1nik, vydr\u017e\u00ed si p\u00edsa\u0165 a vola\u0165 cel\u00e9 dni..Ne\u010dakal \u017ee to ukon\u010d\u00edm, povedala som mu d\u00f4vody, on povedal \u017ee by to chcel zmeni\u0165 ale ja u\u017e bola zo v\u0161etk\u00e9ho tak vysilen\u00e1 \u017ee som u\u017e nechcela. Ja som sa ods\u0165ahovala, ob\u010das sme sa e\u0161te videli alebo si p\u00edsali. Je to p\u00e1r mesiacov od ukon\u010denia a ja som spoznala niekoho nov\u00e9ho, boli sme na p\u00e1r rande, je mi s n\u00edm fajn, obaja by sme to chceli posun\u00fa\u0165 \u010falej. Len\u017ee, do toho sa mi za\u010dal oz\u00fdva\u0165 b\u00fdval\u00ed, \u017ee si uvedomil \u017ee mu ve\u013emi ch\u00fdbam \u017ee ma miluje len nevie pre\u010do mi to nepovedal, \u017ee to \u013eutuje a r\u00e1d by sa vr\u00e1til, \u017ee u\u017e by to takto nechcel a chcel by to zmeni\u0165, treba od\u00eds\u0165 spolo\u010dne do zahrani\u010dia.                                                                                                                                                                                                                                                                                                                                                                                        3.9\/5 - (9 votes)        "},{"@context":"https:\/\/schema.org\/","@type":"BreadcrumbList","itemListElement":[{"@type":"ListItem","position":1,"name":"Neust\u00e1le sa s\u0165a\u017eoval","item":"https:\/\/www.spektra.sk\/neustale-sa-stazoval\/#breadcrumbitem"}]}]