{"@context":"https:\/\/schema.org\/","@type":"CollectionPage","@id":"https:\/\/www.spektra.sk\/online\/#CollectionPage","headline":"Online Category","description":"","url":"https:\/\/www.spektra.sk\/online\/","hasPart":[{"@type":"Article","@id":"https:\/\/www.spektra.sk\/vychofne-nabozenstva\/","headline":"V\u00fdchofn\u00e9 n\u00e1bo\u017eenstv\u00e1","url":"https:\/\/www.spektra.sk\/vychofne-nabozenstva\/","datePublished":"2023-11-11","dateModified":"2024-01-19","mainEntityOfPage":"https:\/\/www.spektra.sk\/vychofne-nabozenstva\/","author":{"@type":"Person","@id":"https:\/\/www.spektra.sk\/author\/#Person","name":"","url":"https:\/\/www.spektra.sk\/author\/","identifier":1,"image":{"@type":"ImageObject","@id":"https:\/\/secure.gravatar.com\/avatar\/5667bceccdce92893bac6a7981a373152a8b3fa0ab99c198ba0ac0b49a934248?s=96&d=mm&r=g","url":"https:\/\/secure.gravatar.com\/avatar\/5667bceccdce92893bac6a7981a373152a8b3fa0ab99c198ba0ac0b49a934248?s=96&d=mm&r=g","height":96,"width":96}},"publisher":{"@type":"Organization","name":"spektra.sk","logo":{"@type":"ImageObject","@id":"\/logo.png","url":"\/logo.png","width":600,"height":60}},"image":{"@type":"ImageObject","@id":"https:\/\/www.spektra.sk\/wp-content\/uploads\/massage-therapy-1584711_1280_3.jpg","url":"https:\/\/www.spektra.sk\/wp-content\/uploads\/massage-therapy-1584711_1280_3.jpg","height":0,"width":0},"keywords":null},{"@type":"Article","@id":"https:\/\/www.spektra.sk\/ukoncenie-zivnosti-tymto-ukonom-sa-nevyhnete\/","headline":"Ukon\u010denie \u017eivnosti &#8211; t\u00fdmto \u00fakonom sa nevyhnete","url":"https:\/\/www.spektra.sk\/ukoncenie-zivnosti-tymto-ukonom-sa-nevyhnete\/","datePublished":"2023-01-20","dateModified":"2023-01-20","mainEntityOfPage":"https:\/\/www.spektra.sk\/ukoncenie-zivnosti-tymto-ukonom-sa-nevyhnete\/","author":{"@type":"Person","@id":"https:\/\/www.spektra.sk\/author\/#Person","name":"","url":"https:\/\/www.spektra.sk\/author\/","identifier":1,"image":{"@type":"ImageObject","@id":"https:\/\/secure.gravatar.com\/avatar\/5667bceccdce92893bac6a7981a373152a8b3fa0ab99c198ba0ac0b49a934248?s=96&d=mm&r=g","url":"https:\/\/secure.gravatar.com\/avatar\/5667bceccdce92893bac6a7981a373152a8b3fa0ab99c198ba0ac0b49a934248?s=96&d=mm&r=g","height":96,"width":96}},"publisher":{"@type":"Organization","name":"spektra.sk","logo":{"@type":"ImageObject","@id":"\/logo.png","url":"\/logo.png","width":600,"height":60}},"image":{"@type":"ImageObject","@id":"https:\/\/www.spektra.sk\/wp-content\/uploads\/teamwork-gaf95bcd8e_1920.jpg","url":"https:\/\/www.spektra.sk\/wp-content\/uploads\/teamwork-gaf95bcd8e_1920.jpg","height":0,"width":0},"keywords":null},{"@type":"Article","@id":"https:\/\/www.spektra.sk\/obedy-u-nas\/","headline":"Obedy u n\u00e1s","url":"https:\/\/www.spektra.sk\/obedy-u-nas\/","datePublished":"2022-11-20","dateModified":"2023-04-25","mainEntityOfPage":"https:\/\/www.spektra.sk\/obedy-u-nas\/","author":{"@type":"Person","@id":"https:\/\/www.spektra.sk\/author\/#Person","name":"","url":"https:\/\/www.spektra.sk\/author\/","identifier":1,"image":{"@type":"ImageObject","@id":"https:\/\/secure.gravatar.com\/avatar\/5667bceccdce92893bac6a7981a373152a8b3fa0ab99c198ba0ac0b49a934248?s=96&d=mm&r=g","url":"https:\/\/secure.gravatar.com\/avatar\/5667bceccdce92893bac6a7981a373152a8b3fa0ab99c198ba0ac0b49a934248?s=96&d=mm&r=g","height":96,"width":96}},"publisher":{"@type":"Organization","name":"spektra.sk","logo":{"@type":"ImageObject","@id":"\/logo.png","url":"\/logo.png","width":600,"height":60}},"image":{"@type":"ImageObject","@id":"https:\/\/www.spektra.sk\/wp-content\/uploads\/tatar-1194056_1280.jpg","url":"https:\/\/www.spektra.sk\/wp-content\/uploads\/tatar-1194056_1280.jpg","height":0,"width":0},"keywords":null},{"@type":"Article","@id":"https:\/\/www.spektra.sk\/niekto-sa-dokaze-presadit-aj-len-na-internete\/","headline":"Niekto sa dok\u00e1\u017ee presadi\u0165 aj len na internete","url":"https:\/\/www.spektra.sk\/niekto-sa-dokaze-presadit-aj-len-na-internete\/","datePublished":"2019-07-25","dateModified":"2023-04-25","mainEntityOfPage":"https:\/\/www.spektra.sk\/niekto-sa-dokaze-presadit-aj-len-na-internete\/","author":{"@type":"Person","@id":"https:\/\/www.spektra.sk\/author\/#Person","name":"","url":"https:\/\/www.spektra.sk\/author\/","identifier":1,"image":{"@type":"ImageObject","@id":"https:\/\/secure.gravatar.com\/avatar\/5667bceccdce92893bac6a7981a373152a8b3fa0ab99c198ba0ac0b49a934248?s=96&d=mm&r=g","url":"https:\/\/secure.gravatar.com\/avatar\/5667bceccdce92893bac6a7981a373152a8b3fa0ab99c198ba0ac0b49a934248?s=96&d=mm&r=g","height":96,"width":96}},"publisher":{"@type":"Organization","name":"spektra.sk","logo":{"@type":"ImageObject","@id":"\/logo.png","url":"\/logo.png","width":600,"height":60}},"image":{"@type":"ImageObject","@id":"https:\/\/www.spektra.sk\/wp-content\/uploads\/img_a305156_w16812_t1566403961.jpg","url":"https:\/\/www.spektra.sk\/wp-content\/uploads\/img_a305156_w16812_t1566403961.jpg","height":0,"width":0},"keywords":null}]}