[{"@context":"https:\/\/schema.org\/","@type":"Blog","@id":"https:\/\/www.spektra.sk#Blog","headline":"Spektra","description":"\nKedy prezu\u0165 na zimn\u00e9, v\u0161etko o aktu\u00e1lnej legislat\u00edve a in\u00fdch motoristick\u00fdch novink\u00e1ch a tipoch, sa dozviete v na\u0161om magaz\u00edne, ktor\u00fd sa dobre \u010d\u00edta.","url":"https:\/\/www.spektra.sk","hasPart":[{"@type":"Article","@id":"https:\/\/www.spektra.sk\/stylovy-interier-a-masivny-nabytok\/","headline":"\u0160t\u00fdlov\u00fd interi\u00e9r a mas\u00edvny n\u00e1bytok","url":"https:\/\/www.spektra.sk\/stylovy-interier-a-masivny-nabytok\/","datePublished":"2019-09-14","dateModified":"2023-04-25","mainEntityOfPage":"https:\/\/www.spektra.sk\/stylovy-interier-a-masivny-nabytok\/","author":{"@type":"Person","@id":"https:\/\/www.spektra.sk\/author\/#Person","name":"","url":"https:\/\/www.spektra.sk\/author\/","identifier":1,"image":{"@type":"ImageObject","@id":"https:\/\/secure.gravatar.com\/avatar\/5667bceccdce92893bac6a7981a373152a8b3fa0ab99c198ba0ac0b49a934248?s=96&d=mm&r=g","url":"https:\/\/secure.gravatar.com\/avatar\/5667bceccdce92893bac6a7981a373152a8b3fa0ab99c198ba0ac0b49a934248?s=96&d=mm&r=g","height":96,"width":96}},"publisher":{"@type":"Organization","name":"spektra.sk","logo":{"@type":"ImageObject","@id":"\/logo.png","url":"\/logo.png","width":600,"height":60}},"image":{"@type":"ImageObject","@id":"https:\/\/www.spektra.sk\/wp-content\/uploads\/img_a302471_w16678_t1561452452.jpg","url":"https:\/\/www.spektra.sk\/wp-content\/uploads\/img_a302471_w16678_t1561452452.jpg","height":0,"width":0},"wordCount":502,"keywords":null},{"@type":"Article","@id":"https:\/\/www.spektra.sk\/chodnicek-vasich-snov\/","headline":"Chodn\u00ed\u010dek va\u0161ich snov!","url":"https:\/\/www.spektra.sk\/chodnicek-vasich-snov\/","datePublished":"2019-09-13","dateModified":"2023-04-25","mainEntityOfPage":"https:\/\/www.spektra.sk\/chodnicek-vasich-snov\/","author":{"@type":"Person","@id":"https:\/\/www.spektra.sk\/author\/#Person","name":"","url":"https:\/\/www.spektra.sk\/author\/","identifier":1,"image":{"@type":"ImageObject","@id":"https:\/\/secure.gravatar.com\/avatar\/5667bceccdce92893bac6a7981a373152a8b3fa0ab99c198ba0ac0b49a934248?s=96&d=mm&r=g","url":"https:\/\/secure.gravatar.com\/avatar\/5667bceccdce92893bac6a7981a373152a8b3fa0ab99c198ba0ac0b49a934248?s=96&d=mm&r=g","height":96,"width":96}},"publisher":{"@type":"Organization","name":"spektra.sk","logo":{"@type":"ImageObject","@id":"\/logo.png","url":"\/logo.png","width":600,"height":60}},"image":{"@type":"ImageObject","@id":"https:\/\/www.spektra.sk\/wp-content\/uploads\/img_a306494_w16762_t1568998839.jpg","url":"https:\/\/www.spektra.sk\/wp-content\/uploads\/img_a306494_w16762_t1568998839.jpg","height":0,"width":0},"wordCount":561,"keywords":null},{"@type":"Article","@id":"https:\/\/www.spektra.sk\/chranme-sa-pri-jazde-na-motorke\/","headline":"Chr\u00e1\u0148me sa pri jazde na motorke","url":"https:\/\/www.spektra.sk\/chranme-sa-pri-jazde-na-motorke\/","datePublished":"2019-09-09","dateModified":"2023-04-25","mainEntityOfPage":"https:\/\/www.spektra.sk\/chranme-sa-pri-jazde-na-motorke\/","author":{"@type":"Person","@id":"https:\/\/www.spektra.sk\/author\/#Person","name":"","url":"https:\/\/www.spektra.sk\/author\/","identifier":1,"image":{"@type":"ImageObject","@id":"https:\/\/secure.gravatar.com\/avatar\/5667bceccdce92893bac6a7981a373152a8b3fa0ab99c198ba0ac0b49a934248?s=96&d=mm&r=g","url":"https:\/\/secure.gravatar.com\/avatar\/5667bceccdce92893bac6a7981a373152a8b3fa0ab99c198ba0ac0b49a934248?s=96&d=mm&r=g","height":96,"width":96}},"publisher":{"@type":"Organization","name":"spektra.sk","logo":{"@type":"ImageObject","@id":"\/logo.png","url":"\/logo.png","width":600,"height":60}},"image":{"@type":"ImageObject","@id":"https:\/\/www.spektra.sk\/wp-content\/uploads\/img_a307904_w16629_t1572942466.jpg","url":"https:\/\/www.spektra.sk\/wp-content\/uploads\/img_a307904_w16629_t1572942466.jpg","height":0,"width":0},"wordCount":476,"keywords":null},{"@type":"Article","@id":"https:\/\/www.spektra.sk\/nikdy-nezabudajte-na-prilbu\/","headline":"Nikdy nezab\u00fadajte na prilbu","url":"https:\/\/www.spektra.sk\/nikdy-nezabudajte-na-prilbu\/","datePublished":"2019-08-19","dateModified":"2023-04-25","mainEntityOfPage":"https:\/\/www.spektra.sk\/nikdy-nezabudajte-na-prilbu\/","author":{"@type":"Person","@id":"https:\/\/www.spektra.sk\/author\/#Person","name":"","url":"https:\/\/www.spektra.sk\/author\/","identifier":1,"image":{"@type":"ImageObject","@id":"https:\/\/secure.gravatar.com\/avatar\/5667bceccdce92893bac6a7981a373152a8b3fa0ab99c198ba0ac0b49a934248?s=96&d=mm&r=g","url":"https:\/\/secure.gravatar.com\/avatar\/5667bceccdce92893bac6a7981a373152a8b3fa0ab99c198ba0ac0b49a934248?s=96&d=mm&r=g","height":96,"width":96}},"publisher":{"@type":"Organization","name":"spektra.sk","logo":{"@type":"ImageObject","@id":"\/logo.png","url":"\/logo.png","width":600,"height":60}},"image":{"@type":"ImageObject","@id":"https:\/\/www.spektra.sk\/wp-content\/uploads\/img_a306803_w16690_t1569317970.jpg","url":"https:\/\/www.spektra.sk\/wp-content\/uploads\/img_a306803_w16690_t1569317970.jpg","height":0,"width":0},"wordCount":468,"keywords":null},{"@type":"Article","@id":"https:\/\/www.spektra.sk\/rozmnozujeme-rakytnik\/","headline":"Rozmno\u017eujeme rakytn\u00edk","url":"https:\/\/www.spektra.sk\/rozmnozujeme-rakytnik\/","datePublished":"2019-08-17","dateModified":"2023-04-25","mainEntityOfPage":"https:\/\/www.spektra.sk\/rozmnozujeme-rakytnik\/","author":{"@type":"Person","@id":"https:\/\/www.spektra.sk\/author\/#Person","name":"","url":"https:\/\/www.spektra.sk\/author\/","identifier":1,"image":{"@type":"ImageObject","@id":"https:\/\/secure.gravatar.com\/avatar\/5667bceccdce92893bac6a7981a373152a8b3fa0ab99c198ba0ac0b49a934248?s=96&d=mm&r=g","url":"https:\/\/secure.gravatar.com\/avatar\/5667bceccdce92893bac6a7981a373152a8b3fa0ab99c198ba0ac0b49a934248?s=96&d=mm&r=g","height":96,"width":96}},"publisher":{"@type":"Organization","name":"spektra.sk","logo":{"@type":"ImageObject","@id":"\/logo.png","url":"\/logo.png","width":600,"height":60}},"image":{"@type":"ImageObject","@id":"https:\/\/www.spektra.sk\/wp-content\/uploads\/img_a306235_w16749_t1568740630.jpg","url":"https:\/\/www.spektra.sk\/wp-content\/uploads\/img_a306235_w16749_t1568740630.jpg","height":0,"width":0},"wordCount":498,"keywords":null},{"@type":"Article","@id":"https:\/\/www.spektra.sk\/vhodna-prilba-na-motorku-alebo-uzite-si-svoju-jazdu-skutocne-naplno\/","headline":"Vhodn\u00e1 prilba na motorku alebo u\u017eite si svoju jazdu skuto\u010dne naplno","url":"https:\/\/www.spektra.sk\/vhodna-prilba-na-motorku-alebo-uzite-si-svoju-jazdu-skutocne-naplno\/","datePublished":"2019-08-11","dateModified":"2023-04-25","mainEntityOfPage":"https:\/\/www.spektra.sk\/vhodna-prilba-na-motorku-alebo-uzite-si-svoju-jazdu-skutocne-naplno\/","author":{"@type":"Person","@id":"https:\/\/www.spektra.sk\/author\/#Person","name":"","url":"https:\/\/www.spektra.sk\/author\/","identifier":1,"image":{"@type":"ImageObject","@id":"https:\/\/secure.gravatar.com\/avatar\/5667bceccdce92893bac6a7981a373152a8b3fa0ab99c198ba0ac0b49a934248?s=96&d=mm&r=g","url":"https:\/\/secure.gravatar.com\/avatar\/5667bceccdce92893bac6a7981a373152a8b3fa0ab99c198ba0ac0b49a934248?s=96&d=mm&r=g","height":96,"width":96}},"publisher":{"@type":"Organization","name":"spektra.sk","logo":{"@type":"ImageObject","@id":"\/logo.png","url":"\/logo.png","width":600,"height":60}},"image":{"@type":"ImageObject","@id":"https:\/\/www.spektra.sk\/wp-content\/uploads\/img_a306763_w16698_t1569237087.jpg","url":"https:\/\/www.spektra.sk\/wp-content\/uploads\/img_a306763_w16698_t1569237087.jpg","height":0,"width":0},"wordCount":495,"keywords":null},{"@type":"Article","@id":"https:\/\/www.spektra.sk\/prezident-spolocnosti-microsoft-usiluje-o-ukoncenie-americkeho-technologickeho-zakazu\/","headline":"Prezident spolo\u010dnosti Microsoft usiluje o ukon\u010denie americk\u00e9ho technologick\u00e9ho z\u00e1kazu","url":"https:\/\/www.spektra.sk\/prezident-spolocnosti-microsoft-usiluje-o-ukoncenie-americkeho-technologickeho-zakazu\/","datePublished":"2019-08-09","dateModified":"2023-04-25","mainEntityOfPage":"https:\/\/www.spektra.sk\/prezident-spolocnosti-microsoft-usiluje-o-ukoncenie-americkeho-technologickeho-zakazu\/","author":{"@type":"Person","@id":"https:\/\/www.spektra.sk\/author\/#Person","name":"","url":"https:\/\/www.spektra.sk\/author\/","identifier":1,"image":{"@type":"ImageObject","@id":"https:\/\/secure.gravatar.com\/avatar\/5667bceccdce92893bac6a7981a373152a8b3fa0ab99c198ba0ac0b49a934248?s=96&d=mm&r=g","url":"https:\/\/secure.gravatar.com\/avatar\/5667bceccdce92893bac6a7981a373152a8b3fa0ab99c198ba0ac0b49a934248?s=96&d=mm&r=g","height":96,"width":96}},"publisher":{"@type":"Organization","name":"spektra.sk","logo":{"@type":"ImageObject","@id":"\/logo.png","url":"\/logo.png","width":600,"height":60}},"image":{"@type":"ImageObject","@id":"https:\/\/www.spektra.sk\/wp-content\/uploads\/img_a306766_w16796_t1569245735.jpg","url":"https:\/\/www.spektra.sk\/wp-content\/uploads\/img_a306766_w16796_t1569245735.jpg","height":0,"width":0},"wordCount":457,"keywords":null},{"@type":"Article","@id":"https:\/\/www.spektra.sk\/ako-si-spravne-vybrat-elektricku-kolobezku\/","headline":"Ako si spr\u00e1vne vybra\u0165 elektrick\u00fa kolobe\u017eku?","url":"https:\/\/www.spektra.sk\/ako-si-spravne-vybrat-elektricku-kolobezku\/","datePublished":"2019-08-05","dateModified":"2023-04-25","mainEntityOfPage":"https:\/\/www.spektra.sk\/ako-si-spravne-vybrat-elektricku-kolobezku\/","author":{"@type":"Person","@id":"https:\/\/www.spektra.sk\/author\/#Person","name":"","url":"https:\/\/www.spektra.sk\/author\/","identifier":1,"image":{"@type":"ImageObject","@id":"https:\/\/secure.gravatar.com\/avatar\/5667bceccdce92893bac6a7981a373152a8b3fa0ab99c198ba0ac0b49a934248?s=96&d=mm&r=g","url":"https:\/\/secure.gravatar.com\/avatar\/5667bceccdce92893bac6a7981a373152a8b3fa0ab99c198ba0ac0b49a934248?s=96&d=mm&r=g","height":96,"width":96}},"publisher":{"@type":"Organization","name":"spektra.sk","logo":{"@type":"ImageObject","@id":"\/logo.png","url":"\/logo.png","width":600,"height":60}},"image":{"@type":"ImageObject","@id":"https:\/\/www.spektra.sk\/wp-content\/uploads\/img_a306800_w16764_t1569250319.png","url":"https:\/\/www.spektra.sk\/wp-content\/uploads\/img_a306800_w16764_t1569250319.png","height":0,"width":0},"wordCount":445,"keywords":null},{"@type":"Article","@id":"https:\/\/www.spektra.sk\/niekto-sa-dokaze-presadit-aj-len-na-internete\/","headline":"Niekto sa dok\u00e1\u017ee presadi\u0165 aj len na internete","url":"https:\/\/www.spektra.sk\/niekto-sa-dokaze-presadit-aj-len-na-internete\/","datePublished":"2019-07-25","dateModified":"2023-04-25","mainEntityOfPage":"https:\/\/www.spektra.sk\/niekto-sa-dokaze-presadit-aj-len-na-internete\/","author":{"@type":"Person","@id":"https:\/\/www.spektra.sk\/author\/#Person","name":"","url":"https:\/\/www.spektra.sk\/author\/","identifier":1,"image":{"@type":"ImageObject","@id":"https:\/\/secure.gravatar.com\/avatar\/5667bceccdce92893bac6a7981a373152a8b3fa0ab99c198ba0ac0b49a934248?s=96&d=mm&r=g","url":"https:\/\/secure.gravatar.com\/avatar\/5667bceccdce92893bac6a7981a373152a8b3fa0ab99c198ba0ac0b49a934248?s=96&d=mm&r=g","height":96,"width":96}},"publisher":{"@type":"Organization","name":"spektra.sk","logo":{"@type":"ImageObject","@id":"\/logo.png","url":"\/logo.png","width":600,"height":60}},"image":{"@type":"ImageObject","@id":"https:\/\/www.spektra.sk\/wp-content\/uploads\/img_a305156_w16812_t1566403961.jpg","url":"https:\/\/www.spektra.sk\/wp-content\/uploads\/img_a305156_w16812_t1566403961.jpg","height":0,"width":0},"wordCount":472,"keywords":null},{"@type":"Article","@id":"https:\/\/www.spektra.sk\/co-je-to-ssl-a-tls\/","headline":"\u010co je to SSL a TLS?","url":"https:\/\/www.spektra.sk\/co-je-to-ssl-a-tls\/","datePublished":"2019-07-25","dateModified":"2023-04-25","mainEntityOfPage":"https:\/\/www.spektra.sk\/co-je-to-ssl-a-tls\/","author":{"@type":"Person","@id":"https:\/\/www.spektra.sk\/author\/#Person","name":"","url":"https:\/\/www.spektra.sk\/author\/","identifier":1,"image":{"@type":"ImageObject","@id":"https:\/\/secure.gravatar.com\/avatar\/5667bceccdce92893bac6a7981a373152a8b3fa0ab99c198ba0ac0b49a934248?s=96&d=mm&r=g","url":"https:\/\/secure.gravatar.com\/avatar\/5667bceccdce92893bac6a7981a373152a8b3fa0ab99c198ba0ac0b49a934248?s=96&d=mm&r=g","height":96,"width":96}},"publisher":{"@type":"Organization","name":"spektra.sk","logo":{"@type":"ImageObject","@id":"\/logo.png","url":"\/logo.png","width":600,"height":60}},"image":{"@type":"ImageObject","@id":"https:\/\/www.spektra.sk\/wp-content\/uploads\/img_a304021_w16536_t1564499164.jpg","url":"https:\/\/www.spektra.sk\/wp-content\/uploads\/img_a304021_w16536_t1564499164.jpg","height":0,"width":0},"wordCount":514,"keywords":null}]},{"@context":"https:\/\/schema.org","@type":"WebSite","@id":"https:\/\/www.spektra.sk\/#website","name":"Spektra","url":"https:\/\/www.spektra.sk","potentialAction":{"@type":"SearchAction","target":"https:\/\/www.spektra.sk\/?s={search_term_string}","query-input":"required name=search_term_string"}}]