[{"@context":"https:\/\/schema.org\/","@type":"Blog","@id":"https:\/\/www.spektra.sk#Blog","headline":"Spektra","description":"\nKedy prezu\u0165 na zimn\u00e9, v\u0161etko o aktu\u00e1lnej legislat\u00edve a in\u00fdch motoristick\u00fdch novink\u00e1ch a tipoch, sa dozviete v na\u0161om magaz\u00edne, ktor\u00fd sa dobre \u010d\u00edta.","url":"https:\/\/www.spektra.sk","hasPart":[{"@type":"Article","@id":"https:\/\/www.spektra.sk\/ako-naucit-psa-povel-daj-labku\/","headline":"Ako nau\u010di\u0165 psa povel \u201eDAJ LABKU\u201c","url":"https:\/\/www.spektra.sk\/ako-naucit-psa-povel-daj-labku\/","datePublished":"2019-05-04","dateModified":"2023-04-25","mainEntityOfPage":"https:\/\/www.spektra.sk\/ako-naucit-psa-povel-daj-labku\/","author":{"@type":"Person","@id":"https:\/\/www.spektra.sk\/author\/#Person","name":"","url":"https:\/\/www.spektra.sk\/author\/","identifier":1,"image":{"@type":"ImageObject","@id":"https:\/\/secure.gravatar.com\/avatar\/5667bceccdce92893bac6a7981a373152a8b3fa0ab99c198ba0ac0b49a934248?s=96&d=mm&r=g","url":"https:\/\/secure.gravatar.com\/avatar\/5667bceccdce92893bac6a7981a373152a8b3fa0ab99c198ba0ac0b49a934248?s=96&d=mm&r=g","height":96,"width":96}},"publisher":{"@type":"Organization","name":"spektra.sk","logo":{"@type":"ImageObject","@id":"\/logo.png","url":"\/logo.png","width":600,"height":60}},"image":{"@type":"ImageObject","@id":"https:\/\/www.spektra.sk\/wp-content\/uploads\/img_a301591_w16536_t1559056171.jpg","url":"https:\/\/www.spektra.sk\/wp-content\/uploads\/img_a301591_w16536_t1559056171.jpg","height":0,"width":0},"wordCount":474,"keywords":null},{"@type":"Article","@id":"https:\/\/www.spektra.sk\/co-na-nechty\/","headline":"\u010co na nechty?","url":"https:\/\/www.spektra.sk\/co-na-nechty\/","datePublished":"2019-04-01","dateModified":"2023-04-25","mainEntityOfPage":"https:\/\/www.spektra.sk\/co-na-nechty\/","author":{"@type":"Person","@id":"https:\/\/www.spektra.sk\/author\/#Person","name":"","url":"https:\/\/www.spektra.sk\/author\/","identifier":1,"image":{"@type":"ImageObject","@id":"https:\/\/secure.gravatar.com\/avatar\/5667bceccdce92893bac6a7981a373152a8b3fa0ab99c198ba0ac0b49a934248?s=96&d=mm&r=g","url":"https:\/\/secure.gravatar.com\/avatar\/5667bceccdce92893bac6a7981a373152a8b3fa0ab99c198ba0ac0b49a934248?s=96&d=mm&r=g","height":96,"width":96}},"publisher":{"@type":"Organization","name":"spektra.sk","logo":{"@type":"ImageObject","@id":"\/logo.png","url":"\/logo.png","width":600,"height":60}},"image":{"@type":"ImageObject","@id":"https:\/\/www.spektra.sk\/wp-content\/uploads\/img_a300226_w16684_t1556554943.jpg","url":"https:\/\/www.spektra.sk\/wp-content\/uploads\/img_a300226_w16684_t1556554943.jpg","height":0,"width":0},"wordCount":534,"keywords":null},{"@type":"Article","@id":"https:\/\/www.spektra.sk\/na-tomto-by-vam-malo-skutocne-zalezat\/","headline":"Na tomto by v\u00e1m malo skuto\u010dne z\u00e1le\u017ea\u0165","url":"https:\/\/www.spektra.sk\/na-tomto-by-vam-malo-skutocne-zalezat\/","datePublished":"2019-03-21","dateModified":"2023-04-25","mainEntityOfPage":"https:\/\/www.spektra.sk\/na-tomto-by-vam-malo-skutocne-zalezat\/","author":{"@type":"Person","@id":"https:\/\/www.spektra.sk\/author\/#Person","name":"","url":"https:\/\/www.spektra.sk\/author\/","identifier":1,"image":{"@type":"ImageObject","@id":"https:\/\/secure.gravatar.com\/avatar\/5667bceccdce92893bac6a7981a373152a8b3fa0ab99c198ba0ac0b49a934248?s=96&d=mm&r=g","url":"https:\/\/secure.gravatar.com\/avatar\/5667bceccdce92893bac6a7981a373152a8b3fa0ab99c198ba0ac0b49a934248?s=96&d=mm&r=g","height":96,"width":96}},"publisher":{"@type":"Organization","name":"spektra.sk","logo":{"@type":"ImageObject","@id":"\/logo.png","url":"\/logo.png","width":600,"height":60}},"image":{"@type":"ImageObject","@id":"https:\/\/www.spektra.sk\/wp-content\/uploads\/img_a299701_w16567_t1556190941.jpg","url":"https:\/\/www.spektra.sk\/wp-content\/uploads\/img_a299701_w16567_t1556190941.jpg","height":0,"width":0},"wordCount":515,"keywords":null},{"@type":"Article","@id":"https:\/\/www.spektra.sk\/verte-tomu-ze-toto-vas-potesi\/","headline":"Verte tomu, \u017ee toto v\u00e1s pote\u0161\u00ed","url":"https:\/\/www.spektra.sk\/verte-tomu-ze-toto-vas-potesi\/","datePublished":"2019-03-16","dateModified":"2023-04-25","mainEntityOfPage":"https:\/\/www.spektra.sk\/verte-tomu-ze-toto-vas-potesi\/","author":{"@type":"Person","@id":"https:\/\/www.spektra.sk\/author\/#Person","name":"","url":"https:\/\/www.spektra.sk\/author\/","identifier":1,"image":{"@type":"ImageObject","@id":"https:\/\/secure.gravatar.com\/avatar\/5667bceccdce92893bac6a7981a373152a8b3fa0ab99c198ba0ac0b49a934248?s=96&d=mm&r=g","url":"https:\/\/secure.gravatar.com\/avatar\/5667bceccdce92893bac6a7981a373152a8b3fa0ab99c198ba0ac0b49a934248?s=96&d=mm&r=g","height":96,"width":96}},"publisher":{"@type":"Organization","name":"spektra.sk","logo":{"@type":"ImageObject","@id":"\/logo.png","url":"\/logo.png","width":600,"height":60}},"image":{"@type":"ImageObject","@id":"https:\/\/www.spektra.sk\/wp-content\/uploads\/img_a299692_w16819_t1556190072.jpg","url":"https:\/\/www.spektra.sk\/wp-content\/uploads\/img_a299692_w16819_t1556190072.jpg","height":0,"width":0},"wordCount":495,"keywords":null},{"@type":"Article","@id":"https:\/\/www.spektra.sk\/sympaticky-a-esteticky-zariadena-spalna\/","headline":"Sympaticky a esteticky zariaden\u00e1 sp\u00e1l\u0148a","url":"https:\/\/www.spektra.sk\/sympaticky-a-esteticky-zariadena-spalna\/","datePublished":"2019-03-15","dateModified":"2023-04-25","mainEntityOfPage":"https:\/\/www.spektra.sk\/sympaticky-a-esteticky-zariadena-spalna\/","author":{"@type":"Person","@id":"https:\/\/www.spektra.sk\/author\/#Person","name":"","url":"https:\/\/www.spektra.sk\/author\/","identifier":1,"image":{"@type":"ImageObject","@id":"https:\/\/secure.gravatar.com\/avatar\/5667bceccdce92893bac6a7981a373152a8b3fa0ab99c198ba0ac0b49a934248?s=96&d=mm&r=g","url":"https:\/\/secure.gravatar.com\/avatar\/5667bceccdce92893bac6a7981a373152a8b3fa0ab99c198ba0ac0b49a934248?s=96&d=mm&r=g","height":96,"width":96}},"publisher":{"@type":"Organization","name":"spektra.sk","logo":{"@type":"ImageObject","@id":"\/logo.png","url":"\/logo.png","width":600,"height":60}},"image":{"@type":"ImageObject","@id":"https:\/\/www.spektra.sk\/wp-content\/uploads\/img_a299694_w16710_t1556190254.jpg","url":"https:\/\/www.spektra.sk\/wp-content\/uploads\/img_a299694_w16710_t1556190254.jpg","height":0,"width":0},"wordCount":500,"keywords":null},{"@type":"Article","@id":"https:\/\/www.spektra.sk\/vrhnite-sa-na-klasiku\/","headline":"Vrhnite sa na klasiku","url":"https:\/\/www.spektra.sk\/vrhnite-sa-na-klasiku\/","datePublished":"2019-03-10","dateModified":"2023-04-25","mainEntityOfPage":"https:\/\/www.spektra.sk\/vrhnite-sa-na-klasiku\/","author":{"@type":"Person","@id":"https:\/\/www.spektra.sk\/author\/#Person","name":"","url":"https:\/\/www.spektra.sk\/author\/","identifier":1,"image":{"@type":"ImageObject","@id":"https:\/\/secure.gravatar.com\/avatar\/5667bceccdce92893bac6a7981a373152a8b3fa0ab99c198ba0ac0b49a934248?s=96&d=mm&r=g","url":"https:\/\/secure.gravatar.com\/avatar\/5667bceccdce92893bac6a7981a373152a8b3fa0ab99c198ba0ac0b49a934248?s=96&d=mm&r=g","height":96,"width":96}},"publisher":{"@type":"Organization","name":"spektra.sk","logo":{"@type":"ImageObject","@id":"\/logo.png","url":"\/logo.png","width":600,"height":60}},"image":{"@type":"ImageObject","@id":"https:\/\/www.spektra.sk\/wp-content\/uploads\/img_a299757_w2042_t1556271714.jpg","url":"https:\/\/www.spektra.sk\/wp-content\/uploads\/img_a299757_w2042_t1556271714.jpg","height":0,"width":0},"wordCount":478,"keywords":null},{"@type":"Article","@id":"https:\/\/www.spektra.sk\/vyspite-sa-do-ruzova\/","headline":"Vyspite sa do ru\u017eova","url":"https:\/\/www.spektra.sk\/vyspite-sa-do-ruzova\/","datePublished":"2019-03-07","dateModified":"2023-04-25","mainEntityOfPage":"https:\/\/www.spektra.sk\/vyspite-sa-do-ruzova\/","author":{"@type":"Person","@id":"https:\/\/www.spektra.sk\/author\/#Person","name":"","url":"https:\/\/www.spektra.sk\/author\/","identifier":1,"image":{"@type":"ImageObject","@id":"https:\/\/secure.gravatar.com\/avatar\/5667bceccdce92893bac6a7981a373152a8b3fa0ab99c198ba0ac0b49a934248?s=96&d=mm&r=g","url":"https:\/\/secure.gravatar.com\/avatar\/5667bceccdce92893bac6a7981a373152a8b3fa0ab99c198ba0ac0b49a934248?s=96&d=mm&r=g","height":96,"width":96}},"publisher":{"@type":"Organization","name":"spektra.sk","logo":{"@type":"ImageObject","@id":"\/logo.png","url":"\/logo.png","width":600,"height":60}},"image":{"@type":"ImageObject","@id":"https:\/\/www.spektra.sk\/wp-content\/uploads\/img_a299050_w16536_t1554038510.jpg","url":"https:\/\/www.spektra.sk\/wp-content\/uploads\/img_a299050_w16536_t1554038510.jpg","height":0,"width":0},"wordCount":598,"keywords":null},{"@type":"Article","@id":"https:\/\/www.spektra.sk\/vyberame-nabytok-do-spalne\/","headline":"Vyber\u00e1me n\u00e1bytok do sp\u00e1lne","url":"https:\/\/www.spektra.sk\/vyberame-nabytok-do-spalne\/","datePublished":"2019-02-20","dateModified":"2023-04-25","mainEntityOfPage":"https:\/\/www.spektra.sk\/vyberame-nabytok-do-spalne\/","author":{"@type":"Person","@id":"https:\/\/www.spektra.sk\/author\/#Person","name":"","url":"https:\/\/www.spektra.sk\/author\/","identifier":1,"image":{"@type":"ImageObject","@id":"https:\/\/secure.gravatar.com\/avatar\/5667bceccdce92893bac6a7981a373152a8b3fa0ab99c198ba0ac0b49a934248?s=96&d=mm&r=g","url":"https:\/\/secure.gravatar.com\/avatar\/5667bceccdce92893bac6a7981a373152a8b3fa0ab99c198ba0ac0b49a934248?s=96&d=mm&r=g","height":96,"width":96}},"publisher":{"@type":"Organization","name":"spektra.sk","logo":{"@type":"ImageObject","@id":"\/logo.png","url":"\/logo.png","width":600,"height":60}},"image":{"@type":"ImageObject","@id":"https:\/\/www.spektra.sk\/wp-content\/uploads\/img_a297697_w16744_t1552295501.jpg","url":"https:\/\/www.spektra.sk\/wp-content\/uploads\/img_a297697_w16744_t1552295501.jpg","height":0,"width":0},"wordCount":504,"keywords":null},{"@type":"Article","@id":"https:\/\/www.spektra.sk\/kde-jedavate\/","headline":"Kde jed\u00e1vate?","url":"https:\/\/www.spektra.sk\/kde-jedavate\/","datePublished":"2019-02-10","dateModified":"2023-04-25","mainEntityOfPage":"https:\/\/www.spektra.sk\/kde-jedavate\/","author":{"@type":"Person","@id":"https:\/\/www.spektra.sk\/author\/#Person","name":"","url":"https:\/\/www.spektra.sk\/author\/","identifier":1,"image":{"@type":"ImageObject","@id":"https:\/\/secure.gravatar.com\/avatar\/5667bceccdce92893bac6a7981a373152a8b3fa0ab99c198ba0ac0b49a934248?s=96&d=mm&r=g","url":"https:\/\/secure.gravatar.com\/avatar\/5667bceccdce92893bac6a7981a373152a8b3fa0ab99c198ba0ac0b49a934248?s=96&d=mm&r=g","height":96,"width":96}},"publisher":{"@type":"Organization","name":"spektra.sk","logo":{"@type":"ImageObject","@id":"\/logo.png","url":"\/logo.png","width":600,"height":60}},"image":{"@type":"ImageObject","@id":"https:\/\/www.spektra.sk\/wp-content\/uploads\/img_a297695_w16624_t1552295313.jpg","url":"https:\/\/www.spektra.sk\/wp-content\/uploads\/img_a297695_w16624_t1552295313.jpg","height":0,"width":0},"wordCount":502,"keywords":null},{"@type":"Article","@id":"https:\/\/www.spektra.sk\/masivny-nabytok-alebo-volba-istoty-na-niekolko-generacii\/","headline":"Mas\u00edvny n\u00e1bytok alebo vo\u013eba istoty na nieko\u013eko gener\u00e1ci\u00ed","url":"https:\/\/www.spektra.sk\/masivny-nabytok-alebo-volba-istoty-na-niekolko-generacii\/","datePublished":"2019-02-07","dateModified":"2023-04-25","mainEntityOfPage":"https:\/\/www.spektra.sk\/masivny-nabytok-alebo-volba-istoty-na-niekolko-generacii\/","author":{"@type":"Person","@id":"https:\/\/www.spektra.sk\/author\/#Person","name":"","url":"https:\/\/www.spektra.sk\/author\/","identifier":1,"image":{"@type":"ImageObject","@id":"https:\/\/secure.gravatar.com\/avatar\/5667bceccdce92893bac6a7981a373152a8b3fa0ab99c198ba0ac0b49a934248?s=96&d=mm&r=g","url":"https:\/\/secure.gravatar.com\/avatar\/5667bceccdce92893bac6a7981a373152a8b3fa0ab99c198ba0ac0b49a934248?s=96&d=mm&r=g","height":96,"width":96}},"publisher":{"@type":"Organization","name":"spektra.sk","logo":{"@type":"ImageObject","@id":"\/logo.png","url":"\/logo.png","width":600,"height":60}},"image":{"@type":"ImageObject","@id":"https:\/\/www.spektra.sk\/wp-content\/uploads\/img_a297696_w16745_t1552295421.jpg","url":"https:\/\/www.spektra.sk\/wp-content\/uploads\/img_a297696_w16745_t1552295421.jpg","height":0,"width":0},"wordCount":500,"keywords":null}]},{"@context":"https:\/\/schema.org","@type":"WebSite","@id":"https:\/\/www.spektra.sk\/#website","name":"Spektra","url":"https:\/\/www.spektra.sk","potentialAction":{"@type":"SearchAction","target":"https:\/\/www.spektra.sk\/?s={search_term_string}","query-input":"required name=search_term_string"}}]