[{"@context":"https:\/\/schema.org\/","@type":"Blog","@id":"https:\/\/www.spektra.sk#Blog","headline":"Spektra","description":"\nKedy prezu\u0165 na zimn\u00e9, v\u0161etko o aktu\u00e1lnej legislat\u00edve a in\u00fdch motoristick\u00fdch novink\u00e1ch a tipoch, sa dozviete v na\u0161om magaz\u00edne, ktor\u00fd sa dobre \u010d\u00edta.","url":"https:\/\/www.spektra.sk","hasPart":[{"@type":"Article","@id":"https:\/\/www.spektra.sk\/ako-by-sa-mal-motorkar-vysporiadat-s-chladivymi-a-veternymi-podmienkami\/","headline":"Ako by sa mal motork\u00e1r vysporiada\u0165 s chladiv\u00fdmi a vetern\u00fdmi podmienkami","url":"https:\/\/www.spektra.sk\/ako-by-sa-mal-motorkar-vysporiadat-s-chladivymi-a-veternymi-podmienkami\/","datePublished":"2019-02-06","dateModified":"2023-04-25","mainEntityOfPage":"https:\/\/www.spektra.sk\/ako-by-sa-mal-motorkar-vysporiadat-s-chladivymi-a-veternymi-podmienkami\/","author":{"@type":"Person","@id":"https:\/\/www.spektra.sk\/author\/#Person","name":"","url":"https:\/\/www.spektra.sk\/author\/","identifier":1,"image":{"@type":"ImageObject","@id":"https:\/\/secure.gravatar.com\/avatar\/5667bceccdce92893bac6a7981a373152a8b3fa0ab99c198ba0ac0b49a934248?s=96&d=mm&r=g","url":"https:\/\/secure.gravatar.com\/avatar\/5667bceccdce92893bac6a7981a373152a8b3fa0ab99c198ba0ac0b49a934248?s=96&d=mm&r=g","height":96,"width":96}},"publisher":{"@type":"Organization","name":"spektra.sk","logo":{"@type":"ImageObject","@id":"\/logo.png","url":"\/logo.png","width":600,"height":60}},"image":{"@type":"ImageObject","@id":"https:\/\/www.spektra.sk\/wp-content\/uploads\/img_a297703_w16776_t1552296174.jpg","url":"https:\/\/www.spektra.sk\/wp-content\/uploads\/img_a297703_w16776_t1552296174.jpg","height":0,"width":0},"wordCount":465,"keywords":null},{"@type":"Article","@id":"https:\/\/www.spektra.sk\/kedy-nepodnikat\/","headline":"Kedy nepodnika\u0165?","url":"https:\/\/www.spektra.sk\/kedy-nepodnikat\/","datePublished":"2019-01-25","dateModified":"2023-04-25","mainEntityOfPage":"https:\/\/www.spektra.sk\/kedy-nepodnikat\/","author":{"@type":"Person","@id":"https:\/\/www.spektra.sk\/author\/#Person","name":"","url":"https:\/\/www.spektra.sk\/author\/","identifier":1,"image":{"@type":"ImageObject","@id":"https:\/\/secure.gravatar.com\/avatar\/5667bceccdce92893bac6a7981a373152a8b3fa0ab99c198ba0ac0b49a934248?s=96&d=mm&r=g","url":"https:\/\/secure.gravatar.com\/avatar\/5667bceccdce92893bac6a7981a373152a8b3fa0ab99c198ba0ac0b49a934248?s=96&d=mm&r=g","height":96,"width":96}},"publisher":{"@type":"Organization","name":"spektra.sk","logo":{"@type":"ImageObject","@id":"\/logo.png","url":"\/logo.png","width":600,"height":60}},"image":{"@type":"ImageObject","@id":"https:\/\/www.spektra.sk\/wp-content\/uploads\/img_a298437_w16719_t1553536586.jpg","url":"https:\/\/www.spektra.sk\/wp-content\/uploads\/img_a298437_w16719_t1553536586.jpg","height":0,"width":0},"wordCount":499,"keywords":null},{"@type":"Article","@id":"https:\/\/www.spektra.sk\/vsetko-bude-len-o-vybere-nabytku\/","headline":"V\u0161etko bude len o v\u00fdbere n\u00e1bytku","url":"https:\/\/www.spektra.sk\/vsetko-bude-len-o-vybere-nabytku\/","datePublished":"2019-01-18","dateModified":"2023-04-25","mainEntityOfPage":"https:\/\/www.spektra.sk\/vsetko-bude-len-o-vybere-nabytku\/","author":{"@type":"Person","@id":"https:\/\/www.spektra.sk\/author\/#Person","name":"","url":"https:\/\/www.spektra.sk\/author\/","identifier":1,"image":{"@type":"ImageObject","@id":"https:\/\/secure.gravatar.com\/avatar\/5667bceccdce92893bac6a7981a373152a8b3fa0ab99c198ba0ac0b49a934248?s=96&d=mm&r=g","url":"https:\/\/secure.gravatar.com\/avatar\/5667bceccdce92893bac6a7981a373152a8b3fa0ab99c198ba0ac0b49a934248?s=96&d=mm&r=g","height":96,"width":96}},"publisher":{"@type":"Organization","name":"spektra.sk","logo":{"@type":"ImageObject","@id":"\/logo.png","url":"\/logo.png","width":600,"height":60}},"image":{"@type":"ImageObject","@id":"https:\/\/www.spektra.sk\/wp-content\/uploads\/img_a296232_w16672_t1548839430.jpg","url":"https:\/\/www.spektra.sk\/wp-content\/uploads\/img_a296232_w16672_t1548839430.jpg","height":0,"width":0},"wordCount":519,"keywords":null},{"@type":"Article","@id":"https:\/\/www.spektra.sk\/hory-miesto-prekonavania-sameho-seba\/","headline":"Hory, miesto prekon\u00e1vania sam\u00e9ho seba","url":"https:\/\/www.spektra.sk\/hory-miesto-prekonavania-sameho-seba\/","datePublished":"2019-01-15","dateModified":"2023-04-25","mainEntityOfPage":"https:\/\/www.spektra.sk\/hory-miesto-prekonavania-sameho-seba\/","author":{"@type":"Person","@id":"https:\/\/www.spektra.sk\/author\/#Person","name":"","url":"https:\/\/www.spektra.sk\/author\/","identifier":1,"image":{"@type":"ImageObject","@id":"https:\/\/secure.gravatar.com\/avatar\/5667bceccdce92893bac6a7981a373152a8b3fa0ab99c198ba0ac0b49a934248?s=96&d=mm&r=g","url":"https:\/\/secure.gravatar.com\/avatar\/5667bceccdce92893bac6a7981a373152a8b3fa0ab99c198ba0ac0b49a934248?s=96&d=mm&r=g","height":96,"width":96}},"publisher":{"@type":"Organization","name":"spektra.sk","logo":{"@type":"ImageObject","@id":"\/logo.png","url":"\/logo.png","width":600,"height":60}},"image":{"@type":"ImageObject","@id":"https:\/\/www.spektra.sk\/wp-content\/uploads\/img_a297901_w16584_t1552672895.jpg","url":"https:\/\/www.spektra.sk\/wp-content\/uploads\/img_a297901_w16584_t1552672895.jpg","height":0,"width":0},"wordCount":560,"keywords":null},{"@type":"Article","@id":"https:\/\/www.spektra.sk\/vase-pracovne-rozhodntutia\/","headline":"Va\u0161e pracovn\u00e9 rozhodntutia","url":"https:\/\/www.spektra.sk\/vase-pracovne-rozhodntutia\/","datePublished":"2019-01-02","dateModified":"2023-04-25","mainEntityOfPage":"https:\/\/www.spektra.sk\/vase-pracovne-rozhodntutia\/","author":{"@type":"Person","@id":"https:\/\/www.spektra.sk\/author\/#Person","name":"","url":"https:\/\/www.spektra.sk\/author\/","identifier":1,"image":{"@type":"ImageObject","@id":"https:\/\/secure.gravatar.com\/avatar\/5667bceccdce92893bac6a7981a373152a8b3fa0ab99c198ba0ac0b49a934248?s=96&d=mm&r=g","url":"https:\/\/secure.gravatar.com\/avatar\/5667bceccdce92893bac6a7981a373152a8b3fa0ab99c198ba0ac0b49a934248?s=96&d=mm&r=g","height":96,"width":96}},"publisher":{"@type":"Organization","name":"spektra.sk","logo":{"@type":"ImageObject","@id":"\/logo.png","url":"\/logo.png","width":600,"height":60}},"image":{"@type":"ImageObject","@id":"https:\/\/www.spektra.sk\/wp-content\/uploads\/img_a297560_w16645_t1551557354.jpg","url":"https:\/\/www.spektra.sk\/wp-content\/uploads\/img_a297560_w16645_t1551557354.jpg","height":0,"width":0},"wordCount":489,"keywords":null},{"@type":"Article","@id":"https:\/\/www.spektra.sk\/co-je-to-vlastne-internet\/","headline":"\u010co je to vlastne internet?","url":"https:\/\/www.spektra.sk\/co-je-to-vlastne-internet\/","datePublished":"2018-12-28","dateModified":"2023-04-25","mainEntityOfPage":"https:\/\/www.spektra.sk\/co-je-to-vlastne-internet\/","author":{"@type":"Person","@id":"https:\/\/www.spektra.sk\/author\/#Person","name":"","url":"https:\/\/www.spektra.sk\/author\/","identifier":1,"image":{"@type":"ImageObject","@id":"https:\/\/secure.gravatar.com\/avatar\/5667bceccdce92893bac6a7981a373152a8b3fa0ab99c198ba0ac0b49a934248?s=96&d=mm&r=g","url":"https:\/\/secure.gravatar.com\/avatar\/5667bceccdce92893bac6a7981a373152a8b3fa0ab99c198ba0ac0b49a934248?s=96&d=mm&r=g","height":96,"width":96}},"publisher":{"@type":"Organization","name":"spektra.sk","logo":{"@type":"ImageObject","@id":"\/logo.png","url":"\/logo.png","width":600,"height":60}},"image":{"@type":"ImageObject","@id":"https:\/\/www.spektra.sk\/wp-content\/uploads\/img_a297499_w16764_t1551368266.jpg","url":"https:\/\/www.spektra.sk\/wp-content\/uploads\/img_a297499_w16764_t1551368266.jpg","height":0,"width":0},"wordCount":464,"keywords":null},{"@type":"Article","@id":"https:\/\/www.spektra.sk\/byvanie-s-priatelmi-ano-alebo-nie\/","headline":"B\u00fdvanie s priate\u013emi: \u00c1no alebo nie?","url":"https:\/\/www.spektra.sk\/byvanie-s-priatelmi-ano-alebo-nie\/","datePublished":"2018-12-22","dateModified":"2023-04-25","mainEntityOfPage":"https:\/\/www.spektra.sk\/byvanie-s-priatelmi-ano-alebo-nie\/","author":{"@type":"Person","@id":"https:\/\/www.spektra.sk\/author\/#Person","name":"","url":"https:\/\/www.spektra.sk\/author\/","identifier":1,"image":{"@type":"ImageObject","@id":"https:\/\/secure.gravatar.com\/avatar\/5667bceccdce92893bac6a7981a373152a8b3fa0ab99c198ba0ac0b49a934248?s=96&d=mm&r=g","url":"https:\/\/secure.gravatar.com\/avatar\/5667bceccdce92893bac6a7981a373152a8b3fa0ab99c198ba0ac0b49a934248?s=96&d=mm&r=g","height":96,"width":96}},"publisher":{"@type":"Organization","name":"spektra.sk","logo":{"@type":"ImageObject","@id":"\/logo.png","url":"\/logo.png","width":600,"height":60}},"image":{"@type":"ImageObject","@id":"https:\/\/www.spektra.sk\/wp-content\/uploads\/img_a297182_w16526_t1550850826.jpg","url":"https:\/\/www.spektra.sk\/wp-content\/uploads\/img_a297182_w16526_t1550850826.jpg","height":0,"width":0},"wordCount":487,"keywords":null},{"@type":"Article","@id":"https:\/\/www.spektra.sk\/vyber-spravnej-kabelky\/","headline":"V\u00fdber spr\u00e1vnej kabelky","url":"https:\/\/www.spektra.sk\/vyber-spravnej-kabelky\/","datePublished":"2018-12-21","dateModified":"2023-04-25","mainEntityOfPage":"https:\/\/www.spektra.sk\/vyber-spravnej-kabelky\/","author":{"@type":"Person","@id":"https:\/\/www.spektra.sk\/author\/#Person","name":"","url":"https:\/\/www.spektra.sk\/author\/","identifier":1,"image":{"@type":"ImageObject","@id":"https:\/\/secure.gravatar.com\/avatar\/5667bceccdce92893bac6a7981a373152a8b3fa0ab99c198ba0ac0b49a934248?s=96&d=mm&r=g","url":"https:\/\/secure.gravatar.com\/avatar\/5667bceccdce92893bac6a7981a373152a8b3fa0ab99c198ba0ac0b49a934248?s=96&d=mm&r=g","height":96,"width":96}},"publisher":{"@type":"Organization","name":"spektra.sk","logo":{"@type":"ImageObject","@id":"\/logo.png","url":"\/logo.png","width":600,"height":60}},"image":{"@type":"ImageObject","@id":"https:\/\/www.spektra.sk\/wp-content\/uploads\/img_a294958_w16538_t1545386159.jpg","url":"https:\/\/www.spektra.sk\/wp-content\/uploads\/img_a294958_w16538_t1545386159.jpg","height":0,"width":0},"wordCount":514,"keywords":null},{"@type":"Article","@id":"https:\/\/www.spektra.sk\/ako-neprepadnut-zlavovemu-sialenstvu\/","headline":"Ako neprepadn\u00fa\u0165 Z\u013dAVOV\u00c9MU \u0161ialenstvu","url":"https:\/\/www.spektra.sk\/ako-neprepadnut-zlavovemu-sialenstvu\/","datePublished":"2018-12-16","dateModified":"2023-04-25","mainEntityOfPage":"https:\/\/www.spektra.sk\/ako-neprepadnut-zlavovemu-sialenstvu\/","author":{"@type":"Person","@id":"https:\/\/www.spektra.sk\/author\/#Person","name":"","url":"https:\/\/www.spektra.sk\/author\/","identifier":1,"image":{"@type":"ImageObject","@id":"https:\/\/secure.gravatar.com\/avatar\/5667bceccdce92893bac6a7981a373152a8b3fa0ab99c198ba0ac0b49a934248?s=96&d=mm&r=g","url":"https:\/\/secure.gravatar.com\/avatar\/5667bceccdce92893bac6a7981a373152a8b3fa0ab99c198ba0ac0b49a934248?s=96&d=mm&r=g","height":96,"width":96}},"publisher":{"@type":"Organization","name":"spektra.sk","logo":{"@type":"ImageObject","@id":"\/logo.png","url":"\/logo.png","width":600,"height":60}},"image":{"@type":"ImageObject","@id":"https:\/\/www.spektra.sk\/wp-content\/uploads\/img_a296954_w16798_t1550331112.jpg","url":"https:\/\/www.spektra.sk\/wp-content\/uploads\/img_a296954_w16798_t1550331112.jpg","height":0,"width":0},"wordCount":524,"keywords":null},{"@type":"Article","@id":"https:\/\/www.spektra.sk\/viete-na-com-naozaj-zalezi-a-co-mate-doma\/","headline":"Viete, na \u010dom naozaj z\u00e1le\u017e\u00ed? A \u010do m\u00e1te doma?","url":"https:\/\/www.spektra.sk\/viete-na-com-naozaj-zalezi-a-co-mate-doma\/","datePublished":"2018-12-14","dateModified":"2023-04-25","mainEntityOfPage":"https:\/\/www.spektra.sk\/viete-na-com-naozaj-zalezi-a-co-mate-doma\/","author":{"@type":"Person","@id":"https:\/\/www.spektra.sk\/author\/#Person","name":"","url":"https:\/\/www.spektra.sk\/author\/","identifier":1,"image":{"@type":"ImageObject","@id":"https:\/\/secure.gravatar.com\/avatar\/5667bceccdce92893bac6a7981a373152a8b3fa0ab99c198ba0ac0b49a934248?s=96&d=mm&r=g","url":"https:\/\/secure.gravatar.com\/avatar\/5667bceccdce92893bac6a7981a373152a8b3fa0ab99c198ba0ac0b49a934248?s=96&d=mm&r=g","height":96,"width":96}},"publisher":{"@type":"Organization","name":"spektra.sk","logo":{"@type":"ImageObject","@id":"\/logo.png","url":"\/logo.png","width":600,"height":60}},"image":{"@type":"ImageObject","@id":"https:\/\/www.spektra.sk\/wp-content\/uploads\/img_a294765_w16667_t1545137109.jpg","url":"https:\/\/www.spektra.sk\/wp-content\/uploads\/img_a294765_w16667_t1545137109.jpg","height":0,"width":0},"wordCount":509,"keywords":null}]},{"@context":"https:\/\/schema.org","@type":"WebSite","@id":"https:\/\/www.spektra.sk\/#website","name":"Spektra","url":"https:\/\/www.spektra.sk","potentialAction":{"@type":"SearchAction","target":"https:\/\/www.spektra.sk\/?s={search_term_string}","query-input":"required name=search_term_string"}}]