[{"@context":"https:\/\/schema.org\/","@type":"Blog","@id":"https:\/\/www.spektra.sk#Blog","headline":"Spektra","description":"\nKedy prezu\u0165 na zimn\u00e9, v\u0161etko o aktu\u00e1lnej legislat\u00edve a in\u00fdch motoristick\u00fdch novink\u00e1ch a tipoch, sa dozviete v na\u0161om magaz\u00edne, ktor\u00fd sa dobre \u010d\u00edta.","url":"https:\/\/www.spektra.sk","hasPart":[{"@type":"Article","@id":"https:\/\/www.spektra.sk\/liquid-lipsticks-nesmie-chybat\/","headline":"Liquid lipsticks nesmie ch\u00fdba\u0165","url":"https:\/\/www.spektra.sk\/liquid-lipsticks-nesmie-chybat\/","datePublished":"2018-11-29","dateModified":"2023-04-25","mainEntityOfPage":"https:\/\/www.spektra.sk\/liquid-lipsticks-nesmie-chybat\/","author":{"@type":"Person","@id":"https:\/\/www.spektra.sk\/author\/#Person","name":"","url":"https:\/\/www.spektra.sk\/author\/","identifier":1,"image":{"@type":"ImageObject","@id":"https:\/\/secure.gravatar.com\/avatar\/5667bceccdce92893bac6a7981a373152a8b3fa0ab99c198ba0ac0b49a934248?s=96&d=mm&r=g","url":"https:\/\/secure.gravatar.com\/avatar\/5667bceccdce92893bac6a7981a373152a8b3fa0ab99c198ba0ac0b49a934248?s=96&d=mm&r=g","height":96,"width":96}},"publisher":{"@type":"Organization","name":"spektra.sk","logo":{"@type":"ImageObject","@id":"\/logo.png","url":"\/logo.png","width":600,"height":60}},"image":{"@type":"ImageObject","@id":"https:\/\/www.spektra.sk\/wp-content\/uploads\/img_a296190_w16801_t1548777452.jpg","url":"https:\/\/www.spektra.sk\/wp-content\/uploads\/img_a296190_w16801_t1548777452.jpg","height":0,"width":0},"wordCount":498,"keywords":null},{"@type":"Article","@id":"https:\/\/www.spektra.sk\/ked-telo-povie-ze-ma-dost\/","headline":"Ke\u010f telo povie, \u017ee m\u00e1 dos\u0165","url":"https:\/\/www.spektra.sk\/ked-telo-povie-ze-ma-dost\/","datePublished":"2018-11-18","dateModified":"2023-04-25","mainEntityOfPage":"https:\/\/www.spektra.sk\/ked-telo-povie-ze-ma-dost\/","author":{"@type":"Person","@id":"https:\/\/www.spektra.sk\/author\/#Person","name":"","url":"https:\/\/www.spektra.sk\/author\/","identifier":1,"image":{"@type":"ImageObject","@id":"https:\/\/secure.gravatar.com\/avatar\/5667bceccdce92893bac6a7981a373152a8b3fa0ab99c198ba0ac0b49a934248?s=96&d=mm&r=g","url":"https:\/\/secure.gravatar.com\/avatar\/5667bceccdce92893bac6a7981a373152a8b3fa0ab99c198ba0ac0b49a934248?s=96&d=mm&r=g","height":96,"width":96}},"publisher":{"@type":"Organization","name":"spektra.sk","logo":{"@type":"ImageObject","@id":"\/logo.png","url":"\/logo.png","width":600,"height":60}},"image":{"@type":"ImageObject","@id":"https:\/\/www.spektra.sk\/wp-content\/uploads\/img_a293848_w16507_t1543165761.jpg","url":"https:\/\/www.spektra.sk\/wp-content\/uploads\/img_a293848_w16507_t1543165761.jpg","height":0,"width":0},"wordCount":489,"keywords":null},{"@type":"Article","@id":"https:\/\/www.spektra.sk\/pestovanie-avokada-ako-hobby\/","headline":"Pestovanie avok\u00e1da ako hobby?","url":"https:\/\/www.spektra.sk\/pestovanie-avokada-ako-hobby\/","datePublished":"2018-11-15","dateModified":"2023-04-25","mainEntityOfPage":"https:\/\/www.spektra.sk\/pestovanie-avokada-ako-hobby\/","author":{"@type":"Person","@id":"https:\/\/www.spektra.sk\/author\/#Person","name":"","url":"https:\/\/www.spektra.sk\/author\/","identifier":1,"image":{"@type":"ImageObject","@id":"https:\/\/secure.gravatar.com\/avatar\/5667bceccdce92893bac6a7981a373152a8b3fa0ab99c198ba0ac0b49a934248?s=96&d=mm&r=g","url":"https:\/\/secure.gravatar.com\/avatar\/5667bceccdce92893bac6a7981a373152a8b3fa0ab99c198ba0ac0b49a934248?s=96&d=mm&r=g","height":96,"width":96}},"publisher":{"@type":"Organization","name":"spektra.sk","logo":{"@type":"ImageObject","@id":"\/logo.png","url":"\/logo.png","width":600,"height":60}},"image":{"@type":"ImageObject","@id":"https:\/\/www.spektra.sk\/wp-content\/uploads\/img_a295616_w16658_t1547562051.jpg","url":"https:\/\/www.spektra.sk\/wp-content\/uploads\/img_a295616_w16658_t1547562051.jpg","height":0,"width":0},"wordCount":469,"keywords":null},{"@type":"Article","@id":"https:\/\/www.spektra.sk\/ked-mate-problem-priznajte-si-to\/","headline":"Ke\u010f m\u00e1te probl\u00e9m, priznajte si to","url":"https:\/\/www.spektra.sk\/ked-mate-problem-priznajte-si-to\/","datePublished":"2018-10-21","dateModified":"2023-04-25","mainEntityOfPage":"https:\/\/www.spektra.sk\/ked-mate-problem-priznajte-si-to\/","author":{"@type":"Person","@id":"https:\/\/www.spektra.sk\/author\/#Person","name":"","url":"https:\/\/www.spektra.sk\/author\/","identifier":1,"image":{"@type":"ImageObject","@id":"https:\/\/secure.gravatar.com\/avatar\/5667bceccdce92893bac6a7981a373152a8b3fa0ab99c198ba0ac0b49a934248?s=96&d=mm&r=g","url":"https:\/\/secure.gravatar.com\/avatar\/5667bceccdce92893bac6a7981a373152a8b3fa0ab99c198ba0ac0b49a934248?s=96&d=mm&r=g","height":96,"width":96}},"publisher":{"@type":"Organization","name":"spektra.sk","logo":{"@type":"ImageObject","@id":"\/logo.png","url":"\/logo.png","width":600,"height":60}},"image":{"@type":"ImageObject","@id":"https:\/\/www.spektra.sk\/wp-content\/uploads\/img_a292440_w16672_t1540540160.jpg","url":"https:\/\/www.spektra.sk\/wp-content\/uploads\/img_a292440_w16672_t1540540160.jpg","height":0,"width":0},"wordCount":512,"keywords":null},{"@type":"Article","@id":"https:\/\/www.spektra.sk\/poschodova-postel-nepatri-len-do-detskej-izby\/","headline":"Poschodov\u00e1 poste\u013e nepatr\u00ed len do detskej izby","url":"https:\/\/www.spektra.sk\/poschodova-postel-nepatri-len-do-detskej-izby\/","datePublished":"2018-10-16","dateModified":"2023-04-25","mainEntityOfPage":"https:\/\/www.spektra.sk\/poschodova-postel-nepatri-len-do-detskej-izby\/","author":{"@type":"Person","@id":"https:\/\/www.spektra.sk\/author\/#Person","name":"","url":"https:\/\/www.spektra.sk\/author\/","identifier":1,"image":{"@type":"ImageObject","@id":"https:\/\/secure.gravatar.com\/avatar\/5667bceccdce92893bac6a7981a373152a8b3fa0ab99c198ba0ac0b49a934248?s=96&d=mm&r=g","url":"https:\/\/secure.gravatar.com\/avatar\/5667bceccdce92893bac6a7981a373152a8b3fa0ab99c198ba0ac0b49a934248?s=96&d=mm&r=g","height":96,"width":96}},"publisher":{"@type":"Organization","name":"spektra.sk","logo":{"@type":"ImageObject","@id":"\/logo.png","url":"\/logo.png","width":600,"height":60}},"image":{"@type":"ImageObject","@id":"https:\/\/www.spektra.sk\/wp-content\/uploads\/img_a294619_w16589_t1544970947.png","url":"https:\/\/www.spektra.sk\/wp-content\/uploads\/img_a294619_w16589_t1544970947.png","height":0,"width":0},"wordCount":505,"keywords":null},{"@type":"Article","@id":"https:\/\/www.spektra.sk\/nevzdavajte-sa-a-chudnite\/","headline":"Nevzd\u00e1vajte sa a chudnite","url":"https:\/\/www.spektra.sk\/nevzdavajte-sa-a-chudnite\/","datePublished":"2018-10-16","dateModified":"2023-04-25","mainEntityOfPage":"https:\/\/www.spektra.sk\/nevzdavajte-sa-a-chudnite\/","author":{"@type":"Person","@id":"https:\/\/www.spektra.sk\/author\/#Person","name":"","url":"https:\/\/www.spektra.sk\/author\/","identifier":1,"image":{"@type":"ImageObject","@id":"https:\/\/secure.gravatar.com\/avatar\/5667bceccdce92893bac6a7981a373152a8b3fa0ab99c198ba0ac0b49a934248?s=96&d=mm&r=g","url":"https:\/\/secure.gravatar.com\/avatar\/5667bceccdce92893bac6a7981a373152a8b3fa0ab99c198ba0ac0b49a934248?s=96&d=mm&r=g","height":96,"width":96}},"publisher":{"@type":"Organization","name":"spektra.sk","logo":{"@type":"ImageObject","@id":"\/logo.png","url":"\/logo.png","width":600,"height":60}},"image":{"@type":"ImageObject","@id":"https:\/\/www.spektra.sk\/wp-content\/uploads\/img_a292627_w2013_t1540884526.jpg","url":"https:\/\/www.spektra.sk\/wp-content\/uploads\/img_a292627_w2013_t1540884526.jpg","height":0,"width":0},"wordCount":481,"keywords":null},{"@type":"Article","@id":"https:\/\/www.spektra.sk\/ako-sa-vyhnut-podrazdeniu-pokozky-po-holeni\/","headline":"Ako sa vyhn\u00fa\u0165 podr\u00e1\u017edeniu poko\u017eky po holen\u00ed","url":"https:\/\/www.spektra.sk\/ako-sa-vyhnut-podrazdeniu-pokozky-po-holeni\/","datePublished":"2018-10-12","dateModified":"2023-04-25","mainEntityOfPage":"https:\/\/www.spektra.sk\/ako-sa-vyhnut-podrazdeniu-pokozky-po-holeni\/","author":{"@type":"Person","@id":"https:\/\/www.spektra.sk\/author\/#Person","name":"","url":"https:\/\/www.spektra.sk\/author\/","identifier":1,"image":{"@type":"ImageObject","@id":"https:\/\/secure.gravatar.com\/avatar\/5667bceccdce92893bac6a7981a373152a8b3fa0ab99c198ba0ac0b49a934248?s=96&d=mm&r=g","url":"https:\/\/secure.gravatar.com\/avatar\/5667bceccdce92893bac6a7981a373152a8b3fa0ab99c198ba0ac0b49a934248?s=96&d=mm&r=g","height":96,"width":96}},"publisher":{"@type":"Organization","name":"spektra.sk","logo":{"@type":"ImageObject","@id":"\/logo.png","url":"\/logo.png","width":600,"height":60}},"image":{"@type":"ImageObject","@id":"https:\/\/www.spektra.sk\/wp-content\/uploads\/img_a294572_w16651_t1544628715.jpg","url":"https:\/\/www.spektra.sk\/wp-content\/uploads\/img_a294572_w16651_t1544628715.jpg","height":0,"width":0},"wordCount":482,"keywords":null},{"@type":"Article","@id":"https:\/\/www.spektra.sk\/zeny-kila-zhadzuju-tazsie\/","headline":"\u017deny kil\u00e1 zhadzuj\u00fa \u0165a\u017e\u0161ie","url":"https:\/\/www.spektra.sk\/zeny-kila-zhadzuju-tazsie\/","datePublished":"2018-10-07","dateModified":"2023-04-25","mainEntityOfPage":"https:\/\/www.spektra.sk\/zeny-kila-zhadzuju-tazsie\/","author":{"@type":"Person","@id":"https:\/\/www.spektra.sk\/author\/#Person","name":"","url":"https:\/\/www.spektra.sk\/author\/","identifier":1,"image":{"@type":"ImageObject","@id":"https:\/\/secure.gravatar.com\/avatar\/5667bceccdce92893bac6a7981a373152a8b3fa0ab99c198ba0ac0b49a934248?s=96&d=mm&r=g","url":"https:\/\/secure.gravatar.com\/avatar\/5667bceccdce92893bac6a7981a373152a8b3fa0ab99c198ba0ac0b49a934248?s=96&d=mm&r=g","height":96,"width":96}},"publisher":{"@type":"Organization","name":"spektra.sk","logo":{"@type":"ImageObject","@id":"\/logo.png","url":"\/logo.png","width":600,"height":60}},"image":{"@type":"ImageObject","@id":"https:\/\/www.spektra.sk\/wp-content\/uploads\/img_a292560_w16509_t1540808676.jpg","url":"https:\/\/www.spektra.sk\/wp-content\/uploads\/img_a292560_w16509_t1540808676.jpg","height":0,"width":0},"wordCount":494,"keywords":null},{"@type":"Article","@id":"https:\/\/www.spektra.sk\/rozpoznavajte-svet-vdaka-google-lens\/","headline":"Rozpozn\u00e1vajte svet v\u010faka Google Lens","url":"https:\/\/www.spektra.sk\/rozpoznavajte-svet-vdaka-google-lens\/","datePublished":"2018-09-15","dateModified":"2023-04-25","mainEntityOfPage":"https:\/\/www.spektra.sk\/rozpoznavajte-svet-vdaka-google-lens\/","author":{"@type":"Person","@id":"https:\/\/www.spektra.sk\/author\/#Person","name":"","url":"https:\/\/www.spektra.sk\/author\/","identifier":1,"image":{"@type":"ImageObject","@id":"https:\/\/secure.gravatar.com\/avatar\/5667bceccdce92893bac6a7981a373152a8b3fa0ab99c198ba0ac0b49a934248?s=96&d=mm&r=g","url":"https:\/\/secure.gravatar.com\/avatar\/5667bceccdce92893bac6a7981a373152a8b3fa0ab99c198ba0ac0b49a934248?s=96&d=mm&r=g","height":96,"width":96}},"publisher":{"@type":"Organization","name":"spektra.sk","logo":{"@type":"ImageObject","@id":"\/logo.png","url":"\/logo.png","width":600,"height":60}},"image":{"@type":"ImageObject","@id":"https:\/\/www.spektra.sk\/wp-content\/uploads\/img_a293374_w16526_t1542298090.jpg","url":"https:\/\/www.spektra.sk\/wp-content\/uploads\/img_a293374_w16526_t1542298090.jpg","height":0,"width":0},"wordCount":496,"keywords":null},{"@type":"Article","@id":"https:\/\/www.spektra.sk\/obchod-s-umenim\/","headline":"Obchod s umen\u00edm","url":"https:\/\/www.spektra.sk\/obchod-s-umenim\/","datePublished":"2018-08-31","dateModified":"2023-04-25","mainEntityOfPage":"https:\/\/www.spektra.sk\/obchod-s-umenim\/","author":{"@type":"Person","@id":"https:\/\/www.spektra.sk\/author\/#Person","name":"","url":"https:\/\/www.spektra.sk\/author\/","identifier":1,"image":{"@type":"ImageObject","@id":"https:\/\/secure.gravatar.com\/avatar\/5667bceccdce92893bac6a7981a373152a8b3fa0ab99c198ba0ac0b49a934248?s=96&d=mm&r=g","url":"https:\/\/secure.gravatar.com\/avatar\/5667bceccdce92893bac6a7981a373152a8b3fa0ab99c198ba0ac0b49a934248?s=96&d=mm&r=g","height":96,"width":96}},"publisher":{"@type":"Organization","name":"spektra.sk","logo":{"@type":"ImageObject","@id":"\/logo.png","url":"\/logo.png","width":600,"height":60}},"image":{"@type":"ImageObject","@id":"https:\/\/www.spektra.sk\/wp-content\/uploads\/img_a292828_w16507_t1541009620.jpg","url":"https:\/\/www.spektra.sk\/wp-content\/uploads\/img_a292828_w16507_t1541009620.jpg","height":0,"width":0},"wordCount":533,"keywords":null}]},{"@context":"https:\/\/schema.org","@type":"WebSite","@id":"https:\/\/www.spektra.sk\/#website","name":"Spektra","url":"https:\/\/www.spektra.sk","potentialAction":{"@type":"SearchAction","target":"https:\/\/www.spektra.sk\/?s={search_term_string}","query-input":"required name=search_term_string"}}]