[{"@context":"https:\/\/schema.org\/","@type":"Blog","@id":"https:\/\/www.spektra.sk#Blog","headline":"Spektra","description":"\nKedy prezu\u0165 na zimn\u00e9, v\u0161etko o aktu\u00e1lnej legislat\u00edve a in\u00fdch motoristick\u00fdch novink\u00e1ch a tipoch, sa dozviete v na\u0161om magaz\u00edne, ktor\u00fd sa dobre \u010d\u00edta.","url":"https:\/\/www.spektra.sk","hasPart":[{"@type":"Article","@id":"https:\/\/www.spektra.sk\/na-trhu-nie-je-iba-viagra\/","headline":"Na trhu nie je iba Viagra","url":"https:\/\/www.spektra.sk\/na-trhu-nie-je-iba-viagra\/","datePublished":"2018-07-26","dateModified":"2023-04-25","mainEntityOfPage":"https:\/\/www.spektra.sk\/na-trhu-nie-je-iba-viagra\/","author":{"@type":"Person","@id":"https:\/\/www.spektra.sk\/author\/#Person","name":"","url":"https:\/\/www.spektra.sk\/author\/","identifier":1,"image":{"@type":"ImageObject","@id":"https:\/\/secure.gravatar.com\/avatar\/5667bceccdce92893bac6a7981a373152a8b3fa0ab99c198ba0ac0b49a934248?s=96&d=mm&r=g","url":"https:\/\/secure.gravatar.com\/avatar\/5667bceccdce92893bac6a7981a373152a8b3fa0ab99c198ba0ac0b49a934248?s=96&d=mm&r=g","height":96,"width":96}},"publisher":{"@type":"Organization","name":"spektra.sk","logo":{"@type":"ImageObject","@id":"\/logo.png","url":"\/logo.png","width":600,"height":60}},"image":{"@type":"ImageObject","@id":"https:\/\/www.spektra.sk\/wp-content\/uploads\/img_a290055_w16638_t1533542348.jpg","url":"https:\/\/www.spektra.sk\/wp-content\/uploads\/img_a290055_w16638_t1533542348.jpg","height":0,"width":0},"wordCount":521,"keywords":null},{"@type":"Article","@id":"https:\/\/www.spektra.sk\/stuzkova-je-skutocne-dolezita\/","headline":"Stu\u017ekov\u00e1 je skuto\u010dne d\u00f4le\u017eit\u00e1","url":"https:\/\/www.spektra.sk\/stuzkova-je-skutocne-dolezita\/","datePublished":"2018-07-06","dateModified":"2023-04-25","mainEntityOfPage":"https:\/\/www.spektra.sk\/stuzkova-je-skutocne-dolezita\/","author":{"@type":"Person","@id":"https:\/\/www.spektra.sk\/author\/#Person","name":"","url":"https:\/\/www.spektra.sk\/author\/","identifier":1,"image":{"@type":"ImageObject","@id":"https:\/\/secure.gravatar.com\/avatar\/5667bceccdce92893bac6a7981a373152a8b3fa0ab99c198ba0ac0b49a934248?s=96&d=mm&r=g","url":"https:\/\/secure.gravatar.com\/avatar\/5667bceccdce92893bac6a7981a373152a8b3fa0ab99c198ba0ac0b49a934248?s=96&d=mm&r=g","height":96,"width":96}},"publisher":{"@type":"Organization","name":"spektra.sk","logo":{"@type":"ImageObject","@id":"\/logo.png","url":"\/logo.png","width":600,"height":60}},"image":{"@type":"ImageObject","@id":"https:\/\/www.spektra.sk\/wp-content\/uploads\/img_a289777_w16644_t1532067792.jpg","url":"https:\/\/www.spektra.sk\/wp-content\/uploads\/img_a289777_w16644_t1532067792.jpg","height":0,"width":0},"wordCount":479,"keywords":null},{"@type":"Article","@id":"https:\/\/www.spektra.sk\/dajte-len-na-svoj-nazor\/","headline":"Dajte len na svoj n\u00e1zor","url":"https:\/\/www.spektra.sk\/dajte-len-na-svoj-nazor\/","datePublished":"2018-07-05","dateModified":"2023-04-25","mainEntityOfPage":"https:\/\/www.spektra.sk\/dajte-len-na-svoj-nazor\/","author":{"@type":"Person","@id":"https:\/\/www.spektra.sk\/author\/#Person","name":"","url":"https:\/\/www.spektra.sk\/author\/","identifier":1,"image":{"@type":"ImageObject","@id":"https:\/\/secure.gravatar.com\/avatar\/5667bceccdce92893bac6a7981a373152a8b3fa0ab99c198ba0ac0b49a934248?s=96&d=mm&r=g","url":"https:\/\/secure.gravatar.com\/avatar\/5667bceccdce92893bac6a7981a373152a8b3fa0ab99c198ba0ac0b49a934248?s=96&d=mm&r=g","height":96,"width":96}},"publisher":{"@type":"Organization","name":"spektra.sk","logo":{"@type":"ImageObject","@id":"\/logo.png","url":"\/logo.png","width":600,"height":60}},"image":{"@type":"ImageObject","@id":"https:\/\/www.spektra.sk\/wp-content\/uploads\/img_a290821_w16509_t1536146867.jpg","url":"https:\/\/www.spektra.sk\/wp-content\/uploads\/img_a290821_w16509_t1536146867.jpg","height":0,"width":0},"wordCount":584,"keywords":null},{"@type":"Article","@id":"https:\/\/www.spektra.sk\/efektivna-viagra-pre-zeny-mytus-alebo-realita\/","headline":"Efekt\u00edvna viagra pre \u017eeny. M\u00fdtus alebo realita?","url":"https:\/\/www.spektra.sk\/efektivna-viagra-pre-zeny-mytus-alebo-realita\/","datePublished":"2018-05-23","dateModified":"2023-04-25","mainEntityOfPage":"https:\/\/www.spektra.sk\/efektivna-viagra-pre-zeny-mytus-alebo-realita\/","author":{"@type":"Person","@id":"https:\/\/www.spektra.sk\/author\/#Person","name":"","url":"https:\/\/www.spektra.sk\/author\/","identifier":1,"image":{"@type":"ImageObject","@id":"https:\/\/secure.gravatar.com\/avatar\/5667bceccdce92893bac6a7981a373152a8b3fa0ab99c198ba0ac0b49a934248?s=96&d=mm&r=g","url":"https:\/\/secure.gravatar.com\/avatar\/5667bceccdce92893bac6a7981a373152a8b3fa0ab99c198ba0ac0b49a934248?s=96&d=mm&r=g","height":96,"width":96}},"publisher":{"@type":"Organization","name":"spektra.sk","logo":{"@type":"ImageObject","@id":"\/logo.png","url":"\/logo.png","width":600,"height":60}},"image":{"@type":"ImageObject","@id":"https:\/\/www.spektra.sk\/wp-content\/uploads\/img_a288646_w16506_t1529400365.jpg","url":"https:\/\/www.spektra.sk\/wp-content\/uploads\/img_a288646_w16506_t1529400365.jpg","height":0,"width":0},"wordCount":525,"keywords":null},{"@type":"Article","@id":"https:\/\/www.spektra.sk\/nebojte-sa-riesit-problemy\/","headline":"Nebojte sa rie\u0161i\u0165 probl\u00e9my","url":"https:\/\/www.spektra.sk\/nebojte-sa-riesit-problemy\/","datePublished":"2018-05-17","dateModified":"2023-04-25","mainEntityOfPage":"https:\/\/www.spektra.sk\/nebojte-sa-riesit-problemy\/","author":{"@type":"Person","@id":"https:\/\/www.spektra.sk\/author\/#Person","name":"","url":"https:\/\/www.spektra.sk\/author\/","identifier":1,"image":{"@type":"ImageObject","@id":"https:\/\/secure.gravatar.com\/avatar\/5667bceccdce92893bac6a7981a373152a8b3fa0ab99c198ba0ac0b49a934248?s=96&d=mm&r=g","url":"https:\/\/secure.gravatar.com\/avatar\/5667bceccdce92893bac6a7981a373152a8b3fa0ab99c198ba0ac0b49a934248?s=96&d=mm&r=g","height":96,"width":96}},"publisher":{"@type":"Organization","name":"spektra.sk","logo":{"@type":"ImageObject","@id":"\/logo.png","url":"\/logo.png","width":600,"height":60}},"image":{"@type":"ImageObject","@id":"https:\/\/www.spektra.sk\/wp-content\/uploads\/img_a288643_w16510_t1529400122.jpg","url":"https:\/\/www.spektra.sk\/wp-content\/uploads\/img_a288643_w16510_t1529400122.jpg","height":0,"width":0},"wordCount":527,"keywords":null},{"@type":"Article","@id":"https:\/\/www.spektra.sk\/bielenie-oblecenia-a-starostlivost-o-biele-veci\/","headline":"Bielenie oble\u010denia a starostlivos\u0165 o biele veci","url":"https:\/\/www.spektra.sk\/bielenie-oblecenia-a-starostlivost-o-biele-veci\/","datePublished":"2018-05-02","dateModified":"2023-04-25","mainEntityOfPage":"https:\/\/www.spektra.sk\/bielenie-oblecenia-a-starostlivost-o-biele-veci\/","author":{"@type":"Person","@id":"https:\/\/www.spektra.sk\/author\/#Person","name":"","url":"https:\/\/www.spektra.sk\/author\/","identifier":1,"image":{"@type":"ImageObject","@id":"https:\/\/secure.gravatar.com\/avatar\/5667bceccdce92893bac6a7981a373152a8b3fa0ab99c198ba0ac0b49a934248?s=96&d=mm&r=g","url":"https:\/\/secure.gravatar.com\/avatar\/5667bceccdce92893bac6a7981a373152a8b3fa0ab99c198ba0ac0b49a934248?s=96&d=mm&r=g","height":96,"width":96}},"publisher":{"@type":"Organization","name":"spektra.sk","logo":{"@type":"ImageObject","@id":"\/logo.png","url":"\/logo.png","width":600,"height":60}},"image":{"@type":"ImageObject","@id":"https:\/\/www.spektra.sk\/wp-content\/uploads\/img_a289237_w16579_t1530538160.png","url":"https:\/\/www.spektra.sk\/wp-content\/uploads\/img_a289237_w16579_t1530538160.png","height":0,"width":0},"wordCount":518,"keywords":null},{"@type":"Article","@id":"https:\/\/www.spektra.sk\/mate-nejaky-problem\/","headline":"M\u00e1te nejak\u00fd probl\u00e9m?","url":"https:\/\/www.spektra.sk\/mate-nejaky-problem\/","datePublished":"2018-04-19","dateModified":"2023-04-25","mainEntityOfPage":"https:\/\/www.spektra.sk\/mate-nejaky-problem\/","author":{"@type":"Person","@id":"https:\/\/www.spektra.sk\/author\/#Person","name":"","url":"https:\/\/www.spektra.sk\/author\/","identifier":1,"image":{"@type":"ImageObject","@id":"https:\/\/secure.gravatar.com\/avatar\/5667bceccdce92893bac6a7981a373152a8b3fa0ab99c198ba0ac0b49a934248?s=96&d=mm&r=g","url":"https:\/\/secure.gravatar.com\/avatar\/5667bceccdce92893bac6a7981a373152a8b3fa0ab99c198ba0ac0b49a934248?s=96&d=mm&r=g","height":96,"width":96}},"publisher":{"@type":"Organization","name":"spektra.sk","logo":{"@type":"ImageObject","@id":"\/logo.png","url":"\/logo.png","width":600,"height":60}},"image":{"@type":"ImageObject","@id":"https:\/\/www.spektra.sk\/wp-content\/uploads\/img_a288640_w2012_t1529399830.jpg","url":"https:\/\/www.spektra.sk\/wp-content\/uploads\/img_a288640_w2012_t1529399830.jpg","height":0,"width":0},"wordCount":513,"keywords":null},{"@type":"Article","@id":"https:\/\/www.spektra.sk\/otocte-svoj-svet-naruby\/","headline":"Oto\u010dte svoj svet naruby","url":"https:\/\/www.spektra.sk\/otocte-svoj-svet-naruby\/","datePublished":"2018-04-10","dateModified":"2023-04-25","mainEntityOfPage":"https:\/\/www.spektra.sk\/otocte-svoj-svet-naruby\/","author":{"@type":"Person","@id":"https:\/\/www.spektra.sk\/author\/#Person","name":"","url":"https:\/\/www.spektra.sk\/author\/","identifier":1,"image":{"@type":"ImageObject","@id":"https:\/\/secure.gravatar.com\/avatar\/5667bceccdce92893bac6a7981a373152a8b3fa0ab99c198ba0ac0b49a934248?s=96&d=mm&r=g","url":"https:\/\/secure.gravatar.com\/avatar\/5667bceccdce92893bac6a7981a373152a8b3fa0ab99c198ba0ac0b49a934248?s=96&d=mm&r=g","height":96,"width":96}},"publisher":{"@type":"Organization","name":"spektra.sk","logo":{"@type":"ImageObject","@id":"\/logo.png","url":"\/logo.png","width":600,"height":60}},"image":{"@type":"ImageObject","@id":"https:\/\/www.spektra.sk\/wp-content\/uploads\/img_a287937_w16513_t1526460847.jpg","url":"https:\/\/www.spektra.sk\/wp-content\/uploads\/img_a287937_w16513_t1526460847.jpg","height":0,"width":0},"wordCount":556,"keywords":null},{"@type":"Article","@id":"https:\/\/www.spektra.sk\/problemy-s-erekciou-su-minulostou\/","headline":"Probl\u00e9my s erekciou s\u00fa minulos\u0165ou!","url":"https:\/\/www.spektra.sk\/problemy-s-erekciou-su-minulostou\/","datePublished":"2018-03-25","dateModified":"2023-04-25","mainEntityOfPage":"https:\/\/www.spektra.sk\/problemy-s-erekciou-su-minulostou\/","author":{"@type":"Person","@id":"https:\/\/www.spektra.sk\/author\/#Person","name":"","url":"https:\/\/www.spektra.sk\/author\/","identifier":1,"image":{"@type":"ImageObject","@id":"https:\/\/secure.gravatar.com\/avatar\/5667bceccdce92893bac6a7981a373152a8b3fa0ab99c198ba0ac0b49a934248?s=96&d=mm&r=g","url":"https:\/\/secure.gravatar.com\/avatar\/5667bceccdce92893bac6a7981a373152a8b3fa0ab99c198ba0ac0b49a934248?s=96&d=mm&r=g","height":96,"width":96}},"publisher":{"@type":"Organization","name":"spektra.sk","logo":{"@type":"ImageObject","@id":"\/logo.png","url":"\/logo.png","width":600,"height":60}},"image":{"@type":"ImageObject","@id":"https:\/\/www.spektra.sk\/wp-content\/uploads\/img_a288103_w16560_t1527065727.jpg","url":"https:\/\/www.spektra.sk\/wp-content\/uploads\/img_a288103_w16560_t1527065727.jpg","height":0,"width":0},"wordCount":487,"keywords":null},{"@type":"Article","@id":"https:\/\/www.spektra.sk\/vedia-zeny-co-chcu\/","headline":"Vedia \u017eeny, \u010do chc\u00fa?","url":"https:\/\/www.spektra.sk\/vedia-zeny-co-chcu\/","datePublished":"2017-12-12","dateModified":"2023-04-25","mainEntityOfPage":"https:\/\/www.spektra.sk\/vedia-zeny-co-chcu\/","author":{"@type":"Person","@id":"https:\/\/www.spektra.sk\/author\/#Person","name":"","url":"https:\/\/www.spektra.sk\/author\/","identifier":1,"image":{"@type":"ImageObject","@id":"https:\/\/secure.gravatar.com\/avatar\/5667bceccdce92893bac6a7981a373152a8b3fa0ab99c198ba0ac0b49a934248?s=96&d=mm&r=g","url":"https:\/\/secure.gravatar.com\/avatar\/5667bceccdce92893bac6a7981a373152a8b3fa0ab99c198ba0ac0b49a934248?s=96&d=mm&r=g","height":96,"width":96}},"publisher":{"@type":"Organization","name":"spektra.sk","logo":{"@type":"ImageObject","@id":"\/logo.png","url":"\/logo.png","width":600,"height":60}},"image":{"@type":"ImageObject","@id":"https:\/\/www.spektra.sk\/wp-content\/uploads\/img_a284917_w16500_t1518436222.jpg","url":"https:\/\/www.spektra.sk\/wp-content\/uploads\/img_a284917_w16500_t1518436222.jpg","height":0,"width":0},"wordCount":464,"keywords":null}]},{"@context":"https:\/\/schema.org","@type":"WebSite","@id":"https:\/\/www.spektra.sk\/#website","name":"Spektra","url":"https:\/\/www.spektra.sk","potentialAction":{"@type":"SearchAction","target":"https:\/\/www.spektra.sk\/?s={search_term_string}","query-input":"required name=search_term_string"}}]