[{"@context":"https:\/\/schema.org\/","@type":"Blog","@id":"https:\/\/www.spektra.sk#Blog","headline":"Spektra","description":"\nKedy prezu\u0165 na zimn\u00e9, v\u0161etko o aktu\u00e1lnej legislat\u00edve a in\u00fdch motoristick\u00fdch novink\u00e1ch a tipoch, sa dozviete v na\u0161om magaz\u00edne, ktor\u00fd sa dobre \u010d\u00edta.","url":"https:\/\/www.spektra.sk","hasPart":[{"@type":"Article","@id":"https:\/\/www.spektra.sk\/kusky-ktore-vam-v-satniku-nemozu-chybat\/","headline":"K\u00fasky, ktor\u00e9 v\u00e1m v \u0161atn\u00edku nem\u00f4\u017eu ch\u00fdba\u0165","url":"https:\/\/www.spektra.sk\/kusky-ktore-vam-v-satniku-nemozu-chybat\/","datePublished":"2017-12-08","dateModified":"2023-04-25","mainEntityOfPage":"https:\/\/www.spektra.sk\/kusky-ktore-vam-v-satniku-nemozu-chybat\/","author":{"@type":"Person","@id":"https:\/\/www.spektra.sk\/author\/#Person","name":"","url":"https:\/\/www.spektra.sk\/author\/","identifier":1,"image":{"@type":"ImageObject","@id":"https:\/\/secure.gravatar.com\/avatar\/5667bceccdce92893bac6a7981a373152a8b3fa0ab99c198ba0ac0b49a934248?s=96&d=mm&r=g","url":"https:\/\/secure.gravatar.com\/avatar\/5667bceccdce92893bac6a7981a373152a8b3fa0ab99c198ba0ac0b49a934248?s=96&d=mm&r=g","height":96,"width":96}},"publisher":{"@type":"Organization","name":"spektra.sk","logo":{"@type":"ImageObject","@id":"\/logo.png","url":"\/logo.png","width":600,"height":60}},"image":{"@type":"ImageObject","@id":"https:\/\/www.spektra.sk\/wp-content\/uploads\/img_a284831_w16471_t1518087385.jpg","url":"https:\/\/www.spektra.sk\/wp-content\/uploads\/img_a284831_w16471_t1518087385.jpg","height":0,"width":0},"wordCount":573,"keywords":null},{"@type":"Article","@id":"https:\/\/www.spektra.sk\/secondhand\/","headline":"Secondhand?","url":"https:\/\/www.spektra.sk\/secondhand\/","datePublished":"2017-10-29","dateModified":"2023-04-25","mainEntityOfPage":"https:\/\/www.spektra.sk\/secondhand\/","author":{"@type":"Person","@id":"https:\/\/www.spektra.sk\/author\/#Person","name":"","url":"https:\/\/www.spektra.sk\/author\/","identifier":1,"image":{"@type":"ImageObject","@id":"https:\/\/secure.gravatar.com\/avatar\/5667bceccdce92893bac6a7981a373152a8b3fa0ab99c198ba0ac0b49a934248?s=96&d=mm&r=g","url":"https:\/\/secure.gravatar.com\/avatar\/5667bceccdce92893bac6a7981a373152a8b3fa0ab99c198ba0ac0b49a934248?s=96&d=mm&r=g","height":96,"width":96}},"publisher":{"@type":"Organization","name":"spektra.sk","logo":{"@type":"ImageObject","@id":"\/logo.png","url":"\/logo.png","width":600,"height":60}},"image":{"@type":"ImageObject","@id":"https:\/\/www.spektra.sk\/wp-content\/uploads\/img_a284080_w2007_t1514570264.jpg","url":"https:\/\/www.spektra.sk\/wp-content\/uploads\/img_a284080_w2007_t1514570264.jpg","height":0,"width":0},"wordCount":553,"keywords":null},{"@type":"Article","@id":"https:\/\/www.spektra.sk\/preco-je-lepsie-stravit-dovolenku-na-slovensku\/","headline":"Pre\u010do je lep\u0161ie str\u00e1vi\u0165 dovolenku na Slovensku?","url":"https:\/\/www.spektra.sk\/preco-je-lepsie-stravit-dovolenku-na-slovensku\/","datePublished":"2017-09-19","dateModified":"2023-04-25","mainEntityOfPage":"https:\/\/www.spektra.sk\/preco-je-lepsie-stravit-dovolenku-na-slovensku\/","author":{"@type":"Person","@id":"https:\/\/www.spektra.sk\/author\/#Person","name":"","url":"https:\/\/www.spektra.sk\/author\/","identifier":1,"image":{"@type":"ImageObject","@id":"https:\/\/secure.gravatar.com\/avatar\/5667bceccdce92893bac6a7981a373152a8b3fa0ab99c198ba0ac0b49a934248?s=96&d=mm&r=g","url":"https:\/\/secure.gravatar.com\/avatar\/5667bceccdce92893bac6a7981a373152a8b3fa0ab99c198ba0ac0b49a934248?s=96&d=mm&r=g","height":96,"width":96}},"publisher":{"@type":"Organization","name":"spektra.sk","logo":{"@type":"ImageObject","@id":"\/logo.png","url":"\/logo.png","width":600,"height":60}},"image":{"@type":"ImageObject","@id":"https:\/\/www.spektra.sk\/wp-content\/uploads\/img_a283275_w16469_t1511110756.jpg","url":"https:\/\/www.spektra.sk\/wp-content\/uploads\/img_a283275_w16469_t1511110756.jpg","height":0,"width":0},"wordCount":548,"keywords":null},{"@type":"Article","@id":"https:\/\/www.spektra.sk\/krasa-potesi-oko-aj-dusu\/","headline":"Kr\u00e1sa pote\u0161\u00ed oko, aj du\u0161u","url":"https:\/\/www.spektra.sk\/krasa-potesi-oko-aj-dusu\/","datePublished":"2017-09-19","dateModified":"2023-04-25","mainEntityOfPage":"https:\/\/www.spektra.sk\/krasa-potesi-oko-aj-dusu\/","author":{"@type":"Person","@id":"https:\/\/www.spektra.sk\/author\/#Person","name":"","url":"https:\/\/www.spektra.sk\/author\/","identifier":1,"image":{"@type":"ImageObject","@id":"https:\/\/secure.gravatar.com\/avatar\/5667bceccdce92893bac6a7981a373152a8b3fa0ab99c198ba0ac0b49a934248?s=96&d=mm&r=g","url":"https:\/\/secure.gravatar.com\/avatar\/5667bceccdce92893bac6a7981a373152a8b3fa0ab99c198ba0ac0b49a934248?s=96&d=mm&r=g","height":96,"width":96}},"publisher":{"@type":"Organization","name":"spektra.sk","logo":{"@type":"ImageObject","@id":"\/logo.png","url":"\/logo.png","width":600,"height":60}},"image":{"@type":"ImageObject","@id":"https:\/\/www.spektra.sk\/wp-content\/uploads\/img_a283273_w2042_t1511110540.jpg","url":"https:\/\/www.spektra.sk\/wp-content\/uploads\/img_a283273_w2042_t1511110540.jpg","height":0,"width":0},"wordCount":468,"keywords":null},{"@type":"Article","@id":"https:\/\/www.spektra.sk\/milujeme-slovensko\/","headline":"Milujeme Slovensko&#8230; ?","url":"https:\/\/www.spektra.sk\/milujeme-slovensko\/","datePublished":"2017-08-25","dateModified":"2023-04-25","mainEntityOfPage":"https:\/\/www.spektra.sk\/milujeme-slovensko\/","author":{"@type":"Person","@id":"https:\/\/www.spektra.sk\/author\/#Person","name":"","url":"https:\/\/www.spektra.sk\/author\/","identifier":1,"image":{"@type":"ImageObject","@id":"https:\/\/secure.gravatar.com\/avatar\/5667bceccdce92893bac6a7981a373152a8b3fa0ab99c198ba0ac0b49a934248?s=96&d=mm&r=g","url":"https:\/\/secure.gravatar.com\/avatar\/5667bceccdce92893bac6a7981a373152a8b3fa0ab99c198ba0ac0b49a934248?s=96&d=mm&r=g","height":96,"width":96}},"publisher":{"@type":"Organization","name":"spektra.sk","logo":{"@type":"ImageObject","@id":"\/logo.png","url":"\/logo.png","width":600,"height":60}},"image":{"@type":"ImageObject","@id":"https:\/\/www.spektra.sk\/wp-content\/uploads\/img_a282996_w2042_t1508933734.jpg","url":"https:\/\/www.spektra.sk\/wp-content\/uploads\/img_a282996_w2042_t1508933734.jpg","height":0,"width":0},"wordCount":457,"keywords":null},{"@type":"Article","@id":"https:\/\/www.spektra.sk\/budte-dokonaly-partner\/","headline":"Bu\u010fte dokonal\u00fd partner","url":"https:\/\/www.spektra.sk\/budte-dokonaly-partner\/","datePublished":"2017-08-18","dateModified":"2023-04-25","mainEntityOfPage":"https:\/\/www.spektra.sk\/budte-dokonaly-partner\/","author":{"@type":"Person","@id":"https:\/\/www.spektra.sk\/author\/#Person","name":"","url":"https:\/\/www.spektra.sk\/author\/","identifier":1,"image":{"@type":"ImageObject","@id":"https:\/\/secure.gravatar.com\/avatar\/5667bceccdce92893bac6a7981a373152a8b3fa0ab99c198ba0ac0b49a934248?s=96&d=mm&r=g","url":"https:\/\/secure.gravatar.com\/avatar\/5667bceccdce92893bac6a7981a373152a8b3fa0ab99c198ba0ac0b49a934248?s=96&d=mm&r=g","height":96,"width":96}},"publisher":{"@type":"Organization","name":"spektra.sk","logo":{"@type":"ImageObject","@id":"\/logo.png","url":"\/logo.png","width":600,"height":60}},"image":{"@type":"ImageObject","@id":"https:\/\/www.spektra.sk\/wp-content\/uploads\/img_a282860_w2016_t1507893494.jpg","url":"https:\/\/www.spektra.sk\/wp-content\/uploads\/img_a282860_w2016_t1507893494.jpg","height":0,"width":0},"wordCount":478,"keywords":null},{"@type":"Article","@id":"https:\/\/www.spektra.sk\/hladate-nieco-medzi\/","headline":"H\u013ead\u00e1te nie\u010do medzi?","url":"https:\/\/www.spektra.sk\/hladate-nieco-medzi\/","datePublished":"2017-08-17","dateModified":"2023-09-10","mainEntityOfPage":"https:\/\/www.spektra.sk\/hladate-nieco-medzi\/","author":{"@type":"Person","@id":"https:\/\/www.spektra.sk\/author\/#Person","name":"","url":"https:\/\/www.spektra.sk\/author\/","identifier":1,"image":{"@type":"ImageObject","@id":"https:\/\/secure.gravatar.com\/avatar\/5667bceccdce92893bac6a7981a373152a8b3fa0ab99c198ba0ac0b49a934248?s=96&d=mm&r=g","url":"https:\/\/secure.gravatar.com\/avatar\/5667bceccdce92893bac6a7981a373152a8b3fa0ab99c198ba0ac0b49a934248?s=96&d=mm&r=g","height":96,"width":96}},"publisher":{"@type":"Organization","name":"spektra.sk","logo":{"@type":"ImageObject","@id":"\/logo.png","url":"\/logo.png","width":600,"height":60}},"image":{"@type":"ImageObject","@id":"https:\/\/www.spektra.sk\/wp-content\/uploads\/img_a282937_w2010_t1508233021.jpg","url":"https:\/\/www.spektra.sk\/wp-content\/uploads\/img_a282937_w2010_t1508233021.jpg","height":0,"width":0},"wordCount":551,"keywords":null}]},{"@context":"https:\/\/schema.org","@type":"WebSite","@id":"https:\/\/www.spektra.sk\/#website","name":"Spektra","url":"https:\/\/www.spektra.sk","potentialAction":{"@type":"SearchAction","target":"https:\/\/www.spektra.sk\/?s={search_term_string}","query-input":"required name=search_term_string"}}]