[{"@context":"https:\/\/schema.org\/","@type":"Blog","@id":"https:\/\/www.spektra.sk#Blog","headline":"Spektra","description":"\nKedy prezu\u0165 na zimn\u00e9, v\u0161etko o aktu\u00e1lnej legislat\u00edve a in\u00fdch motoristick\u00fdch novink\u00e1ch a tipoch, sa dozviete v na\u0161om magaz\u00edne, ktor\u00fd sa dobre \u010d\u00edta.","url":"https:\/\/www.spektra.sk","hasPart":[{"@type":"Article","@id":"https:\/\/www.spektra.sk\/viete-co-dokaze-zlta-vo-vasom-byte\/","headline":"Viete \u010do dok\u00e1\u017ee \u017elt\u00e1 vo va\u0161om byte?","url":"https:\/\/www.spektra.sk\/viete-co-dokaze-zlta-vo-vasom-byte\/","datePublished":"2025-02-23","dateModified":"2023-04-25","mainEntityOfPage":"https:\/\/www.spektra.sk\/viete-co-dokaze-zlta-vo-vasom-byte\/","author":{"@type":"Person","@id":"https:\/\/www.spektra.sk\/author\/#Person","name":"","url":"https:\/\/www.spektra.sk\/author\/","identifier":1,"image":{"@type":"ImageObject","@id":"https:\/\/secure.gravatar.com\/avatar\/5667bceccdce92893bac6a7981a373152a8b3fa0ab99c198ba0ac0b49a934248?s=96&d=mm&r=g","url":"https:\/\/secure.gravatar.com\/avatar\/5667bceccdce92893bac6a7981a373152a8b3fa0ab99c198ba0ac0b49a934248?s=96&d=mm&r=g","height":96,"width":96}},"publisher":{"@type":"Organization","name":"spektra.sk","logo":{"@type":"ImageObject","@id":"\/logo.png","url":"\/logo.png","width":600,"height":60}},"image":{"@type":"ImageObject","@id":"https:\/\/www.spektra.sk\/wp-content\/uploads\/img_a285222_w16541_t1519404996.jpg","url":"https:\/\/www.spektra.sk\/wp-content\/uploads\/img_a285222_w16541_t1519404996.jpg","height":0,"width":0},"wordCount":472,"keywords":null},{"@type":"Article","@id":"https:\/\/www.spektra.sk\/tuzia-byt-zeny-zachranene\/","headline":"T\u00fa\u017eia by\u0165 \u017eeny zachr\u00e1nen\u00e9?","url":"https:\/\/www.spektra.sk\/tuzia-byt-zeny-zachranene\/","datePublished":"2025-02-23","dateModified":"2023-04-25","mainEntityOfPage":"https:\/\/www.spektra.sk\/tuzia-byt-zeny-zachranene\/","author":{"@type":"Person","@id":"https:\/\/www.spektra.sk\/author\/#Person","name":"","url":"https:\/\/www.spektra.sk\/author\/","identifier":1,"image":{"@type":"ImageObject","@id":"https:\/\/secure.gravatar.com\/avatar\/5667bceccdce92893bac6a7981a373152a8b3fa0ab99c198ba0ac0b49a934248?s=96&d=mm&r=g","url":"https:\/\/secure.gravatar.com\/avatar\/5667bceccdce92893bac6a7981a373152a8b3fa0ab99c198ba0ac0b49a934248?s=96&d=mm&r=g","height":96,"width":96}},"publisher":{"@type":"Organization","name":"spektra.sk","logo":{"@type":"ImageObject","@id":"\/logo.png","url":"\/logo.png","width":600,"height":60}},"image":{"@type":"ImageObject","@id":"https:\/\/www.spektra.sk\/wp-content\/uploads\/img_a301396_w16676_t1558967191.jpg","url":"https:\/\/www.spektra.sk\/wp-content\/uploads\/img_a301396_w16676_t1558967191.jpg","height":0,"width":0},"wordCount":485,"keywords":null},{"@type":"Article","@id":"https:\/\/www.spektra.sk\/vzdelanie\/","headline":"Vzdelanie","url":"https:\/\/www.spektra.sk\/vzdelanie\/","datePublished":"2025-02-23","dateModified":"2023-04-25","mainEntityOfPage":"https:\/\/www.spektra.sk\/vzdelanie\/","author":{"@type":"Person","@id":"https:\/\/www.spektra.sk\/author\/#Person","name":"","url":"https:\/\/www.spektra.sk\/author\/","identifier":1,"image":{"@type":"ImageObject","@id":"https:\/\/secure.gravatar.com\/avatar\/5667bceccdce92893bac6a7981a373152a8b3fa0ab99c198ba0ac0b49a934248?s=96&d=mm&r=g","url":"https:\/\/secure.gravatar.com\/avatar\/5667bceccdce92893bac6a7981a373152a8b3fa0ab99c198ba0ac0b49a934248?s=96&d=mm&r=g","height":96,"width":96}},"publisher":{"@type":"Organization","name":"spektra.sk","logo":{"@type":"ImageObject","@id":"\/logo.png","url":"\/logo.png","width":600,"height":60}},"image":{"@type":"ImageObject","@id":"https:\/\/www.spektra.sk\/wp-content\/uploads\/img_a288581_w16538_t1528987483.png","url":"https:\/\/www.spektra.sk\/wp-content\/uploads\/img_a288581_w16538_t1528987483.png","height":0,"width":0},"wordCount":444,"keywords":null},{"@type":"Article","@id":"https:\/\/www.spektra.sk\/prichystajte-sa-na-teple-leto\/","headline":"Prichystajte sa na tepl\u00e9 leto","url":"https:\/\/www.spektra.sk\/prichystajte-sa-na-teple-leto\/","datePublished":"2024-09-10","dateModified":"2024-09-10","mainEntityOfPage":"https:\/\/www.spektra.sk\/prichystajte-sa-na-teple-leto\/","author":{"@type":"Person","@id":"https:\/\/www.spektra.sk\/author\/#Person","name":"","url":"https:\/\/www.spektra.sk\/author\/","identifier":1,"image":{"@type":"ImageObject","@id":"https:\/\/secure.gravatar.com\/avatar\/5667bceccdce92893bac6a7981a373152a8b3fa0ab99c198ba0ac0b49a934248?s=96&d=mm&r=g","url":"https:\/\/secure.gravatar.com\/avatar\/5667bceccdce92893bac6a7981a373152a8b3fa0ab99c198ba0ac0b49a934248?s=96&d=mm&r=g","height":96,"width":96}},"publisher":{"@type":"Organization","name":"spektra.sk","logo":{"@type":"ImageObject","@id":"\/logo.png","url":"\/logo.png","width":600,"height":60}},"image":{"@type":"ImageObject","@id":"https:\/\/www.spektra.sk\/wp-content\/uploads\/air-9023085_640_2.jpg","url":"https:\/\/www.spektra.sk\/wp-content\/uploads\/air-9023085_640_2.jpg","height":0,"width":0},"wordCount":517,"keywords":null},{"@type":"Article","@id":"https:\/\/www.spektra.sk\/stvorkolky-aprislusenstvo\/","headline":"\u0160tvorkolky  apr\u00edslu\u0161enstvo","url":"https:\/\/www.spektra.sk\/stvorkolky-aprislusenstvo\/","datePublished":"2024-08-11","dateModified":"2024-08-11","mainEntityOfPage":"https:\/\/www.spektra.sk\/stvorkolky-aprislusenstvo\/","author":{"@type":"Person","@id":"https:\/\/www.spektra.sk\/author\/#Person","name":"","url":"https:\/\/www.spektra.sk\/author\/","identifier":1,"image":{"@type":"ImageObject","@id":"https:\/\/secure.gravatar.com\/avatar\/5667bceccdce92893bac6a7981a373152a8b3fa0ab99c198ba0ac0b49a934248?s=96&d=mm&r=g","url":"https:\/\/secure.gravatar.com\/avatar\/5667bceccdce92893bac6a7981a373152a8b3fa0ab99c198ba0ac0b49a934248?s=96&d=mm&r=g","height":96,"width":96}},"publisher":{"@type":"Organization","name":"spektra.sk","logo":{"@type":"ImageObject","@id":"\/logo.png","url":"\/logo.png","width":600,"height":60}},"image":{"@type":"ImageObject","@id":"https:\/\/www.spektra.sk\/wp-content\/uploads\/atv-4808031_640_1.jpg","url":"https:\/\/www.spektra.sk\/wp-content\/uploads\/atv-4808031_640_1.jpg","height":0,"width":0},"wordCount":508,"keywords":null},{"@type":"Article","@id":"https:\/\/www.spektra.sk\/tajomstvo-cistej-a-zdravej-pitnej-vody-so-siliphos\/","headline":"Tajomstvo \u010distej a zdravej pitnej vody so Siliphos","url":"https:\/\/www.spektra.sk\/tajomstvo-cistej-a-zdravej-pitnej-vody-so-siliphos\/","datePublished":"2024-05-10","dateModified":"2024-05-10","mainEntityOfPage":"https:\/\/www.spektra.sk\/tajomstvo-cistej-a-zdravej-pitnej-vody-so-siliphos\/","author":{"@type":"Person","@id":"https:\/\/www.spektra.sk\/author\/#Person","name":"","url":"https:\/\/www.spektra.sk\/author\/","identifier":1,"image":{"@type":"ImageObject","@id":"https:\/\/secure.gravatar.com\/avatar\/5667bceccdce92893bac6a7981a373152a8b3fa0ab99c198ba0ac0b49a934248?s=96&d=mm&r=g","url":"https:\/\/secure.gravatar.com\/avatar\/5667bceccdce92893bac6a7981a373152a8b3fa0ab99c198ba0ac0b49a934248?s=96&d=mm&r=g","height":96,"width":96}},"publisher":{"@type":"Organization","name":"spektra.sk","logo":{"@type":"ImageObject","@id":"\/logo.png","url":"\/logo.png","width":600,"height":60}},"image":{"@type":"ImageObject","@id":"https:\/\/www.spektra.sk\/wp-content\/uploads\/siliphos.jpg","url":"https:\/\/www.spektra.sk\/wp-content\/uploads\/siliphos.jpg","height":0,"width":0},"wordCount":444,"keywords":null},{"@type":"Article","@id":"https:\/\/www.spektra.sk\/nadej-umiera-posledna\/","headline":"N\u00e1dej umiera posledn\u00e1","url":"https:\/\/www.spektra.sk\/nadej-umiera-posledna\/","datePublished":"2024-04-15","dateModified":"2024-05-15","mainEntityOfPage":"https:\/\/www.spektra.sk\/nadej-umiera-posledna\/","author":{"@type":"Person","@id":"https:\/\/www.spektra.sk\/author\/#Person","name":"","url":"https:\/\/www.spektra.sk\/author\/","identifier":1,"image":{"@type":"ImageObject","@id":"https:\/\/secure.gravatar.com\/avatar\/5667bceccdce92893bac6a7981a373152a8b3fa0ab99c198ba0ac0b49a934248?s=96&d=mm&r=g","url":"https:\/\/secure.gravatar.com\/avatar\/5667bceccdce92893bac6a7981a373152a8b3fa0ab99c198ba0ac0b49a934248?s=96&d=mm&r=g","height":96,"width":96}},"publisher":{"@type":"Organization","name":"spektra.sk","logo":{"@type":"ImageObject","@id":"\/logo.png","url":"\/logo.png","width":600,"height":60}},"image":{"@type":"ImageObject","@id":"https:\/\/www.spektra.sk\/wp-content\/uploads\/woman-2555564_640_8.jpg","url":"https:\/\/www.spektra.sk\/wp-content\/uploads\/woman-2555564_640_8.jpg","height":0,"width":0},"wordCount":717,"keywords":null},{"@type":"Article","@id":"https:\/\/www.spektra.sk\/dokonala-klimatizacia\/","headline":"Dokonal\u00e1 klimatiz\u00e1cia","url":"https:\/\/www.spektra.sk\/dokonala-klimatizacia\/","datePublished":"2024-04-14","dateModified":"2024-05-15","mainEntityOfPage":"https:\/\/www.spektra.sk\/dokonala-klimatizacia\/","author":{"@type":"Person","@id":"https:\/\/www.spektra.sk\/author\/#Person","name":"","url":"https:\/\/www.spektra.sk\/author\/","identifier":1,"image":{"@type":"ImageObject","@id":"https:\/\/secure.gravatar.com\/avatar\/5667bceccdce92893bac6a7981a373152a8b3fa0ab99c198ba0ac0b49a934248?s=96&d=mm&r=g","url":"https:\/\/secure.gravatar.com\/avatar\/5667bceccdce92893bac6a7981a373152a8b3fa0ab99c198ba0ac0b49a934248?s=96&d=mm&r=g","height":96,"width":96}},"publisher":{"@type":"Organization","name":"spektra.sk","logo":{"@type":"ImageObject","@id":"\/logo.png","url":"\/logo.png","width":600,"height":60}},"image":{"@type":"ImageObject","@id":"https:\/\/www.spektra.sk\/wp-content\/uploads\/air-conditioner-6605973_640_10_10_10_1.jpg","url":"https:\/\/www.spektra.sk\/wp-content\/uploads\/air-conditioner-6605973_640_10_10_10_1.jpg","height":0,"width":0},"wordCount":430,"keywords":null},{"@type":"Article","@id":"https:\/\/www.spektra.sk\/privyrobok\/","headline":"Pr\u00edvyrobok","url":"https:\/\/www.spektra.sk\/privyrobok\/","datePublished":"2023-11-27","dateModified":"2024-06-27","mainEntityOfPage":"https:\/\/www.spektra.sk\/privyrobok\/","author":{"@type":"Person","@id":"https:\/\/www.spektra.sk\/author\/#Person","name":"","url":"https:\/\/www.spektra.sk\/author\/","identifier":1,"image":{"@type":"ImageObject","@id":"https:\/\/secure.gravatar.com\/avatar\/5667bceccdce92893bac6a7981a373152a8b3fa0ab99c198ba0ac0b49a934248?s=96&d=mm&r=g","url":"https:\/\/secure.gravatar.com\/avatar\/5667bceccdce92893bac6a7981a373152a8b3fa0ab99c198ba0ac0b49a934248?s=96&d=mm&r=g","height":96,"width":96}},"publisher":{"@type":"Organization","name":"spektra.sk","logo":{"@type":"ImageObject","@id":"\/logo.png","url":"\/logo.png","width":600,"height":60}},"image":{"@type":"ImageObject","@id":"https:\/\/www.spektra.sk\/wp-content\/uploads\/treasure-chest-575386_640.png","url":"https:\/\/www.spektra.sk\/wp-content\/uploads\/treasure-chest-575386_640.png","height":0,"width":0},"wordCount":468,"keywords":null},{"@type":"Article","@id":"https:\/\/www.spektra.sk\/vychofne-nabozenstva\/","headline":"V\u00fdchofn\u00e9 n\u00e1bo\u017eenstv\u00e1","url":"https:\/\/www.spektra.sk\/vychofne-nabozenstva\/","datePublished":"2023-11-11","dateModified":"2024-01-19","mainEntityOfPage":"https:\/\/www.spektra.sk\/vychofne-nabozenstva\/","author":{"@type":"Person","@id":"https:\/\/www.spektra.sk\/author\/#Person","name":"","url":"https:\/\/www.spektra.sk\/author\/","identifier":1,"image":{"@type":"ImageObject","@id":"https:\/\/secure.gravatar.com\/avatar\/5667bceccdce92893bac6a7981a373152a8b3fa0ab99c198ba0ac0b49a934248?s=96&d=mm&r=g","url":"https:\/\/secure.gravatar.com\/avatar\/5667bceccdce92893bac6a7981a373152a8b3fa0ab99c198ba0ac0b49a934248?s=96&d=mm&r=g","height":96,"width":96}},"publisher":{"@type":"Organization","name":"spektra.sk","logo":{"@type":"ImageObject","@id":"\/logo.png","url":"\/logo.png","width":600,"height":60}},"image":{"@type":"ImageObject","@id":"https:\/\/www.spektra.sk\/wp-content\/uploads\/massage-therapy-1584711_1280_3.jpg","url":"https:\/\/www.spektra.sk\/wp-content\/uploads\/massage-therapy-1584711_1280_3.jpg","height":0,"width":0},"wordCount":434,"keywords":null}]},{"@context":"https:\/\/schema.org","@type":"WebSite","@id":"https:\/\/www.spektra.sk\/#website","name":"Spektra","url":"https:\/\/www.spektra.sk","potentialAction":{"@type":"SearchAction","target":"https:\/\/www.spektra.sk\/?s={search_term_string}","query-input":"required name=search_term_string"}}]