[{"@context":"https:\/\/schema.org\/","@type":"Blog","@id":"https:\/\/www.spektra.sk#Blog","headline":"Spektra","description":"\nKedy prezu\u0165 na zimn\u00e9, v\u0161etko o aktu\u00e1lnej legislat\u00edve a in\u00fdch motoristick\u00fdch novink\u00e1ch a tipoch, sa dozviete v na\u0161om magaz\u00edne, ktor\u00fd sa dobre \u010d\u00edta.","url":"https:\/\/www.spektra.sk","hasPart":[{"@type":"Article","@id":"https:\/\/www.spektra.sk\/podporte-vase-zdravie-jedinecnym-sposobom\/","headline":"Podporte Va\u0161e zdravie jedine\u010dn\u00fdm sp\u00f4sobom","url":"https:\/\/www.spektra.sk\/podporte-vase-zdravie-jedinecnym-sposobom\/","datePublished":"2021-08-22","dateModified":"2023-09-18","mainEntityOfPage":"https:\/\/www.spektra.sk\/podporte-vase-zdravie-jedinecnym-sposobom\/","author":{"@type":"Person","@id":"https:\/\/www.spektra.sk\/author\/#Person","name":"","url":"https:\/\/www.spektra.sk\/author\/","identifier":1,"image":{"@type":"ImageObject","@id":"https:\/\/secure.gravatar.com\/avatar\/5667bceccdce92893bac6a7981a373152a8b3fa0ab99c198ba0ac0b49a934248?s=96&d=mm&r=g","url":"https:\/\/secure.gravatar.com\/avatar\/5667bceccdce92893bac6a7981a373152a8b3fa0ab99c198ba0ac0b49a934248?s=96&d=mm&r=g","height":96,"width":96}},"publisher":{"@type":"Organization","name":"spektra.sk","logo":{"@type":"ImageObject","@id":"\/logo.png","url":"\/logo.png","width":600,"height":60}},"image":{"@type":"ImageObject","@id":"https:\/\/www.spektra.sk\/wp-content\/uploads\/pexels-photo-3683101.jpeg","url":"https:\/\/www.spektra.sk\/wp-content\/uploads\/pexels-photo-3683101.jpeg","height":0,"width":0},"wordCount":539,"keywords":null},{"@type":"Article","@id":"https:\/\/www.spektra.sk\/vzrusenie-zazijete-aj-ak-sa-budete-iba-pozerat\/","headline":"Vzru\u0161enie za\u017eijete aj ak sa budete iba pozera\u0165","url":"https:\/\/www.spektra.sk\/vzrusenie-zazijete-aj-ak-sa-budete-iba-pozerat\/","datePublished":"2021-08-20","dateModified":"2023-04-25","mainEntityOfPage":"https:\/\/www.spektra.sk\/vzrusenie-zazijete-aj-ak-sa-budete-iba-pozerat\/","author":{"@type":"Person","@id":"https:\/\/www.spektra.sk\/author\/#Person","name":"","url":"https:\/\/www.spektra.sk\/author\/","identifier":1,"image":{"@type":"ImageObject","@id":"https:\/\/secure.gravatar.com\/avatar\/5667bceccdce92893bac6a7981a373152a8b3fa0ab99c198ba0ac0b49a934248?s=96&d=mm&r=g","url":"https:\/\/secure.gravatar.com\/avatar\/5667bceccdce92893bac6a7981a373152a8b3fa0ab99c198ba0ac0b49a934248?s=96&d=mm&r=g","height":96,"width":96}},"publisher":{"@type":"Organization","name":"spektra.sk","logo":{"@type":"ImageObject","@id":"\/logo.png","url":"\/logo.png","width":600,"height":60}},"image":{"@type":"ImageObject","@id":"https:\/\/www.spektra.sk\/wp-content\/uploads\/rtojka_1.jpg","url":"https:\/\/www.spektra.sk\/wp-content\/uploads\/rtojka_1.jpg","height":0,"width":0},"wordCount":536,"keywords":null},{"@type":"Article","@id":"https:\/\/www.spektra.sk\/poteste-svojich-zakaznikov-poslite-im-zasielku-v-plastovej-obalke\/","headline":"Pote\u0161te svojich z\u00e1kazn\u00edkov, po\u0161lite im z\u00e1sielku v plastovej ob\u00e1lke","url":"https:\/\/www.spektra.sk\/poteste-svojich-zakaznikov-poslite-im-zasielku-v-plastovej-obalke\/","datePublished":"2021-08-20","dateModified":"2023-04-25","mainEntityOfPage":"https:\/\/www.spektra.sk\/poteste-svojich-zakaznikov-poslite-im-zasielku-v-plastovej-obalke\/","author":{"@type":"Person","@id":"https:\/\/www.spektra.sk\/author\/#Person","name":"","url":"https:\/\/www.spektra.sk\/author\/","identifier":1,"image":{"@type":"ImageObject","@id":"https:\/\/secure.gravatar.com\/avatar\/5667bceccdce92893bac6a7981a373152a8b3fa0ab99c198ba0ac0b49a934248?s=96&d=mm&r=g","url":"https:\/\/secure.gravatar.com\/avatar\/5667bceccdce92893bac6a7981a373152a8b3fa0ab99c198ba0ac0b49a934248?s=96&d=mm&r=g","height":96,"width":96}},"publisher":{"@type":"Organization","name":"spektra.sk","logo":{"@type":"ImageObject","@id":"\/logo.png","url":"\/logo.png","width":600,"height":60}},"image":{"@type":"ImageObject","@id":"https:\/\/www.spektra.sk\/wp-content\/uploads\/online%20platba.jpeg","url":"https:\/\/www.spektra.sk\/wp-content\/uploads\/online%20platba.jpeg","height":0,"width":0},"wordCount":588,"keywords":null},{"@type":"Article","@id":"https:\/\/www.spektra.sk\/nerez-je-kvalitny-a-nadcasovy-material\/","headline":"Nerez je kvalitn\u00fd a nad\u010dasov\u00fd materi\u00e1l","url":"https:\/\/www.spektra.sk\/nerez-je-kvalitny-a-nadcasovy-material\/","datePublished":"2021-08-17","dateModified":"2023-04-25","mainEntityOfPage":"https:\/\/www.spektra.sk\/nerez-je-kvalitny-a-nadcasovy-material\/","author":{"@type":"Person","@id":"https:\/\/www.spektra.sk\/author\/#Person","name":"","url":"https:\/\/www.spektra.sk\/author\/","identifier":1,"image":{"@type":"ImageObject","@id":"https:\/\/secure.gravatar.com\/avatar\/5667bceccdce92893bac6a7981a373152a8b3fa0ab99c198ba0ac0b49a934248?s=96&d=mm&r=g","url":"https:\/\/secure.gravatar.com\/avatar\/5667bceccdce92893bac6a7981a373152a8b3fa0ab99c198ba0ac0b49a934248?s=96&d=mm&r=g","height":96,"width":96}},"publisher":{"@type":"Organization","name":"spektra.sk","logo":{"@type":"ImageObject","@id":"\/logo.png","url":"\/logo.png","width":600,"height":60}},"image":{"@type":"ImageObject","@id":"https:\/\/www.spektra.sk\/wp-content\/uploads\/beautiful-shot-modern-house-staircase_181624-3129_5.jpg","url":"https:\/\/www.spektra.sk\/wp-content\/uploads\/beautiful-shot-modern-house-staircase_181624-3129_5.jpg","height":0,"width":0},"wordCount":528,"keywords":null},{"@type":"Article","@id":"https:\/\/www.spektra.sk\/kardigan-by-mal-patrit-k-zakladu-satnika\/","headline":"Kardigan by mal patri\u0165 k z\u00e1kladu \u0161atn\u00edka","url":"https:\/\/www.spektra.sk\/kardigan-by-mal-patrit-k-zakladu-satnika\/","datePublished":"2021-08-13","dateModified":"2023-04-25","mainEntityOfPage":"https:\/\/www.spektra.sk\/kardigan-by-mal-patrit-k-zakladu-satnika\/","author":{"@type":"Person","@id":"https:\/\/www.spektra.sk\/author\/#Person","name":"","url":"https:\/\/www.spektra.sk\/author\/","identifier":1,"image":{"@type":"ImageObject","@id":"https:\/\/secure.gravatar.com\/avatar\/5667bceccdce92893bac6a7981a373152a8b3fa0ab99c198ba0ac0b49a934248?s=96&d=mm&r=g","url":"https:\/\/secure.gravatar.com\/avatar\/5667bceccdce92893bac6a7981a373152a8b3fa0ab99c198ba0ac0b49a934248?s=96&d=mm&r=g","height":96,"width":96}},"publisher":{"@type":"Organization","name":"spektra.sk","logo":{"@type":"ImageObject","@id":"\/logo.png","url":"\/logo.png","width":600,"height":60}},"image":{"@type":"ImageObject","@id":"https:\/\/www.spektra.sk\/wp-content\/uploads\/shop-clothing-clothes-shop-hanger-modern-shop-boutique_1150-8886_1.jpg","url":"https:\/\/www.spektra.sk\/wp-content\/uploads\/shop-clothing-clothes-shop-hanger-modern-shop-boutique_1150-8886_1.jpg","height":0,"width":0},"wordCount":528,"keywords":null},{"@type":"Article","@id":"https:\/\/www.spektra.sk\/albero-je-garanciou-kvalitneho-nabytku-a-doplnkov\/","headline":"ALBERO je garanciou kvalitn\u00e9ho n\u00e1bytku a doplnkov","url":"https:\/\/www.spektra.sk\/albero-je-garanciou-kvalitneho-nabytku-a-doplnkov\/","datePublished":"2021-07-30","dateModified":"2023-04-25","mainEntityOfPage":"https:\/\/www.spektra.sk\/albero-je-garanciou-kvalitneho-nabytku-a-doplnkov\/","author":{"@type":"Person","@id":"https:\/\/www.spektra.sk\/author\/#Person","name":"","url":"https:\/\/www.spektra.sk\/author\/","identifier":1,"image":{"@type":"ImageObject","@id":"https:\/\/secure.gravatar.com\/avatar\/5667bceccdce92893bac6a7981a373152a8b3fa0ab99c198ba0ac0b49a934248?s=96&d=mm&r=g","url":"https:\/\/secure.gravatar.com\/avatar\/5667bceccdce92893bac6a7981a373152a8b3fa0ab99c198ba0ac0b49a934248?s=96&d=mm&r=g","height":96,"width":96}},"publisher":{"@type":"Organization","name":"spektra.sk","logo":{"@type":"ImageObject","@id":"\/logo.png","url":"\/logo.png","width":600,"height":60}},"image":{"@type":"ImageObject","@id":"https:\/\/www.spektra.sk\/wp-content\/uploads\/woman-her-husband-sleeping-comfortably_329181-7761_7.jpg","url":"https:\/\/www.spektra.sk\/wp-content\/uploads\/woman-her-husband-sleeping-comfortably_329181-7761_7.jpg","height":0,"width":0},"wordCount":520,"keywords":null},{"@type":"Article","@id":"https:\/\/www.spektra.sk\/svietivy-doplnok\/","headline":"Svietiv\u00fd doplnok","url":"https:\/\/www.spektra.sk\/svietivy-doplnok\/","datePublished":"2021-07-29","dateModified":"2023-04-25","mainEntityOfPage":"https:\/\/www.spektra.sk\/svietivy-doplnok\/","author":{"@type":"Person","@id":"https:\/\/www.spektra.sk\/author\/#Person","name":"","url":"https:\/\/www.spektra.sk\/author\/","identifier":1,"image":{"@type":"ImageObject","@id":"https:\/\/secure.gravatar.com\/avatar\/5667bceccdce92893bac6a7981a373152a8b3fa0ab99c198ba0ac0b49a934248?s=96&d=mm&r=g","url":"https:\/\/secure.gravatar.com\/avatar\/5667bceccdce92893bac6a7981a373152a8b3fa0ab99c198ba0ac0b49a934248?s=96&d=mm&r=g","height":96,"width":96}},"publisher":{"@type":"Organization","name":"spektra.sk","logo":{"@type":"ImageObject","@id":"\/logo.png","url":"\/logo.png","width":600,"height":60}},"image":{"@type":"ImageObject","@id":"https:\/\/www.spektra.sk\/wp-content\/uploads\/neon-4457900_1920.jpg","url":"https:\/\/www.spektra.sk\/wp-content\/uploads\/neon-4457900_1920.jpg","height":0,"width":0},"wordCount":614,"keywords":null},{"@type":"Article","@id":"https:\/\/www.spektra.sk\/spravte-si-poriadok-vo-svojich-digitalnych-fotkach\/","headline":"Spravte si poriadok vo svojich digit\u00e1lnych fotk\u00e1ch","url":"https:\/\/www.spektra.sk\/spravte-si-poriadok-vo-svojich-digitalnych-fotkach\/","datePublished":"2021-07-24","dateModified":"2023-04-25","mainEntityOfPage":"https:\/\/www.spektra.sk\/spravte-si-poriadok-vo-svojich-digitalnych-fotkach\/","author":{"@type":"Person","@id":"https:\/\/www.spektra.sk\/author\/#Person","name":"","url":"https:\/\/www.spektra.sk\/author\/","identifier":1,"image":{"@type":"ImageObject","@id":"https:\/\/secure.gravatar.com\/avatar\/5667bceccdce92893bac6a7981a373152a8b3fa0ab99c198ba0ac0b49a934248?s=96&d=mm&r=g","url":"https:\/\/secure.gravatar.com\/avatar\/5667bceccdce92893bac6a7981a373152a8b3fa0ab99c198ba0ac0b49a934248?s=96&d=mm&r=g","height":96,"width":96}},"publisher":{"@type":"Organization","name":"spektra.sk","logo":{"@type":"ImageObject","@id":"\/logo.png","url":"\/logo.png","width":600,"height":60}},"image":{"@type":"ImageObject","@id":"https:\/\/www.spektra.sk\/wp-content\/uploads\/laptop,%20m%C3%A9di%C3%A1,%20%C5%BEena.jpg","url":"https:\/\/www.spektra.sk\/wp-content\/uploads\/laptop,%20m%C3%A9di%C3%A1,%20%C5%BEena.jpg","height":0,"width":0},"wordCount":596,"keywords":null},{"@type":"Article","@id":"https:\/\/www.spektra.sk\/rychla-doba-si-pyta-len-tu-najrychlejsiu-dopravu\/","headline":"R\u00fdchla doba si p\u00fdta len t\u00fa najr\u00fdchlej\u0161iu dopravu.","url":"https:\/\/www.spektra.sk\/rychla-doba-si-pyta-len-tu-najrychlejsiu-dopravu\/","datePublished":"2021-07-24","dateModified":"2023-04-25","mainEntityOfPage":"https:\/\/www.spektra.sk\/rychla-doba-si-pyta-len-tu-najrychlejsiu-dopravu\/","author":{"@type":"Person","@id":"https:\/\/www.spektra.sk\/author\/#Person","name":"","url":"https:\/\/www.spektra.sk\/author\/","identifier":1,"image":{"@type":"ImageObject","@id":"https:\/\/secure.gravatar.com\/avatar\/5667bceccdce92893bac6a7981a373152a8b3fa0ab99c198ba0ac0b49a934248?s=96&d=mm&r=g","url":"https:\/\/secure.gravatar.com\/avatar\/5667bceccdce92893bac6a7981a373152a8b3fa0ab99c198ba0ac0b49a934248?s=96&d=mm&r=g","height":96,"width":96}},"publisher":{"@type":"Organization","name":"spektra.sk","logo":{"@type":"ImageObject","@id":"\/logo.png","url":"\/logo.png","width":600,"height":60}},"image":{"@type":"ImageObject","@id":"https:\/\/www.spektra.sk\/wp-content\/uploads\/ismael-paramo-LKTrzus_uq0-unsplash.jpg","url":"https:\/\/www.spektra.sk\/wp-content\/uploads\/ismael-paramo-LKTrzus_uq0-unsplash.jpg","height":0,"width":0},"wordCount":550,"keywords":null},{"@type":"Article","@id":"https:\/\/www.spektra.sk\/mobilheimy-lacne-a-prakticke-byvanie\/","headline":"Mobilheimy: Lacn\u00e9 a praktick\u00e9 b\u00fdvanie","url":"https:\/\/www.spektra.sk\/mobilheimy-lacne-a-prakticke-byvanie\/","datePublished":"2021-07-23","dateModified":"2023-04-25","mainEntityOfPage":"https:\/\/www.spektra.sk\/mobilheimy-lacne-a-prakticke-byvanie\/","author":{"@type":"Person","@id":"https:\/\/www.spektra.sk\/author\/#Person","name":"","url":"https:\/\/www.spektra.sk\/author\/","identifier":1,"image":{"@type":"ImageObject","@id":"https:\/\/secure.gravatar.com\/avatar\/5667bceccdce92893bac6a7981a373152a8b3fa0ab99c198ba0ac0b49a934248?s=96&d=mm&r=g","url":"https:\/\/secure.gravatar.com\/avatar\/5667bceccdce92893bac6a7981a373152a8b3fa0ab99c198ba0ac0b49a934248?s=96&d=mm&r=g","height":96,"width":96}},"publisher":{"@type":"Organization","name":"spektra.sk","logo":{"@type":"ImageObject","@id":"\/logo.png","url":"\/logo.png","width":600,"height":60}},"image":{"@type":"ImageObject","@id":"https:\/\/www.spektra.sk\/wp-content\/uploads\/stava%20rodinn%C3%A9ho%20domu.jpg","url":"https:\/\/www.spektra.sk\/wp-content\/uploads\/stava%20rodinn%C3%A9ho%20domu.jpg","height":0,"width":0},"wordCount":595,"keywords":null}]},{"@context":"https:\/\/schema.org","@type":"WebSite","@id":"https:\/\/www.spektra.sk\/#website","name":"Spektra","url":"https:\/\/www.spektra.sk","potentialAction":{"@type":"SearchAction","target":"https:\/\/www.spektra.sk\/?s={search_term_string}","query-input":"required name=search_term_string"}}]