[{"@context":"https:\/\/schema.org\/","@type":"Blog","@id":"https:\/\/www.spektra.sk#Blog","headline":"Spektra","description":"\nKedy prezu\u0165 na zimn\u00e9, v\u0161etko o aktu\u00e1lnej legislat\u00edve a in\u00fdch motoristick\u00fdch novink\u00e1ch a tipoch, sa dozviete v na\u0161om magaz\u00edne, ktor\u00fd sa dobre \u010d\u00edta.","url":"https:\/\/www.spektra.sk","hasPart":[{"@type":"Article","@id":"https:\/\/www.spektra.sk\/ako-zariadit-terasu-utulne-a-prakticky\/","headline":"Ako zariadi\u0165 terasu \u00fatulne a prakticky","url":"https:\/\/www.spektra.sk\/ako-zariadit-terasu-utulne-a-prakticky\/","datePublished":"2020-01-22","dateModified":"2023-04-25","mainEntityOfPage":"https:\/\/www.spektra.sk\/ako-zariadit-terasu-utulne-a-prakticky\/","author":{"@type":"Person","@id":"https:\/\/www.spektra.sk\/author\/#Person","name":"","url":"https:\/\/www.spektra.sk\/author\/","identifier":1,"image":{"@type":"ImageObject","@id":"https:\/\/secure.gravatar.com\/avatar\/5667bceccdce92893bac6a7981a373152a8b3fa0ab99c198ba0ac0b49a934248?s=96&d=mm&r=g","url":"https:\/\/secure.gravatar.com\/avatar\/5667bceccdce92893bac6a7981a373152a8b3fa0ab99c198ba0ac0b49a934248?s=96&d=mm&r=g","height":96,"width":96}},"publisher":{"@type":"Organization","name":"spektra.sk","logo":{"@type":"ImageObject","@id":"\/logo.png","url":"\/logo.png","width":600,"height":60}},"image":{"@type":"ImageObject","@id":"https:\/\/www.spektra.sk\/wp-content\/uploads\/img_a302467_w16692_t1561451852.jpg","url":"https:\/\/www.spektra.sk\/wp-content\/uploads\/img_a302467_w16692_t1561451852.jpg","height":0,"width":0},"wordCount":496,"keywords":null},{"@type":"Article","@id":"https:\/\/www.spektra.sk\/motorka-nie-je-vsetko-najdite-si-aj-dobru-predajnu\/","headline":"Motorka nie je v\u0161etko. N\u00e1jdite si aj dobr\u00fa predaj\u0148u","url":"https:\/\/www.spektra.sk\/motorka-nie-je-vsetko-najdite-si-aj-dobru-predajnu\/","datePublished":"2020-01-06","dateModified":"2023-04-25","mainEntityOfPage":"https:\/\/www.spektra.sk\/motorka-nie-je-vsetko-najdite-si-aj-dobru-predajnu\/","author":{"@type":"Person","@id":"https:\/\/www.spektra.sk\/author\/#Person","name":"","url":"https:\/\/www.spektra.sk\/author\/","identifier":1,"image":{"@type":"ImageObject","@id":"https:\/\/secure.gravatar.com\/avatar\/5667bceccdce92893bac6a7981a373152a8b3fa0ab99c198ba0ac0b49a934248?s=96&d=mm&r=g","url":"https:\/\/secure.gravatar.com\/avatar\/5667bceccdce92893bac6a7981a373152a8b3fa0ab99c198ba0ac0b49a934248?s=96&d=mm&r=g","height":96,"width":96}},"publisher":{"@type":"Organization","name":"spektra.sk","logo":{"@type":"ImageObject","@id":"\/logo.png","url":"\/logo.png","width":600,"height":60}},"image":{"@type":"ImageObject","@id":"https:\/\/www.spektra.sk\/wp-content\/uploads\/img_a310583_w16818_t1583217915.jpg","url":"https:\/\/www.spektra.sk\/wp-content\/uploads\/img_a310583_w16818_t1583217915.jpg","height":0,"width":0},"wordCount":506,"keywords":null},{"@type":"Article","@id":"https:\/\/www.spektra.sk\/funkcna-batozina-pre-motorkarov-alebo-spolahlive-vybavenie-na-cestach\/","headline":"Funk\u010dn\u00e1 bato\u017eina pre motork\u00e1rov alebo spo\u013eahliv\u00e9 vybavenie na cest\u00e1ch","url":"https:\/\/www.spektra.sk\/funkcna-batozina-pre-motorkarov-alebo-spolahlive-vybavenie-na-cestach\/","datePublished":"2020-01-04","dateModified":"2023-04-25","mainEntityOfPage":"https:\/\/www.spektra.sk\/funkcna-batozina-pre-motorkarov-alebo-spolahlive-vybavenie-na-cestach\/","author":{"@type":"Person","@id":"https:\/\/www.spektra.sk\/author\/#Person","name":"","url":"https:\/\/www.spektra.sk\/author\/","identifier":1,"image":{"@type":"ImageObject","@id":"https:\/\/secure.gravatar.com\/avatar\/5667bceccdce92893bac6a7981a373152a8b3fa0ab99c198ba0ac0b49a934248?s=96&d=mm&r=g","url":"https:\/\/secure.gravatar.com\/avatar\/5667bceccdce92893bac6a7981a373152a8b3fa0ab99c198ba0ac0b49a934248?s=96&d=mm&r=g","height":96,"width":96}},"publisher":{"@type":"Organization","name":"spektra.sk","logo":{"@type":"ImageObject","@id":"\/logo.png","url":"\/logo.png","width":600,"height":60}},"image":{"@type":"ImageObject","@id":"https:\/\/www.spektra.sk\/wp-content\/uploads\/img_a310580_w16576_t1583217285.jpg","url":"https:\/\/www.spektra.sk\/wp-content\/uploads\/img_a310580_w16576_t1583217285.jpg","height":0,"width":0},"wordCount":508,"keywords":null},{"@type":"Article","@id":"https:\/\/www.spektra.sk\/aku-konstrukciu-moto-prilby-vybrat\/","headline":"Ak\u00fa kon\u0161trukciu moto-prilby vybra\u0165?","url":"https:\/\/www.spektra.sk\/aku-konstrukciu-moto-prilby-vybrat\/","datePublished":"2020-01-03","dateModified":"2023-04-25","mainEntityOfPage":"https:\/\/www.spektra.sk\/aku-konstrukciu-moto-prilby-vybrat\/","author":{"@type":"Person","@id":"https:\/\/www.spektra.sk\/author\/#Person","name":"","url":"https:\/\/www.spektra.sk\/author\/","identifier":1,"image":{"@type":"ImageObject","@id":"https:\/\/secure.gravatar.com\/avatar\/5667bceccdce92893bac6a7981a373152a8b3fa0ab99c198ba0ac0b49a934248?s=96&d=mm&r=g","url":"https:\/\/secure.gravatar.com\/avatar\/5667bceccdce92893bac6a7981a373152a8b3fa0ab99c198ba0ac0b49a934248?s=96&d=mm&r=g","height":96,"width":96}},"publisher":{"@type":"Organization","name":"spektra.sk","logo":{"@type":"ImageObject","@id":"\/logo.png","url":"\/logo.png","width":600,"height":60}},"image":{"@type":"ImageObject","@id":"https:\/\/www.spektra.sk\/wp-content\/uploads\/img_a310572_w16802_t1583216653.jpg","url":"https:\/\/www.spektra.sk\/wp-content\/uploads\/img_a310572_w16802_t1583216653.jpg","height":0,"width":0},"wordCount":483,"keywords":null},{"@type":"Article","@id":"https:\/\/www.spektra.sk\/sucasti-akymi-disponuje-moderna-a-kvalitna-moto-prilba\/","headline":"S\u00fa\u010dasti, ak\u00fdmi disponuje modern\u00e1 a kvalitn\u00e1 moto prilba","url":"https:\/\/www.spektra.sk\/sucasti-akymi-disponuje-moderna-a-kvalitna-moto-prilba\/","datePublished":"2020-01-01","dateModified":"2023-04-25","mainEntityOfPage":"https:\/\/www.spektra.sk\/sucasti-akymi-disponuje-moderna-a-kvalitna-moto-prilba\/","author":{"@type":"Person","@id":"https:\/\/www.spektra.sk\/author\/#Person","name":"","url":"https:\/\/www.spektra.sk\/author\/","identifier":1,"image":{"@type":"ImageObject","@id":"https:\/\/secure.gravatar.com\/avatar\/5667bceccdce92893bac6a7981a373152a8b3fa0ab99c198ba0ac0b49a934248?s=96&d=mm&r=g","url":"https:\/\/secure.gravatar.com\/avatar\/5667bceccdce92893bac6a7981a373152a8b3fa0ab99c198ba0ac0b49a934248?s=96&d=mm&r=g","height":96,"width":96}},"publisher":{"@type":"Organization","name":"spektra.sk","logo":{"@type":"ImageObject","@id":"\/logo.png","url":"\/logo.png","width":600,"height":60}},"image":{"@type":"ImageObject","@id":"https:\/\/www.spektra.sk\/wp-content\/uploads\/img_a310573_w16600_t1583216744.jpg","url":"https:\/\/www.spektra.sk\/wp-content\/uploads\/img_a310573_w16600_t1583216744.jpg","height":0,"width":0},"wordCount":482,"keywords":null},{"@type":"Article","@id":"https:\/\/www.spektra.sk\/skratte-si-cakanie-na-jazdu-na-motorke-peknou-vybavou-uz-teraz\/","headline":"Skr\u00e1\u0165te si \u010dakanie na jazdu na motorke peknou v\u00fdbavou u\u017e teraz!","url":"https:\/\/www.spektra.sk\/skratte-si-cakanie-na-jazdu-na-motorke-peknou-vybavou-uz-teraz\/","datePublished":"2019-12-25","dateModified":"2023-04-25","mainEntityOfPage":"https:\/\/www.spektra.sk\/skratte-si-cakanie-na-jazdu-na-motorke-peknou-vybavou-uz-teraz\/","author":{"@type":"Person","@id":"https:\/\/www.spektra.sk\/author\/#Person","name":"","url":"https:\/\/www.spektra.sk\/author\/","identifier":1,"image":{"@type":"ImageObject","@id":"https:\/\/secure.gravatar.com\/avatar\/5667bceccdce92893bac6a7981a373152a8b3fa0ab99c198ba0ac0b49a934248?s=96&d=mm&r=g","url":"https:\/\/secure.gravatar.com\/avatar\/5667bceccdce92893bac6a7981a373152a8b3fa0ab99c198ba0ac0b49a934248?s=96&d=mm&r=g","height":96,"width":96}},"publisher":{"@type":"Organization","name":"spektra.sk","logo":{"@type":"ImageObject","@id":"\/logo.png","url":"\/logo.png","width":600,"height":60}},"image":{"@type":"ImageObject","@id":"https:\/\/www.spektra.sk\/wp-content\/uploads\/img_a309937_w16608_t1580835891.jpg","url":"https:\/\/www.spektra.sk\/wp-content\/uploads\/img_a309937_w16608_t1580835891.jpg","height":0,"width":0},"wordCount":495,"keywords":null},{"@type":"Article","@id":"https:\/\/www.spektra.sk\/nie-je-to-len-frajerina-ale-motorka-predstavuje-takisto-dalsie-ocenitelne-benefity\/","headline":"Nie je to len frajerina, ale motorka predstavuje takisto \u010fal\u0161ie ocenite\u013en\u00e9 benefity","url":"https:\/\/www.spektra.sk\/nie-je-to-len-frajerina-ale-motorka-predstavuje-takisto-dalsie-ocenitelne-benefity\/","datePublished":"2019-12-22","dateModified":"2023-04-25","mainEntityOfPage":"https:\/\/www.spektra.sk\/nie-je-to-len-frajerina-ale-motorka-predstavuje-takisto-dalsie-ocenitelne-benefity\/","author":{"@type":"Person","@id":"https:\/\/www.spektra.sk\/author\/#Person","name":"","url":"https:\/\/www.spektra.sk\/author\/","identifier":1,"image":{"@type":"ImageObject","@id":"https:\/\/secure.gravatar.com\/avatar\/5667bceccdce92893bac6a7981a373152a8b3fa0ab99c198ba0ac0b49a934248?s=96&d=mm&r=g","url":"https:\/\/secure.gravatar.com\/avatar\/5667bceccdce92893bac6a7981a373152a8b3fa0ab99c198ba0ac0b49a934248?s=96&d=mm&r=g","height":96,"width":96}},"publisher":{"@type":"Organization","name":"spektra.sk","logo":{"@type":"ImageObject","@id":"\/logo.png","url":"\/logo.png","width":600,"height":60}},"image":{"@type":"ImageObject","@id":"https:\/\/www.spektra.sk\/wp-content\/uploads\/img_a309945_w16738_t1580836757.jpg","url":"https:\/\/www.spektra.sk\/wp-content\/uploads\/img_a309945_w16738_t1580836757.jpg","height":0,"width":0},"wordCount":515,"keywords":null},{"@type":"Article","@id":"https:\/\/www.spektra.sk\/investicia-do-novych-okien-by-mala-predstavovat-dlhodobu-zaruku\/","headline":"Invest\u00edcia do nov\u00fdch okien by mala predstavova\u0165 dlhodob\u00fa z\u00e1ruku","url":"https:\/\/www.spektra.sk\/investicia-do-novych-okien-by-mala-predstavovat-dlhodobu-zaruku\/","datePublished":"2019-12-15","dateModified":"2023-04-25","mainEntityOfPage":"https:\/\/www.spektra.sk\/investicia-do-novych-okien-by-mala-predstavovat-dlhodobu-zaruku\/","author":{"@type":"Person","@id":"https:\/\/www.spektra.sk\/author\/#Person","name":"","url":"https:\/\/www.spektra.sk\/author\/","identifier":1,"image":{"@type":"ImageObject","@id":"https:\/\/secure.gravatar.com\/avatar\/5667bceccdce92893bac6a7981a373152a8b3fa0ab99c198ba0ac0b49a934248?s=96&d=mm&r=g","url":"https:\/\/secure.gravatar.com\/avatar\/5667bceccdce92893bac6a7981a373152a8b3fa0ab99c198ba0ac0b49a934248?s=96&d=mm&r=g","height":96,"width":96}},"publisher":{"@type":"Organization","name":"spektra.sk","logo":{"@type":"ImageObject","@id":"\/logo.png","url":"\/logo.png","width":600,"height":60}},"image":{"@type":"ImageObject","@id":"https:\/\/www.spektra.sk\/wp-content\/uploads\/img_a310183_w16903_t1582308153.jpg","url":"https:\/\/www.spektra.sk\/wp-content\/uploads\/img_a310183_w16903_t1582308153.jpg","height":0,"width":0},"wordCount":554,"keywords":null},{"@type":"Article","@id":"https:\/\/www.spektra.sk\/starajte-sa-o-svoju-motorku-s-rozumom\/","headline":"Starajte sa o svoju motorku s rozumom","url":"https:\/\/www.spektra.sk\/starajte-sa-o-svoju-motorku-s-rozumom\/","datePublished":"2019-12-07","dateModified":"2023-04-25","mainEntityOfPage":"https:\/\/www.spektra.sk\/starajte-sa-o-svoju-motorku-s-rozumom\/","author":{"@type":"Person","@id":"https:\/\/www.spektra.sk\/author\/#Person","name":"","url":"https:\/\/www.spektra.sk\/author\/","identifier":1,"image":{"@type":"ImageObject","@id":"https:\/\/secure.gravatar.com\/avatar\/5667bceccdce92893bac6a7981a373152a8b3fa0ab99c198ba0ac0b49a934248?s=96&d=mm&r=g","url":"https:\/\/secure.gravatar.com\/avatar\/5667bceccdce92893bac6a7981a373152a8b3fa0ab99c198ba0ac0b49a934248?s=96&d=mm&r=g","height":96,"width":96}},"publisher":{"@type":"Organization","name":"spektra.sk","logo":{"@type":"ImageObject","@id":"\/logo.png","url":"\/logo.png","width":600,"height":60}},"image":{"@type":"ImageObject","@id":"https:\/\/www.spektra.sk\/wp-content\/uploads\/img_a309944_w16900_t1580836639.jpg","url":"https:\/\/www.spektra.sk\/wp-content\/uploads\/img_a309944_w16900_t1580836639.jpg","height":0,"width":0},"wordCount":445,"keywords":null},{"@type":"Article","@id":"https:\/\/www.spektra.sk\/najcastejsie-typy-prilb-pre-motorkarov\/","headline":"Naj\u010dastej\u0161ie typy pr\u00edlb pre motork\u00e1rov","url":"https:\/\/www.spektra.sk\/najcastejsie-typy-prilb-pre-motorkarov\/","datePublished":"2019-11-26","dateModified":"2023-04-25","mainEntityOfPage":"https:\/\/www.spektra.sk\/najcastejsie-typy-prilb-pre-motorkarov\/","author":{"@type":"Person","@id":"https:\/\/www.spektra.sk\/author\/#Person","name":"","url":"https:\/\/www.spektra.sk\/author\/","identifier":1,"image":{"@type":"ImageObject","@id":"https:\/\/secure.gravatar.com\/avatar\/5667bceccdce92893bac6a7981a373152a8b3fa0ab99c198ba0ac0b49a934248?s=96&d=mm&r=g","url":"https:\/\/secure.gravatar.com\/avatar\/5667bceccdce92893bac6a7981a373152a8b3fa0ab99c198ba0ac0b49a934248?s=96&d=mm&r=g","height":96,"width":96}},"publisher":{"@type":"Organization","name":"spektra.sk","logo":{"@type":"ImageObject","@id":"\/logo.png","url":"\/logo.png","width":600,"height":60}},"image":{"@type":"ImageObject","@id":"https:\/\/www.spektra.sk\/wp-content\/uploads\/img_a309154_w16588_t1578477695.png","url":"https:\/\/www.spektra.sk\/wp-content\/uploads\/img_a309154_w16588_t1578477695.png","height":0,"width":0},"wordCount":467,"keywords":null}]},{"@context":"https:\/\/schema.org","@type":"WebSite","@id":"https:\/\/www.spektra.sk\/#website","name":"Spektra","url":"https:\/\/www.spektra.sk","potentialAction":{"@type":"SearchAction","target":"https:\/\/www.spektra.sk\/?s={search_term_string}","query-input":"required name=search_term_string"}}]