{"@context":"https:\/\/schema.org\/","@type":"CollectionPage","@id":"https:\/\/www.spektra.sk\/podnikanie\/#CollectionPage","headline":"Podnikanie Category","description":"","url":"https:\/\/www.spektra.sk\/podnikanie\/","hasPart":[{"@type":"Article","@id":"https:\/\/www.spektra.sk\/stvorkolky-aprislusenstvo\/","headline":"\u0160tvorkolky  apr\u00edslu\u0161enstvo","url":"https:\/\/www.spektra.sk\/stvorkolky-aprislusenstvo\/","datePublished":"2024-08-11","dateModified":"2024-08-11","mainEntityOfPage":"https:\/\/www.spektra.sk\/stvorkolky-aprislusenstvo\/","author":{"@type":"Person","@id":"https:\/\/www.spektra.sk\/author\/#Person","name":"","url":"https:\/\/www.spektra.sk\/author\/","identifier":1,"image":{"@type":"ImageObject","@id":"https:\/\/secure.gravatar.com\/avatar\/5667bceccdce92893bac6a7981a373152a8b3fa0ab99c198ba0ac0b49a934248?s=96&d=mm&r=g","url":"https:\/\/secure.gravatar.com\/avatar\/5667bceccdce92893bac6a7981a373152a8b3fa0ab99c198ba0ac0b49a934248?s=96&d=mm&r=g","height":96,"width":96}},"publisher":{"@type":"Organization","name":"spektra.sk","logo":{"@type":"ImageObject","@id":"\/logo.png","url":"\/logo.png","width":600,"height":60}},"image":{"@type":"ImageObject","@id":"https:\/\/www.spektra.sk\/wp-content\/uploads\/atv-4808031_640_1.jpg","url":"https:\/\/www.spektra.sk\/wp-content\/uploads\/atv-4808031_640_1.jpg","height":0,"width":0},"keywords":null},{"@type":"Article","@id":"https:\/\/www.spektra.sk\/tajomstvo-cistej-a-zdravej-pitnej-vody-so-siliphos\/","headline":"Tajomstvo \u010distej a zdravej pitnej vody so Siliphos","url":"https:\/\/www.spektra.sk\/tajomstvo-cistej-a-zdravej-pitnej-vody-so-siliphos\/","datePublished":"2024-05-10","dateModified":"2024-05-10","mainEntityOfPage":"https:\/\/www.spektra.sk\/tajomstvo-cistej-a-zdravej-pitnej-vody-so-siliphos\/","author":{"@type":"Person","@id":"https:\/\/www.spektra.sk\/author\/#Person","name":"","url":"https:\/\/www.spektra.sk\/author\/","identifier":1,"image":{"@type":"ImageObject","@id":"https:\/\/secure.gravatar.com\/avatar\/5667bceccdce92893bac6a7981a373152a8b3fa0ab99c198ba0ac0b49a934248?s=96&d=mm&r=g","url":"https:\/\/secure.gravatar.com\/avatar\/5667bceccdce92893bac6a7981a373152a8b3fa0ab99c198ba0ac0b49a934248?s=96&d=mm&r=g","height":96,"width":96}},"publisher":{"@type":"Organization","name":"spektra.sk","logo":{"@type":"ImageObject","@id":"\/logo.png","url":"\/logo.png","width":600,"height":60}},"image":{"@type":"ImageObject","@id":"https:\/\/www.spektra.sk\/wp-content\/uploads\/siliphos.jpg","url":"https:\/\/www.spektra.sk\/wp-content\/uploads\/siliphos.jpg","height":0,"width":0},"keywords":null},{"@type":"Article","@id":"https:\/\/www.spektra.sk\/farebna-manikura-z-pohodlia-domova\/","headline":"Farebn\u00e1 manik\u00fara z pohodlia domova","url":"https:\/\/www.spektra.sk\/farebna-manikura-z-pohodlia-domova\/","datePublished":"2023-10-16","dateModified":"2024-01-23","mainEntityOfPage":"https:\/\/www.spektra.sk\/farebna-manikura-z-pohodlia-domova\/","author":{"@type":"Person","@id":"https:\/\/www.spektra.sk\/author\/#Person","name":"","url":"https:\/\/www.spektra.sk\/author\/","identifier":1,"image":{"@type":"ImageObject","@id":"https:\/\/secure.gravatar.com\/avatar\/5667bceccdce92893bac6a7981a373152a8b3fa0ab99c198ba0ac0b49a934248?s=96&d=mm&r=g","url":"https:\/\/secure.gravatar.com\/avatar\/5667bceccdce92893bac6a7981a373152a8b3fa0ab99c198ba0ac0b49a934248?s=96&d=mm&r=g","height":96,"width":96}},"publisher":{"@type":"Organization","name":"spektra.sk","logo":{"@type":"ImageObject","@id":"\/logo.png","url":"\/logo.png","width":600,"height":60}},"image":{"@type":"ImageObject","@id":"https:\/\/www.spektra.sk\/wp-content\/uploads\/latte-nails-3cead5d8e1c244f49b65c01e20bda5c2.jpg","url":"https:\/\/www.spektra.sk\/wp-content\/uploads\/latte-nails-3cead5d8e1c244f49b65c01e20bda5c2.jpg","height":0,"width":0},"keywords":null},{"@type":"Article","@id":"https:\/\/www.spektra.sk\/otocne-a-pevne-kolieska\/","headline":"Oto\u010dn\u00e9 a pevn\u00e9 kolieska","url":"https:\/\/www.spektra.sk\/otocne-a-pevne-kolieska\/","datePublished":"2023-09-04","dateModified":"2023-09-04","mainEntityOfPage":"https:\/\/www.spektra.sk\/otocne-a-pevne-kolieska\/","author":{"@type":"Person","@id":"https:\/\/www.spektra.sk\/author\/#Person","name":"","url":"https:\/\/www.spektra.sk\/author\/","identifier":1,"image":{"@type":"ImageObject","@id":"https:\/\/secure.gravatar.com\/avatar\/5667bceccdce92893bac6a7981a373152a8b3fa0ab99c198ba0ac0b49a934248?s=96&d=mm&r=g","url":"https:\/\/secure.gravatar.com\/avatar\/5667bceccdce92893bac6a7981a373152a8b3fa0ab99c198ba0ac0b49a934248?s=96&d=mm&r=g","height":96,"width":96}},"publisher":{"@type":"Organization","name":"spektra.sk","logo":{"@type":"ImageObject","@id":"\/logo.png","url":"\/logo.png","width":600,"height":60}},"image":{"@type":"ImageObject","@id":"https:\/\/www.spektra.sk\/wp-content\/uploads\/pexels-quintin-gellar-6563916.jpg","url":"https:\/\/www.spektra.sk\/wp-content\/uploads\/pexels-quintin-gellar-6563916.jpg","height":0,"width":0},"keywords":null},{"@type":"Article","@id":"https:\/\/www.spektra.sk\/zateplenim-fasady-domu-znizite-naklady-na-kurenie\/","headline":"Zateplen\u00edm fas\u00e1dy domu zn\u00ed\u017eite n\u00e1klady na k\u00farenie","url":"https:\/\/www.spektra.sk\/zateplenim-fasady-domu-znizite-naklady-na-kurenie\/","datePublished":"2021-08-29","dateModified":"2023-04-25","mainEntityOfPage":"https:\/\/www.spektra.sk\/zateplenim-fasady-domu-znizite-naklady-na-kurenie\/","author":{"@type":"Person","@id":"https:\/\/www.spektra.sk\/author\/#Person","name":"","url":"https:\/\/www.spektra.sk\/author\/","identifier":1,"image":{"@type":"ImageObject","@id":"https:\/\/secure.gravatar.com\/avatar\/5667bceccdce92893bac6a7981a373152a8b3fa0ab99c198ba0ac0b49a934248?s=96&d=mm&r=g","url":"https:\/\/secure.gravatar.com\/avatar\/5667bceccdce92893bac6a7981a373152a8b3fa0ab99c198ba0ac0b49a934248?s=96&d=mm&r=g","height":96,"width":96}},"publisher":{"@type":"Organization","name":"spektra.sk","logo":{"@type":"ImageObject","@id":"\/logo.png","url":"\/logo.png","width":600,"height":60}},"image":{"@type":"ImageObject","@id":"https:\/\/www.spektra.sk\/wp-content\/uploads\/bt-img4_1.jpg","url":"https:\/\/www.spektra.sk\/wp-content\/uploads\/bt-img4_1.jpg","height":0,"width":0},"keywords":null},{"@type":"Article","@id":"https:\/\/www.spektra.sk\/obratte-sa-na-stahovaciu-sluzbu-ale-ktoru-vybrat\/","headline":"Obr\u00e1\u0165te sa na s\u0165ahovaciu slu\u017ebu: Ale ktor\u00fa vybra\u0165?","url":"https:\/\/www.spektra.sk\/obratte-sa-na-stahovaciu-sluzbu-ale-ktoru-vybrat\/","datePublished":"2021-08-29","dateModified":"2023-04-25","mainEntityOfPage":"https:\/\/www.spektra.sk\/obratte-sa-na-stahovaciu-sluzbu-ale-ktoru-vybrat\/","author":{"@type":"Person","@id":"https:\/\/www.spektra.sk\/author\/#Person","name":"","url":"https:\/\/www.spektra.sk\/author\/","identifier":1,"image":{"@type":"ImageObject","@id":"https:\/\/secure.gravatar.com\/avatar\/5667bceccdce92893bac6a7981a373152a8b3fa0ab99c198ba0ac0b49a934248?s=96&d=mm&r=g","url":"https:\/\/secure.gravatar.com\/avatar\/5667bceccdce92893bac6a7981a373152a8b3fa0ab99c198ba0ac0b49a934248?s=96&d=mm&r=g","height":96,"width":96}},"publisher":{"@type":"Organization","name":"spektra.sk","logo":{"@type":"ImageObject","@id":"\/logo.png","url":"\/logo.png","width":600,"height":60}},"image":{"@type":"ImageObject","@id":"https:\/\/www.spektra.sk\/wp-content\/uploads\/n%C3%A1kladn%C3%A9%20auto,%20s%C5%A5ahovacia%20slu%C5%BEba.jpeg","url":"https:\/\/www.spektra.sk\/wp-content\/uploads\/n%C3%A1kladn%C3%A9%20auto,%20s%C5%A5ahovacia%20slu%C5%BEba.jpeg","height":0,"width":0},"keywords":null},{"@type":"Article","@id":"https:\/\/www.spektra.sk\/zarezervujte-si-skvelu-tantricku-masaz\/","headline":"Zarezervujte si skvel\u00fa tantrick\u00fa mas\u00e1\u017e","url":"https:\/\/www.spektra.sk\/zarezervujte-si-skvelu-tantricku-masaz\/","datePublished":"2021-08-24","dateModified":"2023-04-25","mainEntityOfPage":"https:\/\/www.spektra.sk\/zarezervujte-si-skvelu-tantricku-masaz\/","author":{"@type":"Person","@id":"https:\/\/www.spektra.sk\/author\/#Person","name":"","url":"https:\/\/www.spektra.sk\/author\/","identifier":1,"image":{"@type":"ImageObject","@id":"https:\/\/secure.gravatar.com\/avatar\/5667bceccdce92893bac6a7981a373152a8b3fa0ab99c198ba0ac0b49a934248?s=96&d=mm&r=g","url":"https:\/\/secure.gravatar.com\/avatar\/5667bceccdce92893bac6a7981a373152a8b3fa0ab99c198ba0ac0b49a934248?s=96&d=mm&r=g","height":96,"width":96}},"publisher":{"@type":"Organization","name":"spektra.sk","logo":{"@type":"ImageObject","@id":"\/logo.png","url":"\/logo.png","width":600,"height":60}},"image":{"@type":"ImageObject","@id":"https:\/\/www.spektra.sk\/wp-content\/uploads\/tantra_10_3.jpg","url":"https:\/\/www.spektra.sk\/wp-content\/uploads\/tantra_10_3.jpg","height":0,"width":0},"keywords":null},{"@type":"Article","@id":"https:\/\/www.spektra.sk\/vyberte-si-aj-vy-sposob-liecby-ktory-funguje\/","headline":"Vyberte si aj vy sp\u00f4sob lie\u010dby, ktor\u00fd funguje!","url":"https:\/\/www.spektra.sk\/vyberte-si-aj-vy-sposob-liecby-ktory-funguje\/","datePublished":"2021-08-23","dateModified":"2023-04-25","mainEntityOfPage":"https:\/\/www.spektra.sk\/vyberte-si-aj-vy-sposob-liecby-ktory-funguje\/","author":{"@type":"Person","@id":"https:\/\/www.spektra.sk\/author\/#Person","name":"","url":"https:\/\/www.spektra.sk\/author\/","identifier":1,"image":{"@type":"ImageObject","@id":"https:\/\/secure.gravatar.com\/avatar\/5667bceccdce92893bac6a7981a373152a8b3fa0ab99c198ba0ac0b49a934248?s=96&d=mm&r=g","url":"https:\/\/secure.gravatar.com\/avatar\/5667bceccdce92893bac6a7981a373152a8b3fa0ab99c198ba0ac0b49a934248?s=96&d=mm&r=g","height":96,"width":96}},"publisher":{"@type":"Organization","name":"spektra.sk","logo":{"@type":"ImageObject","@id":"\/logo.png","url":"\/logo.png","width":600,"height":60}},"image":{"@type":"ImageObject","@id":"https:\/\/www.spektra.sk\/wp-content\/uploads\/female-legs_144962-5303_5.jpg","url":"https:\/\/www.spektra.sk\/wp-content\/uploads\/female-legs_144962-5303_5.jpg","height":0,"width":0},"keywords":null},{"@type":"Article","@id":"https:\/\/www.spektra.sk\/vzrusenie-zazijete-aj-ak-sa-budete-iba-pozerat\/","headline":"Vzru\u0161enie za\u017eijete aj ak sa budete iba pozera\u0165","url":"https:\/\/www.spektra.sk\/vzrusenie-zazijete-aj-ak-sa-budete-iba-pozerat\/","datePublished":"2021-08-20","dateModified":"2023-04-25","mainEntityOfPage":"https:\/\/www.spektra.sk\/vzrusenie-zazijete-aj-ak-sa-budete-iba-pozerat\/","author":{"@type":"Person","@id":"https:\/\/www.spektra.sk\/author\/#Person","name":"","url":"https:\/\/www.spektra.sk\/author\/","identifier":1,"image":{"@type":"ImageObject","@id":"https:\/\/secure.gravatar.com\/avatar\/5667bceccdce92893bac6a7981a373152a8b3fa0ab99c198ba0ac0b49a934248?s=96&d=mm&r=g","url":"https:\/\/secure.gravatar.com\/avatar\/5667bceccdce92893bac6a7981a373152a8b3fa0ab99c198ba0ac0b49a934248?s=96&d=mm&r=g","height":96,"width":96}},"publisher":{"@type":"Organization","name":"spektra.sk","logo":{"@type":"ImageObject","@id":"\/logo.png","url":"\/logo.png","width":600,"height":60}},"image":{"@type":"ImageObject","@id":"https:\/\/www.spektra.sk\/wp-content\/uploads\/rtojka_1.jpg","url":"https:\/\/www.spektra.sk\/wp-content\/uploads\/rtojka_1.jpg","height":0,"width":0},"keywords":null},{"@type":"Article","@id":"https:\/\/www.spektra.sk\/spravte-si-poriadok-vo-svojich-digitalnych-fotkach\/","headline":"Spravte si poriadok vo svojich digit\u00e1lnych fotk\u00e1ch","url":"https:\/\/www.spektra.sk\/spravte-si-poriadok-vo-svojich-digitalnych-fotkach\/","datePublished":"2021-07-24","dateModified":"2023-04-25","mainEntityOfPage":"https:\/\/www.spektra.sk\/spravte-si-poriadok-vo-svojich-digitalnych-fotkach\/","author":{"@type":"Person","@id":"https:\/\/www.spektra.sk\/author\/#Person","name":"","url":"https:\/\/www.spektra.sk\/author\/","identifier":1,"image":{"@type":"ImageObject","@id":"https:\/\/secure.gravatar.com\/avatar\/5667bceccdce92893bac6a7981a373152a8b3fa0ab99c198ba0ac0b49a934248?s=96&d=mm&r=g","url":"https:\/\/secure.gravatar.com\/avatar\/5667bceccdce92893bac6a7981a373152a8b3fa0ab99c198ba0ac0b49a934248?s=96&d=mm&r=g","height":96,"width":96}},"publisher":{"@type":"Organization","name":"spektra.sk","logo":{"@type":"ImageObject","@id":"\/logo.png","url":"\/logo.png","width":600,"height":60}},"image":{"@type":"ImageObject","@id":"https:\/\/www.spektra.sk\/wp-content\/uploads\/laptop,%20m%C3%A9di%C3%A1,%20%C5%BEena.jpg","url":"https:\/\/www.spektra.sk\/wp-content\/uploads\/laptop,%20m%C3%A9di%C3%A1,%20%C5%BEena.jpg","height":0,"width":0},"keywords":null}]}