{"@context":"https:\/\/schema.org\/","@type":"CollectionPage","@id":"https:\/\/www.spektra.sk\/podnikanie\/#CollectionPage","headline":"Podnikanie Category","description":"","url":"https:\/\/www.spektra.sk\/podnikanie\/","hasPart":[{"@type":"Article","@id":"https:\/\/www.spektra.sk\/aky-vyznam-maju-coraz-znamejsie-tantricke-masaze\/","headline":"Ak\u00fd v\u00fdznam maj\u00fa \u010doraz zn\u00e1mej\u0161ie tantrick\u00e9 mas\u00e1\u017ee?","url":"https:\/\/www.spektra.sk\/aky-vyznam-maju-coraz-znamejsie-tantricke-masaze\/","datePublished":"2020-06-15","dateModified":"2023-04-25","mainEntityOfPage":"https:\/\/www.spektra.sk\/aky-vyznam-maju-coraz-znamejsie-tantricke-masaze\/","author":{"@type":"Person","@id":"https:\/\/www.spektra.sk\/author\/#Person","name":"","url":"https:\/\/www.spektra.sk\/author\/","identifier":1,"image":{"@type":"ImageObject","@id":"https:\/\/secure.gravatar.com\/avatar\/5667bceccdce92893bac6a7981a373152a8b3fa0ab99c198ba0ac0b49a934248?s=96&d=mm&r=g","url":"https:\/\/secure.gravatar.com\/avatar\/5667bceccdce92893bac6a7981a373152a8b3fa0ab99c198ba0ac0b49a934248?s=96&d=mm&r=g","height":96,"width":96}},"publisher":{"@type":"Organization","name":"spektra.sk","logo":{"@type":"ImageObject","@id":"\/logo.png","url":"\/logo.png","width":600,"height":60}},"image":{"@type":"ImageObject","@id":"https:\/\/www.spektra.sk\/wp-content\/uploads\/mas%C3%A1%C5%BE,%20relax.jpg","url":"https:\/\/www.spektra.sk\/wp-content\/uploads\/mas%C3%A1%C5%BE,%20relax.jpg","height":0,"width":0},"keywords":null},{"@type":"Article","@id":"https:\/\/www.spektra.sk\/pr-clanky\/","headline":"PR \u010dl\u00e1nky","url":"https:\/\/www.spektra.sk\/pr-clanky\/","datePublished":"2020-05-12","dateModified":"2023-09-27","mainEntityOfPage":"https:\/\/www.spektra.sk\/pr-clanky\/","author":{"@type":"Person","@id":"https:\/\/www.spektra.sk\/author\/#Person","name":"","url":"https:\/\/www.spektra.sk\/author\/","identifier":1,"image":{"@type":"ImageObject","@id":"https:\/\/secure.gravatar.com\/avatar\/5667bceccdce92893bac6a7981a373152a8b3fa0ab99c198ba0ac0b49a934248?s=96&d=mm&r=g","url":"https:\/\/secure.gravatar.com\/avatar\/5667bceccdce92893bac6a7981a373152a8b3fa0ab99c198ba0ac0b49a934248?s=96&d=mm&r=g","height":96,"width":96}},"publisher":{"@type":"Organization","name":"spektra.sk","logo":{"@type":"ImageObject","@id":"\/logo.png","url":"\/logo.png","width":600,"height":60}},"image":{"@type":"ImageObject","@id":"https:\/\/www.spektra.sk\/wp-content\/uploads\/business-1031754_960_720_1.jpg","url":"https:\/\/www.spektra.sk\/wp-content\/uploads\/business-1031754_960_720_1.jpg","height":0,"width":0},"keywords":null},{"@type":"Article","@id":"https:\/\/www.spektra.sk\/co-je-register-partnerov-verejneho-sektora\/","headline":"\u010do je register partnerov verejn\u00e9ho sektora?","url":"https:\/\/www.spektra.sk\/co-je-register-partnerov-verejneho-sektora\/","datePublished":"2020-05-11","dateModified":"2023-09-27","mainEntityOfPage":"https:\/\/www.spektra.sk\/co-je-register-partnerov-verejneho-sektora\/","author":{"@type":"Person","@id":"https:\/\/www.spektra.sk\/author\/#Person","name":"","url":"https:\/\/www.spektra.sk\/author\/","identifier":1,"image":{"@type":"ImageObject","@id":"https:\/\/secure.gravatar.com\/avatar\/5667bceccdce92893bac6a7981a373152a8b3fa0ab99c198ba0ac0b49a934248?s=96&d=mm&r=g","url":"https:\/\/secure.gravatar.com\/avatar\/5667bceccdce92893bac6a7981a373152a8b3fa0ab99c198ba0ac0b49a934248?s=96&d=mm&r=g","height":96,"width":96}},"publisher":{"@type":"Organization","name":"spektra.sk","logo":{"@type":"ImageObject","@id":"\/logo.png","url":"\/logo.png","width":600,"height":60}},"image":{"@type":"ImageObject","@id":"https:\/\/www.spektra.sk\/wp-content\/uploads\/good-lawyers-i-need-a-lawyer_9.jpg","url":"https:\/\/www.spektra.sk\/wp-content\/uploads\/good-lawyers-i-need-a-lawyer_9.jpg","height":0,"width":0},"keywords":null},{"@type":"Article","@id":"https:\/\/www.spektra.sk\/starajte-sa-o-svoju-motorku-s-rozumom\/","headline":"Starajte sa o svoju motorku s rozumom","url":"https:\/\/www.spektra.sk\/starajte-sa-o-svoju-motorku-s-rozumom\/","datePublished":"2019-12-07","dateModified":"2023-04-25","mainEntityOfPage":"https:\/\/www.spektra.sk\/starajte-sa-o-svoju-motorku-s-rozumom\/","author":{"@type":"Person","@id":"https:\/\/www.spektra.sk\/author\/#Person","name":"","url":"https:\/\/www.spektra.sk\/author\/","identifier":1,"image":{"@type":"ImageObject","@id":"https:\/\/secure.gravatar.com\/avatar\/5667bceccdce92893bac6a7981a373152a8b3fa0ab99c198ba0ac0b49a934248?s=96&d=mm&r=g","url":"https:\/\/secure.gravatar.com\/avatar\/5667bceccdce92893bac6a7981a373152a8b3fa0ab99c198ba0ac0b49a934248?s=96&d=mm&r=g","height":96,"width":96}},"publisher":{"@type":"Organization","name":"spektra.sk","logo":{"@type":"ImageObject","@id":"\/logo.png","url":"\/logo.png","width":600,"height":60}},"image":{"@type":"ImageObject","@id":"https:\/\/www.spektra.sk\/wp-content\/uploads\/img_a309944_w16900_t1580836639.jpg","url":"https:\/\/www.spektra.sk\/wp-content\/uploads\/img_a309944_w16900_t1580836639.jpg","height":0,"width":0},"keywords":null},{"@type":"Article","@id":"https:\/\/www.spektra.sk\/seo-ako-jedna-zo-zakladnych-sucasti-uspesneho-online-marketingu\/","headline":"SEO ako jedna zo z\u00e1kladn\u00fdch s\u00fa\u010dast\u00ed \u00faspe\u0161n\u00e9ho online marketingu","url":"https:\/\/www.spektra.sk\/seo-ako-jedna-zo-zakladnych-sucasti-uspesneho-online-marketingu\/","datePublished":"2019-06-12","dateModified":"2024-06-14","mainEntityOfPage":"https:\/\/www.spektra.sk\/seo-ako-jedna-zo-zakladnych-sucasti-uspesneho-online-marketingu\/","author":{"@type":"Person","@id":"https:\/\/www.spektra.sk\/author\/#Person","name":"","url":"https:\/\/www.spektra.sk\/author\/","identifier":1,"image":{"@type":"ImageObject","@id":"https:\/\/secure.gravatar.com\/avatar\/5667bceccdce92893bac6a7981a373152a8b3fa0ab99c198ba0ac0b49a934248?s=96&d=mm&r=g","url":"https:\/\/secure.gravatar.com\/avatar\/5667bceccdce92893bac6a7981a373152a8b3fa0ab99c198ba0ac0b49a934248?s=96&d=mm&r=g","height":96,"width":96}},"publisher":{"@type":"Organization","name":"spektra.sk","logo":{"@type":"ImageObject","@id":"\/logo.png","url":"\/logo.png","width":600,"height":60}},"image":{"@type":"ImageObject","@id":"https:\/\/www.spektra.sk\/wp-content\/uploads\/img_a307796_w16830_t1572275580.jpg","url":"https:\/\/www.spektra.sk\/wp-content\/uploads\/img_a307796_w16830_t1572275580.jpg","height":0,"width":0},"keywords":null}]}