[{"@context":"https:\/\/schema.org\/","@type":"Article","@id":"https:\/\/www.spektra.sk\/poschodova-postel-nepatri-len-do-detskej-izby\/#Article","mainEntityOfPage":"https:\/\/www.spektra.sk\/poschodova-postel-nepatri-len-do-detskej-izby\/","headline":"Poschodov\u00e1 poste\u013e nepatr\u00ed len do detskej izby","name":"Poschodov\u00e1 poste\u013e nepatr\u00ed len do detskej izby","description":"Nehovor\u00edme o\u00a0klasickej, detskej poschodovej posteli. V\u00a0obchodoch s\u00a0n\u00e1bytkom dnes n\u00e1jdeme \u0161irok\u00fa ponuku \u0161tudentsk\u00fdch vyv\u00fd\u0161en\u00fdch postel\u00ed. Podstatou je to, \u017ee m\u00f4\u017eete vyu\u017ei\u0165 priestor pod nimi. Ten posl\u00fa\u017ei","datePublished":"2018-10-16","dateModified":"2023-04-25","author":{"@type":"Person","@id":"https:\/\/www.spektra.sk\/author\/#Person","name":"","url":"https:\/\/www.spektra.sk\/author\/","identifier":1,"image":{"@type":"ImageObject","@id":"https:\/\/secure.gravatar.com\/avatar\/5667bceccdce92893bac6a7981a373152a8b3fa0ab99c198ba0ac0b49a934248?s=96&d=mm&r=g","url":"https:\/\/secure.gravatar.com\/avatar\/5667bceccdce92893bac6a7981a373152a8b3fa0ab99c198ba0ac0b49a934248?s=96&d=mm&r=g","height":96,"width":96}},"publisher":{"@type":"Organization","name":"spektra.sk","logo":{"@type":"ImageObject","@id":"\/logo.png","url":"\/logo.png","width":600,"height":60}},"image":{"@type":"ImageObject","@id":"https:\/\/www.spektra.sk\/wp-content\/uploads\/img_a294619_w16589_t1544970947.png","url":"https:\/\/www.spektra.sk\/wp-content\/uploads\/img_a294619_w16589_t1544970947.png","height":0,"width":0},"url":"https:\/\/www.spektra.sk\/poschodova-postel-nepatri-len-do-detskej-izby\/","wordCount":408,"articleBody":"Nehovor\u00edme o\u00a0klasickej, detskej poschodovej posteli. V\u00a0obchodoch s\u00a0n\u00e1bytkom dnes n\u00e1jdeme \u0161irok\u00fa ponuku \u0161tudentsk\u00fdch vyv\u00fd\u0161en\u00fdch postel\u00ed. Podstatou je to, \u017ee m\u00f4\u017eete vyu\u017ei\u0165 priestor pod nimi. Ten posl\u00fa\u017ei ako pracov\u0148a, \u0161atn\u00edk, alebo mini \u201esklad\u201c v\u0161etk\u00e9ho \u010do potrebujeme ulo\u017ei\u0165.Nev\u00fdhodou vy\u0161\u0161ie spomenut\u00fdch postel\u00ed, je najm\u00e4 dizajn a\u00a0fixn\u00e1 ve\u013ekos\u0165. M\u00f4\u017eete ma\u0165 toti\u017e probl\u00e9m n\u00e1js\u0165 k\u00fasok, ktor\u00fd sa bude hodi\u0165 do \u201edospel\u00e1ckej\u201c dom\u00e1cnosti. Tieto postele s\u00fa v\u00e4\u010d\u0161inou vyroben\u00e9 z\u00a0kovu, alebo hlin\u00edku a\u00a0s\u00fa skon\u0161truovan\u00e9 tak, aby sa dalo ve\u013emi \u013eahko zlo\u017ei\u0165, popr\u00edpade rozlo\u017ei\u0165 a\u00a0prenies\u0165 na in\u00e9 miesto. Tak\u017ee nem\u00f4\u017eeme hovori\u0165 o\u00a0dizajnov\u00fdch k\u00faskoch. Taktie\u017e s\u00fa v\u00e4\u010d\u0161inou vyr\u00e1ban\u00e9 vo ve\u013ekostiach pre jednu osobu. Maj\u00fa s\u00edce tro\u0161ku v\u00e4\u010d\u0161\u00ed rozmer, ale dvaja sa na nej nevyspia \u00faplne pohodlne. Hlavne ak hovor\u00edme o trvalom rie\u0161en\u00ed.\u00a0Tak\u00fato poste\u013e si teda m\u00f4\u017eete da\u0165 vyrobi\u0165 na mieru, ale najlep\u0161\u00edm rie\u0161en\u00edm je, ak sa do toho pust\u00edte na vlastn\u00fa p\u00e4s\u0165. Posta\u010dia v\u00e1m dreven\u00e9 hranoly, zop\u00e1r dosiek, skrutiek, klincov a\u00a0pracovn\u00e9 n\u00e1radie.\u00a0Pri kon\u0161truovan\u00ed myslite aj na rozmery matracov. V\u00e4\u010d\u0161ina z\u00a0nich m\u00e1 toti\u017e predp\u00edsan\u00e9 rozmery. Ak bude va\u0161a poste\u013e \u0161ir\u0161ia, dlh\u0161ia, alebo u\u017e\u0161ia, budete ma\u0165 ve\u013ek\u00fd probl\u00e9m s\u00a0ich k\u00fapou. Ke\u010f siahnete po \u0161peci\u00e1lnych rozmeroch, budete sa musie\u0165 zmieri\u0165 s\u00a0t\u00fdm, \u017ee v\u00e1s bud\u00fa st\u00e1\u0165 omnoho viac pe\u0148az\u00ed.\u00a0Klasick\u00e9 rozmery matracovMatrac pre jednu osobu- d\u013a\u017eka- 180 centimetrov \/ \u0161\u00edrka 90 centimetrovMatrac pre dve osoby- d\u013a\u017eka 180 centimetrov \/ \u0161\u00edrka 200 centimetrov (Pomerne be\u017en\u00fdm s\u00fa aj matrace s\u00a0d\u013a\u017ekou dva metre)\u00a0\u00a0\u00a0\u00a0\u00a0\u00a0\u00a0\u00a0\u00a0\u00a0\u00a0\u00a0\u00a0\u00a0\u00a0\u00a0\u00a0\u00a0\u00a0\u00a0\u00a0\u00a0\u00a0\u00a0\u00a0\u00a0\u00a0\u00a0\u00a0\u00a0\u00a0\u00a0\u00a0\u00a0Takto si m\u00f4\u017eete vyrobi\u0165 poste\u013e pod\u013ea svojich predst\u00e1v, pri\u010dom v\u00e1s to nebude st\u00e1\u0165 celo\u017eivotn\u00e9 \u00faspory.Pokia\u013e bude t\u00e1to mini sp\u00e1l\u0148a s\u00fa\u010das\u0165ou ob\u00fdva\u010dky, \u010di kuchyne, m\u00f4\u017eete pou\u017ei\u0165 aj r\u00f4zne z\u00e1vesy, alebo dreven\u00e9 \u017eal\u00fazie na oddelenie. Po prv\u00e9 v\u00e1m to zabezpe\u010d\u00ed s\u00fakromie, ak v\u00e1\u0161 pr\u00edbytok niekto nav\u0161t\u00edvi a\u00a0tie\u017e zabr\u00e1nite nepr\u00edjemn\u00fdm pachom z\u00a0kuchyne, alebo zvy\u0161ku bytu. Pokia\u013e spolu b\u00fdvate dvaja, takouto z\u00e1branou vyrie\u0161ite aj situ\u00e1cie, kedy chce jeden spa\u0165 a\u00a0druh\u00fd e\u0161te pobehova\u0165 po byte.                                                                                                                                                                                                                                                                                                                                                                                        4.3\/5 - (11 votes)        "},{"@context":"https:\/\/schema.org\/","@type":"BreadcrumbList","itemListElement":[{"@type":"ListItem","position":1,"name":"Poschodov\u00e1 poste\u013e nepatr\u00ed len do detskej izby","item":"https:\/\/www.spektra.sk\/poschodova-postel-nepatri-len-do-detskej-izby\/#breadcrumbitem"}]}]