[{"@context":"https:\/\/schema.org\/","@type":"Article","@id":"https:\/\/www.spektra.sk\/prichystajte-sa-na-teple-leto\/#Article","mainEntityOfPage":"https:\/\/www.spektra.sk\/prichystajte-sa-na-teple-leto\/","headline":"Prichystajte sa na tepl\u00e9 leto","name":"Prichystajte sa na tepl\u00e9 leto","description":"Boj s teplom niekedy prehr\u00e1vame. Aj vy m\u00e1te u v\u00e1s doma nepr\u00edjemne teplo? Leto je \u010doraz teplej\u0161ie a rozm\u00fd\u0161\u013eate nad t\u00fdm, \u017ee by ste s","datePublished":"2024-09-10","dateModified":"2024-09-10","author":{"@type":"Person","@id":"https:\/\/www.spektra.sk\/author\/#Person","name":"","url":"https:\/\/www.spektra.sk\/author\/","identifier":1,"image":{"@type":"ImageObject","@id":"https:\/\/secure.gravatar.com\/avatar\/5667bceccdce92893bac6a7981a373152a8b3fa0ab99c198ba0ac0b49a934248?s=96&d=mm&r=g","url":"https:\/\/secure.gravatar.com\/avatar\/5667bceccdce92893bac6a7981a373152a8b3fa0ab99c198ba0ac0b49a934248?s=96&d=mm&r=g","height":96,"width":96}},"publisher":{"@type":"Organization","name":"spektra.sk","logo":{"@type":"ImageObject","@id":"\/logo.png","url":"\/logo.png","width":600,"height":60}},"image":{"@type":"ImageObject","@id":"https:\/\/www.spektra.sk\/wp-content\/uploads\/air-9023085_640_2.jpg","url":"https:\/\/www.spektra.sk\/wp-content\/uploads\/air-9023085_640_2.jpg","height":0,"width":0},"url":"https:\/\/www.spektra.sk\/prichystajte-sa-na-teple-leto\/","about":["Nakupovanie"],"wordCount":395,"articleBody":"    Boj s teplom niekedy prehr\u00e1vame. Aj vy m\u00e1te u v\u00e1s doma nepr\u00edjemne teplo? Leto je \u010doraz teplej\u0161ie a rozm\u00fd\u0161\u013eate nad t\u00fdm, \u017ee by ste s t\u00fdm nie\u010do urobili? Vhodn\u00fdm sp\u00f4sobom je zaobstaranie si klimatiz\u00e1cie. Klimatiza\u010dn\u00e1 jednotka sa sklad\u00e1 z dvoch chladiarensk\u00fdch agreg\u00e1tov. S\u00fa navz\u00e1jom prepojen\u00e9 a jedna bez druhej by nefungovali. Vonkaj\u0161ia jednotka m\u00e1 za \u00falohu vyp\u00fa\u0161\u0165a\u0165 tepl\u00fd vzduch do exteri\u00e9ru. No, za to vn\u00fatorn\u00e1 jednotka v\u00e1m bude pr\u00fadi\u0165 studen\u00fd vzduch do va\u0161ej nehnute\u013enosti. Tento \u00fa\u017easn\u00fd pocit budete ma\u0165 v\u017edy, ke\u010f si zapnete svoju klimatiz\u00e1ciu. Klimatiz\u00e1cia je ve\u013emi ob\u013e\u00faben\u00e1 kv\u00f4li vysok\u00e9mu vyu\u017eitiu v dom\u00e1cnosti, ale aj vo firm\u00e1ch alebo aj na in\u00fdch miestach.   Bez klimatiz\u00e1cie by sa n\u00e1m \u0165a\u017eko \u017eilo, \u010do m\u00f4\u017eem potvrdi\u0165, ke\u010f\u017ee si u\u017e neviem ani len predstavi\u0165 leto, kedy by som nezapla svoju klimatiz\u00e1ciu v byte. Klimatiz\u00e1ciu sme si namontovali hne\u010f potom, ako sme si k\u00fapili n\u00e1\u0161 byt. Spravili sme ve\u013emi dobre. Klimatiz\u00e1ciou si dokonale vychlad\u00edme v\u0161etky miestnosti v na\u0161om byte a nepotrebujeme ma\u0165 klimatiz\u00e1ciu v ka\u017edej jednej miestnosti. Cel\u00fd byt je v pr\u00edjemnej teplote, ktor\u00fa si nastav\u00edme. Ovl\u00e1da\u010d patr\u00ed ku ka\u017edej jednej klimatiz\u00e1cii. Aj vy dostanete ten svoj, ak si klimatiz\u00e1ciu zak\u00fapite. Existuje mnoho zna\u010diek a druhov klimatiz\u00e1ci\u00ed, no ja by som na va\u0161om mieste siahla nie pr\u00e1ve po tej najlacnej\u0161ej.  Najlacnej\u0161ia klimatiz\u00e1cia v\u00e1m nevydr\u017e\u00ed a\u017e tak dlho, ako tie drah\u0161ie. Cena klimatiz\u00e1cie sa pohybuje u\u017e pomaly cez tis\u00edc eur. To\u013eko pe\u0148az\u00ed si mus\u00edte naspori\u0165, aby ste si mohli vychutn\u00e1va\u0165 pr\u00edjemn\u00fd vzduch vo va\u0161ej nehnute\u013enosti. S klimatiz\u00e1ciou sa nebudete to\u013eko poti\u0165 a u\u0161etr\u00edte spotrebu vody. Voda nie je najlacnej\u0161ia a mali by ste na to myslie\u0165 v\u017edy, ke\u010f si zapnete klimatiz\u00e1ciu. Potenie nem\u00e1 nikto r\u00e1d. Neust\u00e1le mysl\u00edte na to, \u017ee po va\u0161om tele stekaj\u00fa kvapky potu, s ktor\u00fdmi ve\u013emi ni\u010d nesprav\u00edte. Aj po sprche sa znovu objavia. No, s klimatiz\u00e1ciou m\u00e1te tento probl\u00e9m raz dva vyrie\u0161en\u00fd.                                                                                                                                                                                                                                                                                                                                                                                          3.7\/5 - (3 votes)        "},{"@context":"https:\/\/schema.org\/","@type":"BreadcrumbList","itemListElement":[{"@type":"ListItem","position":1,"name":"Prichystajte sa na tepl\u00e9 leto","item":"https:\/\/www.spektra.sk\/prichystajte-sa-na-teple-leto\/#breadcrumbitem"}]}]