[{"@context":"https:\/\/schema.org\/","@type":"Article","@id":"https:\/\/www.spektra.sk\/sportujeme\/#Article","mainEntityOfPage":"https:\/\/www.spektra.sk\/sportujeme\/","headline":"\u0160portujeme ?","name":"\u0160portujeme ?","description":"Idem autom a\u00a0rozm\u00fd\u0161\u013eam, \u010do si na seba oble\u010diem na ve\u010dern\u00fa pl\u00e1novan\u00fa n\u00e1v\u0161tevu. V\u00a0hlave si prech\u00e1dzam obsah \u0161atn\u00edka: \u0160aty vyl\u00fa\u010dim- pribrala som v\u00a0poslednej dobe a\u00a0faldy sadla","datePublished":"2019-05-25","dateModified":"2023-04-25","author":{"@type":"Person","@id":"https:\/\/www.spektra.sk\/author\/#Person","name":"","url":"https:\/\/www.spektra.sk\/author\/","identifier":1,"image":{"@type":"ImageObject","@id":"https:\/\/secure.gravatar.com\/avatar\/5667bceccdce92893bac6a7981a373152a8b3fa0ab99c198ba0ac0b49a934248?s=96&d=mm&r=g","url":"https:\/\/secure.gravatar.com\/avatar\/5667bceccdce92893bac6a7981a373152a8b3fa0ab99c198ba0ac0b49a934248?s=96&d=mm&r=g","height":96,"width":96}},"publisher":{"@type":"Organization","name":"spektra.sk","logo":{"@type":"ImageObject","@id":"\/logo.png","url":"\/logo.png","width":600,"height":60}},"image":{"@type":"ImageObject","@id":"https:\/\/www.spektra.sk\/wp-content\/uploads\/img_a302671_w16538_t1561729975.jpg","url":"https:\/\/www.spektra.sk\/wp-content\/uploads\/img_a302671_w16538_t1561729975.jpg","height":0,"width":0},"url":"https:\/\/www.spektra.sk\/sportujeme\/","wordCount":405,"articleBody":"Idem autom a\u00a0rozm\u00fd\u0161\u013eam, \u010do si na seba oble\u010diem na ve\u010dern\u00fa pl\u00e1novan\u00fa n\u00e1v\u0161tevu. V\u00a0hlave si prech\u00e1dzam obsah \u0161atn\u00edka:\t\t\u0160aty vyl\u00fa\u010dim- pribrala som v\u00a0poslednej dobe a\u00a0faldy sadla ukazova\u0165 nechcem\t\tV\u00a0mysli si vyber\u00e1m suk\u0148u, do ktorej sa e\u0161te zapnem. \u010cierna ma h\u00e1dam urob\u00ed \u0161t\u00edhlej\u0161ou.\t\tBl\u00fazku vyberiem \u0161ir\u0161iu, aby zakryla to ,\u010do uk\u00e1za\u0165 veru nechcem\u00a0Zbystr\u00edm pozornos\u0165, lebo predo mnou na ceste sa vytv\u00e1ra kol\u00f3na automobilov. Niekto pomal\u0161\u00ed asi ide vpredu.Nie- s\u00fa to deti\u010dky- cyklistick\u00fd klub. Svorne napreduj\u00fa a\u00a0my \u0161of\u00e9ri sme netrpezliv\u00ed a\u00a0vytrubujeme. M\u00ed\u0148am asi 20 det\u00ed v\u00a0r\u00f4znych trikotoch a\u00a0r\u00f4znych vekov\u00fdch kateg\u00f3rii. Obdivujem ich sna\u017eivos\u0165 a\u00a0chu\u0165 \u0161portova\u0165. Vo\u013eakedy som veru aj ja sedela ka\u017ed\u00fd de\u0148 na bicykli a\u00a0mala som o\u00a0p\u00e1r k\u00edl menej. Nemala by som teraz probl\u00e9m- \u010do si oble\u010diem- keby som e\u0161te bicyklovala.\u00a0Na chv\u00ed\u013eku ma to zamrz\u00ed, ale moje hor\u0161ie ja ma okam\u017eite presvied\u010da, \u017ee nato nem\u00e1m \u010das a\u00a0\u017ee to iba preto ne\u0161portujem.\u00a0Po nieko\u013ek\u00fdch kilometroch sa pred auto zjav\u00ed cyklista. Je v\u00a0polo le\u017eatej\u00a0 polohe a\u00a0rukami\u00a0 poh\u00e1\u0148a upraven\u00fd bicykel. Nohy m\u00e1 zdeformovan\u00e9, ale jeho chu\u0165 \u0161portova\u0165 je v\u00e4\u010d\u0161ia ako jeho lenivos\u0165.Toto u\u017e \u201enepred\u00fdcham\u201c \u013eahko. \u010clovek invalid \u0161portova\u0165 vie a\u00a0chce a\u00a0ja zdrav\u00e1 osoba som sa nechala uspokoji\u0165 svoj\u00edm hor\u0161\u00edm ja a\u00a0prestala som sa h\u00fdba\u0165. V\u0161ade chod\u00edm autom.\u00a0V\u00a0gar\u00e1\u017ei stoj\u00ed vzadu m\u00f4j bicykel. Som teraz odhodlan\u00e1, \u017ee vo vyberiem, opr\u00e1\u0161im a\u00a0znovu ka\u017ed\u00fd de\u0148 urob\u00edm p\u00e1r kilometrov. Nehovor\u00edm to e\u0161te nahlas. Najprv sa ja sama mus\u00edm vn\u00fatorne presved\u010di\u0165 o\u00a0potrebe vr\u00e1ti\u0165 sa k\u00a0\u0161portu. Roky prib\u00fadaj\u00fa, kil\u00e1 tie\u017e\u00a0 a\u00a0moje zdravie sa mi raz ur\u010dite odv\u010fa\u010d\u00ed, ak za\u010dnem nie\u010do so sebou robi\u0165.\u00a0Zavol\u00e1m kamar\u00e1tke- nech m\u00e1m spolo\u010dnos\u0165 a\u00a0nech sa n\u00e1m \u0161portuje vo dvojici \u013eah\u0161ie. Ned\u00e1m sa predsa zahanbi\u0165 deti\u010dkami a\u00a0postihnut\u00fdm mlad\u00edkom, ktor\u00fd sa neop\u00fa\u0161\u0165a, ale \u017eenie dopredu. Neuverite\u013en\u00e9- asi ani netu\u0161\u00ed, ako hlboko ma v\u00a0tejto chv\u00edli pozna\u010dil poh\u013ead na jeho chu\u0165 \u0161portova\u0165.\u00a0V\u010faka za prebudenie a\u00a0povzbudenie!\u00a0                                                                                                                                                                                                                                                                                                                                                                                        3.7\/5 - (8 votes)        "},{"@context":"https:\/\/schema.org\/","@type":"BreadcrumbList","itemListElement":[{"@type":"ListItem","position":1,"name":"\u0160portujeme ?","item":"https:\/\/www.spektra.sk\/sportujeme\/#breadcrumbitem"}]}]