[{"@context":"https:\/\/schema.org\/","@type":"Article","@id":"https:\/\/www.spektra.sk\/svoju-hlavu-na-krku\/#Article","mainEntityOfPage":"https:\/\/www.spektra.sk\/svoju-hlavu-na-krku\/","headline":"Svoju hlavu na krku","name":"Svoju hlavu na krku","description":"Ve\u010f to raz mo\u017eno aj samy zist\u00edte, \u017ee nie za v\u0161etk\u00fdm, \u010do sa tv\u00e1ri milo a\u00a0pekne, je naozaj to, \u010do si mysl\u00edte. Ve\u010f aj \u013eudov\u00e9","datePublished":"2025-03-01","dateModified":"2023-04-25","author":{"@type":"Person","@id":"https:\/\/www.spektra.sk\/author\/#Person","name":"","url":"https:\/\/www.spektra.sk\/author\/","identifier":1,"image":{"@type":"ImageObject","@id":"https:\/\/secure.gravatar.com\/avatar\/5667bceccdce92893bac6a7981a373152a8b3fa0ab99c198ba0ac0b49a934248?s=96&d=mm&r=g","url":"https:\/\/secure.gravatar.com\/avatar\/5667bceccdce92893bac6a7981a373152a8b3fa0ab99c198ba0ac0b49a934248?s=96&d=mm&r=g","height":96,"width":96}},"publisher":{"@type":"Organization","name":"spektra.sk","logo":{"@type":"ImageObject","@id":"\/logo.png","url":"\/logo.png","width":600,"height":60}},"image":{"@type":"ImageObject","@id":"https:\/\/www.spektra.sk\/wp-content\/uploads\/img_a285451_w16543_t1520434864.jpg","url":"https:\/\/www.spektra.sk\/wp-content\/uploads\/img_a285451_w16543_t1520434864.jpg","height":0,"width":0},"url":"https:\/\/www.spektra.sk\/svoju-hlavu-na-krku\/","wordCount":405,"articleBody":"Ve\u010f to raz mo\u017eno aj samy zist\u00edte, \u017ee nie za v\u0161etk\u00fdm, \u010do sa tv\u00e1ri milo a\u00a0pekne, je naozaj to, \u010do si mysl\u00edte. Ve\u010f aj \u013eudov\u00e9 pr\u00edslovia hovoria o\u00a0t\u00fdchto dvojtv\u00e1rnych veciach a\u00a0\u010dastokr\u00e1t aj \u013eu\u010foch. V\u00a0minulosti \u017eili ve\u013emi m\u00fadri \u013eudia, ke\u010f tak\u00e9to m\u00fadrosti dok\u00e1zali vytvori\u0165.Udr\u017ea\u0165 si svoj n\u00e1zor je v\u00a0dne\u0161nej dobe takmer nemo\u017en\u00e9. Hoci m\u00e1me demokraciu a\u00a0m\u00f4\u017eeme vyjadrova\u0165 svoje n\u00e1zory na hocijak\u00fa problematiku, \u010dastokr\u00e1t sme ods\u00faden\u00ed davom za svoje n\u00e1zory. Ve\u013eakr\u00e1t sa to deje pr\u00e1ve na internete, kde sa ka\u017ed\u00fd z\u00a0n\u00e1s skr\u00fdva za nejak\u00fdm nickom, svojou fotkou alebo obr\u00e1zkom. Tam si \u013eudia dok\u00e1\u017eu nap\u00edsa\u0165 tak\u00e9 veci, ktor\u00e9 by nikdy v\u00a0\u017eivote nevyslovili. A\u00a0tam viete by\u0165 ve\u013emi kritizovan\u00fd za svoj n\u00e1zor pr\u00e1ve kv\u00f4li tak\u00fdmto \u013eudom.Je d\u00f4le\u017eit\u00e9 aj napriek tomu si svoj n\u00e1zor udr\u017ea\u0165. Nem\u00f4\u017eete bra\u0165 oh\u013ead na v\u0161etk\u00fdch a\u00a0robi\u0165 len to, \u010do sa pova\u017euje za norm\u00e1lne. Norm\u00e1lne veci a\u00a0\u010diny neexistuj\u00fa. S\u00fa to len pomyseln\u00e9 normy, ktor\u00e9 sa m\u00f4\u017eu k\u013eudne poru\u0161ova\u0165, preto\u017ee ka\u017ed\u00fd \u010dlovek je in\u00fd a\u00a0nem\u00e1 sa stoto\u017e\u0148ova\u0165 so v\u0161etk\u00fdm, \u010do mu spolo\u010dnos\u0165 prikazuje.\u201eTo \u010do bolo vo\u013eakedy norm\u00e1lne je dnes nenorm\u00e1lne a\u00a0to, \u010do bolo vo\u013eakedy nenorm\u00e1lne, je dnes norm\u00e1lne.\u201c V\u00a0tejto jednej vete je povedan\u00e9 to\u013eko pravdy, ko\u013eko si ani neviete predstavi\u0165. Napr\u00edklad v\u00a0minulosti bolo norm\u00e1lne najprv sa vyda\u0165 a\u00a0a\u017e potom rodi\u0165. Dnes najprv porod\u00edme a\u00a0mo\u017eno sa ani nestihneme zobra\u0165, preto\u017ee sa roz\u00eddeme. \u017diadne istoty, bezpe\u010die z\u00a0toho neplyn\u00fa. \u017dijeme ve\u013emi r\u00fdchly \u017eivot, ktor\u00fd nem\u00e1 prav\u00e9 hodnoty, ktor\u00e9 by sme mali ma\u0165. Kari\u00e9ra, kari\u00e9ra a\u00a0sam\u00e1 kari\u00e9ra.. Die\u0165a nechc\u00fa a\u00a0podobn\u00e9 re\u010di. Kari\u00e9ra ich pr\u00edde pozrie\u0165, ke\u010f bud\u00fa na d\u00f4chodku? Pochybujem..Ale to u\u017e s\u00fa ot\u00e1zky hodn\u00f4t v\u00a0\u017eivote. Ja chcem len pouk\u00e1za\u0165 na to, aby ste sa dr\u017eali svojho n\u00e1zoru. Hoci uzn\u00e1vam aj to, \u017ee niekto nechce deti je jeho n\u00e1zor. Prij\u00edmam a\u00a0ospravedl\u0148ujem sa za kritizovanie v\u00a0predch\u00e1dzaj\u00facom odstavci.\u00a0                                                                                                                                                                                                                                                                                                                                                                                        4.6\/5 - (5 votes)        "},{"@context":"https:\/\/schema.org\/","@type":"BreadcrumbList","itemListElement":[{"@type":"ListItem","position":1,"name":"Svoju hlavu na krku","item":"https:\/\/www.spektra.sk\/svoju-hlavu-na-krku\/#breadcrumbitem"}]}]