[{"@context":"https:\/\/schema.org\/","@type":"Article","@id":"https:\/\/www.spektra.sk\/synteticke-ale-aj-prirodne-farbiva\/#Article","mainEntityOfPage":"https:\/\/www.spektra.sk\/synteticke-ale-aj-prirodne-farbiva\/","headline":"Syntetick\u00e9 ale aj pr\u00edrodn\u00e9 farbiv\u00e1","name":"Syntetick\u00e9 ale aj pr\u00edrodn\u00e9 farbiv\u00e1","description":"Pojmom adit\u00edvne l\u00e1tky ozna\u010dujeme prid\u00e1van\u00e9 substancie do potrav\u00edn za \u00fa\u010delom zv\u00fdraznenia farby, chuti a celkov\u00e9ho vnemu. Prid\u00e1van\u00e9 s\u00fa aj z technologick\u00e9ho h\u013eadiska ako napr\u00edklad z\u00a0d\u00f4vodu","datePublished":"2020-02-24","dateModified":"2023-04-25","author":{"@type":"Person","@id":"https:\/\/www.spektra.sk\/author\/#Person","name":"","url":"https:\/\/www.spektra.sk\/author\/","identifier":1,"image":{"@type":"ImageObject","@id":"https:\/\/secure.gravatar.com\/avatar\/5667bceccdce92893bac6a7981a373152a8b3fa0ab99c198ba0ac0b49a934248?s=96&d=mm&r=g","url":"https:\/\/secure.gravatar.com\/avatar\/5667bceccdce92893bac6a7981a373152a8b3fa0ab99c198ba0ac0b49a934248?s=96&d=mm&r=g","height":96,"width":96}},"publisher":{"@type":"Organization","name":"spektra.sk","logo":{"@type":"ImageObject","@id":"\/logo.png","url":"\/logo.png","width":600,"height":60}},"image":{"@type":"ImageObject","@id":"https:\/\/www.spektra.sk\/wp-content\/uploads\/img_a310384_w16912_t1582647020.jpg","url":"https:\/\/www.spektra.sk\/wp-content\/uploads\/img_a310384_w16912_t1582647020.jpg","height":0,"width":0},"url":"https:\/\/www.spektra.sk\/synteticke-ale-aj-prirodne-farbiva\/","about":["Nakupovanie"],"wordCount":449,"articleBody":"Pojmom adit\u00edvne l\u00e1tky ozna\u010dujeme prid\u00e1van\u00e9 substancie do potrav\u00edn za \u00fa\u010delom zv\u00fdraznenia farby, chuti a celkov\u00e9ho vnemu. Prid\u00e1van\u00e9 s\u00fa aj z technologick\u00e9ho h\u013eadiska ako napr\u00edklad z\u00a0d\u00f4vodu pred\u013a\u017eenia trvanlivosti v\u00fdrobku.Farbiv\u00e1 patria do tejto \u0161irokej skupiny l\u00e1tok. Pod\u013ea eur\u00f3pskej legislat\u00edvy m\u00e1 ka\u017ed\u00e9 z\u00a0nich priraden\u00e9 svoje tzv.\u201c\u00e9\u010dko\u201c. V\u00a0s\u00fa\u010dasnej dobe sa do potrav\u00edn prid\u00e1vaj\u00fa viacer\u00e9 syntetick\u00e9 farbiv\u00e1. Ich povolen\u00fd obsah je dan\u00fd platn\u00fdmi eur\u00f3pskymi normami a\u00a0v\u00fdrobky s\u00fa pravidelne kontrolovan\u00e9. Vzh\u013eadom na ich mo\u017en\u00e9 ved\u013eaj\u0161ie \u00fa\u010dinky sa ich p\u00f4sobenie na \u013eudsk\u00fd organizmus pravidelne prehodnocuje vedeck\u00fdmi in\u0161tit\u00faciamiAj z\u00a0tohto d\u00f4vodu za\u010d\u00ednaj\u00fa v\u00fdrobcovia uprednost\u0148ova\u0165 tzv. pr\u00edrodn\u00e9 farbiv\u00e1.\tPr\u00edrodn\u00e9 farbivo Ko\u0161enilaM\u00e1 k\u00f3dov\u00e9 ozna\u010denie E120 a\u00a0n\u00e1zov kyselina karm\u00ednov\u00e1 alebo ko\u0161enila. Pou\u017e\u00edva sa vo viacer\u00fdch potravin\u00e1rskych v\u00fdrobkoch ako napr\u00edklad cukrovinky, d\u017eemy, n\u00e1poje, zmrzliny, m\u00e4sov\u00e9 v\u00fdrobky ale aj v\u00a0kozmetike. Na rozdiel od ostatn\u00fdch prid\u00e1van\u00fdch farb\u00edv m\u00e1 intenz\u00edvnej\u0161iu farbu, aj ke\u010f pri nakupovan\u00ed ju vo\u013en\u00fdm okom nerozpozn\u00e1te. V\u017edy je d\u00f4le\u017eit\u00e9 v\u0161imn\u00fa\u0165 si etiketu a\u00a0pre\u010d\u00edta\u0165 zlo\u017eenie.\tZauj\u00edmav\u00fd p\u00f4vod ko\u0161enilyZ\u00edskava sa extraktov zo su\u0161en\u00fdch tiel sami\u010diek hmyzu Dactylopius, ktor\u00e9 pre\u017e\u00edvaj\u00fa na kaktusoch rodu Opuntia, predov\u0161etk\u00fdm v\u00a0oblasti Ju\u017enej Ameriky a\u00a0Mexika. Zauj\u00edmavos\u0165ou je prap\u00f4vod produkcie kyseliny karm\u00ednovej \u2013 spomenut\u00fd hmyz ho vyu\u017e\u00edva na svoju ochranu a\u00a0za \u00fa\u010delom odradenia pred\u00e1torsk\u00e9ho spr\u00e1vania sa\u00a0 ostatn\u00e9ho hmyzu.Jeho pou\u017e\u00edvanie m\u00e1 dlh\u00fa hist\u00f3riu, u\u017e takmer od 15 storo\u010dia, predov\u0161etk\u00fdm v\u00a0oblasti strednej a ju\u017enej Ameriky.Jeho v\u00fdroba je \u010dasovo a\u00a0ekonomicky n\u00e1ro\u010dn\u00e1, z\u00edskava sa z hmyzu, ktor\u00fd m\u00e1 pribli\u017ene 3 mesiace. Tento sa postupne vyber\u00e1 z\u00a0listov hostite\u013esk\u00fdch kaktusov, o\u010dist\u00ed sa a\u00a0umiestni do vriec, kde prebieha su\u0161enie.Aj preto je jeho cena v\u00a0porovnan\u00ed s\u00a0ostatn\u00fdmi farbivami vy\u0161\u0161ia.Najv\u00fdznamnej\u0161\u00edm\u00a0 export\u00e9rom\u00a0 tohto farbiva je v\u00a0s\u00fa\u010dasnosti Peru s\u00a0produkciou pribli\u017ene 200 ton farbiva ro\u010dne.V\u00a0s\u00fa\u010dasnosti m\u00e1 jeho po\u017eitie \u0161irok\u00e9 uplatnenie najm\u00e4 v\u00a0m\u00e4sov\u00fdch v\u00fdrobkoch a\u00a0v\u00a0cukrovink\u00e1ch.Na rozdiel od synteticky vyroben\u00fdch farb\u00edv m\u00e1 menej ne\u017eiad\u00facich \u00fa\u010dinkov a\u00a0je najm\u00e4 pr\u00edrodne z\u00edskavan\u00fd. Aj preto ho dnes mnoh\u00ed v\u00fdrobcovia uprednost\u0148uj\u00fa.V\u0161imnime si jeho ozna\u010denie E120 aj my, spotrebitelia pri nakupovan\u00ed.                                                                                                                                                                                                                                                                                                                                                                                        4.7\/5 - (4 votes)        "},{"@context":"https:\/\/schema.org\/","@type":"BreadcrumbList","itemListElement":[{"@type":"ListItem","position":1,"name":"Syntetick\u00e9 ale aj pr\u00edrodn\u00e9 farbiv\u00e1","item":"https:\/\/www.spektra.sk\/synteticke-ale-aj-prirodne-farbiva\/#breadcrumbitem"}]}]