[{"@context":"https:\/\/schema.org\/","@type":"Article","@id":"https:\/\/www.spektra.sk\/teplucko-v-kupelni\/#Article","mainEntityOfPage":"https:\/\/www.spektra.sk\/teplucko-v-kupelni\/","headline":"Tepl\u00fa\u010dko v k\u00fape\u013eni","name":"Tepl\u00fa\u010dko v k\u00fape\u013eni","description":"V k\u00fape\u013eni sa pred zimou nevieme ochr\u00e1ni\u0165 perinou, dekou alebo svetrom, iba vhodn\u00fdm vykurovac\u00edm zariaden\u00edm. Na v\u00fdber m\u00e1me v\u00a0podstate dve mo\u017enosti tepla: s radi\u00e1tormi, alebo","datePublished":"2025-02-28","dateModified":"2023-04-25","author":{"@type":"Person","@id":"https:\/\/www.spektra.sk\/author\/#Person","name":"","url":"https:\/\/www.spektra.sk\/author\/","identifier":1,"image":{"@type":"ImageObject","@id":"https:\/\/secure.gravatar.com\/avatar\/5667bceccdce92893bac6a7981a373152a8b3fa0ab99c198ba0ac0b49a934248?s=96&d=mm&r=g","url":"https:\/\/secure.gravatar.com\/avatar\/5667bceccdce92893bac6a7981a373152a8b3fa0ab99c198ba0ac0b49a934248?s=96&d=mm&r=g","height":96,"width":96}},"publisher":{"@type":"Organization","name":"spektra.sk","logo":{"@type":"ImageObject","@id":"\/logo.png","url":"\/logo.png","width":600,"height":60}},"image":{"@type":"ImageObject","@id":"https:\/\/www.spektra.sk\/wp-content\/uploads\/img_a299455_w16536_t1555572702.jpg","url":"https:\/\/www.spektra.sk\/wp-content\/uploads\/img_a299455_w16536_t1555572702.jpg","height":0,"width":0},"url":"https:\/\/www.spektra.sk\/teplucko-v-kupelni\/","wordCount":399,"articleBody":"V k\u00fape\u013eni sa pred zimou nevieme ochr\u00e1ni\u0165 perinou, dekou alebo svetrom, iba vhodn\u00fdm vykurovac\u00edm zariaden\u00edm.Na v\u00fdber m\u00e1me v\u00a0podstate dve mo\u017enosti tepla: s radi\u00e1tormi, alebo bez radi\u00e1torov.Ak sa rozhodneme pre radi\u00e1tory, otv\u00e1ra sa pred nami \u0161irok\u00e1 \u0161k\u00e1la ve\u013ekost\u00ed, dizajnu a\u00a0farieb. V\u00a0prvom rade by n\u00e1s mala zauj\u00edma\u0165 tepeln\u00e1 pohoda, \u010do neznamen\u00e1 chlad, ale ani ve\u013ek\u00e9 teplo. Najlep\u0161ie by bolo, keby dimenzovanie radi\u00e1torov urobil vy\u0161kolen\u00fd odborn\u00edk. Dizajn a\u00a0farba je u\u017e na n\u00e1s.V\u00a0star\u0161\u00edch domoch a\u00a0bytoch sa naj\u010dastej\u0161ie stret\u00e1vame s\u00a0\u010dl\u00e1nkov\u00fdmi liatinov\u00fdmi radi\u00e1tormi. To je d\u00f4kaz, \u017ee tento materi\u00e1l m\u00e1 naozaj dlh\u00fa \u017eivotnos\u0165. Tento typ vykurovacieho telesa m\u00e1 ve\u013ek\u00fd objem, preto dlho udr\u017e\u00ed teplo. V\u0161etci ale pozn\u00e1me ako \u0165a\u017eko sa udr\u017eiavaj\u00fa v\u00a0\u010distote. A\u00a0to ani nehovor\u00edm o\u00a0ich ma\u013eovan\u00ed.Hlin\u00edkov\u00e9 radi\u00e1torys\u00fa s\u00edce odlievan\u00e9 bez zvarov. R\u00fdchlej\u0161ie sa zohrej\u00fa v\u010faka men\u0161iemu objemu, ale z\u00a0rovnak\u00e9ho d\u00f4vodu aj r\u00fdchlej\u0161ie vychladn\u00fa.Doskov\u00e9 oce\u013eov\u00e9 radi\u00e1torymaj\u00fa jeden a\u017e tri panely. S\u00fa pomerne estetick\u00e9 a\u00a0nezaberaj\u00fa ve\u013ea miesta, preto\u017ee s\u00fa ploch\u00e9. R\u00fdchlo sa zohrej\u00fa, aj vychladn\u00fa. Vyr\u00e1baj\u00fa sa v\u00a0r\u00f4znych farb\u00e1ch.R\u00farkov\u00e9 oce\u013eov\u00e9 radi\u00e1tory, ktor\u00e9 vyzeraj\u00fa ako rebr\u00edky s\u00fa ve\u013emi praktick\u00e9, preto\u017ee na nich m\u00f4\u017eeme pohodlne su\u0161i\u0165 aj veci. V\u00a0s\u00fa\u010dasnosti sa vyr\u00e1baj\u00fa aj v\u00a0in\u00fdch tvaroch ako rebr\u00edk. M\u00f4\u017eu by\u0165 nain\u0161talovan\u00e9 pri stene, ale aj v\u00a0priestore. Nezaberaj\u00fa ve\u013ea miesta, preto\u017ee s\u00fa \u00fazke.Elektrick\u00e9 podlahov\u00e9 vykurovanie sa umiest\u0148uje na bet\u00f3nov\u00fa podlahu, tak\u017ee nie je potrebn\u00fd v\u00e4\u010d\u0161\u00ed z\u00e1sah. Pod k\u00e1ble vedenia sa d\u00e1va izol\u00e1cia, ktor\u00e1 zabra\u0148uje \u00faniku tepla smerom do zeme. Termok\u00e1bel m\u00e1 hr\u00fabku iba 2,5 mm, tak\u017ee je priestorovo \u00fasporn\u00fd.N\u00e1dhern\u00fdm k\u00faskom vykurovacieho telesa s\u00fa infrapanely. D\u00e1vaj\u00fa s\u00e1lav\u00e9 teplo pevn\u00fdm predmetom, nie vzduchu. V\u010faka tomu vytv\u00e1raj\u00fa tepeln\u00fd komfort pre osoby, ktor\u00e9 sa nach\u00e1dzaj\u00fa v\u00a0ich bl\u00edzkosti. S\u00fa elektrick\u00e9 a\u00a0daj\u00fa sa umiestni\u0165 na strop alebo na stenu. Mnoh\u00e9 dostali dizajn ako umeleck\u00fd obraz, tak\u017ee s\u00fa na sten\u00e1ch ne\u010dakane estetick\u00e9.                                                                                                                                                                                                                                                                                                                                                                                        4.2\/5 - (4 votes)        "},{"@context":"https:\/\/schema.org\/","@type":"BreadcrumbList","itemListElement":[{"@type":"ListItem","position":1,"name":"Tepl\u00fa\u010dko v k\u00fape\u013eni","item":"https:\/\/www.spektra.sk\/teplucko-v-kupelni\/#breadcrumbitem"}]}]