[{"@context":"https:\/\/schema.org\/","@type":"Article","@id":"https:\/\/www.spektra.sk\/tuzia-byt-zeny-zachranene\/#Article","mainEntityOfPage":"https:\/\/www.spektra.sk\/tuzia-byt-zeny-zachranene\/","headline":"T\u00fa\u017eia by\u0165 \u017eeny zachr\u00e1nen\u00e9?","name":"T\u00fa\u017eia by\u0165 \u017eeny zachr\u00e1nen\u00e9?","description":"Je pravda, \u017ee v\u00a0ka\u017edej sebavedomej \u017eene drieme dlhovlas\u00e1 princezn\u00e1? Nech sme u\u017e akoko\u013evek siln\u00e9 a\u00a0nez\u00e1visl\u00e9 v\u00a0ka\u017edej z\u00a0n\u00e1s je ukryt\u00e1 aj t\u00e1 ne\u017en\u00e1 str\u00e1nka. Ja osobne","datePublished":"2025-02-23","dateModified":"2023-04-25","author":{"@type":"Person","@id":"https:\/\/www.spektra.sk\/author\/#Person","name":"","url":"https:\/\/www.spektra.sk\/author\/","identifier":1,"image":{"@type":"ImageObject","@id":"https:\/\/secure.gravatar.com\/avatar\/5667bceccdce92893bac6a7981a373152a8b3fa0ab99c198ba0ac0b49a934248?s=96&d=mm&r=g","url":"https:\/\/secure.gravatar.com\/avatar\/5667bceccdce92893bac6a7981a373152a8b3fa0ab99c198ba0ac0b49a934248?s=96&d=mm&r=g","height":96,"width":96}},"publisher":{"@type":"Organization","name":"spektra.sk","logo":{"@type":"ImageObject","@id":"\/logo.png","url":"\/logo.png","width":600,"height":60}},"image":{"@type":"ImageObject","@id":"https:\/\/www.spektra.sk\/wp-content\/uploads\/img_a301396_w16676_t1558967191.jpg","url":"https:\/\/www.spektra.sk\/wp-content\/uploads\/img_a301396_w16676_t1558967191.jpg","height":0,"width":0},"url":"https:\/\/www.spektra.sk\/tuzia-byt-zeny-zachranene\/","wordCount":412,"articleBody":"Je pravda, \u017ee v\u00a0ka\u017edej sebavedomej \u017eene drieme dlhovlas\u00e1 princezn\u00e1? Nech sme u\u017e akoko\u013evek siln\u00e9 a\u00a0nez\u00e1visl\u00e9 v\u00a0ka\u017edej z\u00a0n\u00e1s je ukryt\u00e1 aj t\u00e1 ne\u017en\u00e1 str\u00e1nka. Ja osobne som si v\u017edy predstavovala svojho partnera ako siln\u00e9ho a\u00a0tak\u00e9ho, ktor\u00fd ma dok\u00e1\u017ee \u201eochr\u00e1ni\u0165\u201c. Je to v\u00a0n\u00e1s asi zakorenen\u00e9, \u017ee t\u00fa\u017eime ma\u0165 pri sebe niekoho kto sa o\u00a0n\u00e1s postar\u00e1. H\u013ead\u00e1me princa na bielom koni, ktor\u00fd n\u00e1s zachr\u00e1ni a\u00a0vezme si n\u00e1s za \u017eenu. \u017dijeme v\u00a0rozpr\u00e1vke, ktor\u00fa n\u00e1m v\u00a0detstve \u010d\u00edtali pred span\u00edm.Svojho partnera si predstavujem ve\u013emi ide\u00e1lne a\u00a0mo\u017eno aj to je d\u00f4sledkom toho, \u017ee som potom sklaman\u00e1. O\u010dak\u00e1vam naozaj ve\u013ea, no neviem, \u010di niekoho tak\u00e9ho n\u00e1jdem. Chcem mu\u017ea, ktor\u00fd bude siln\u00fd a\u00a0v\u017edy ma ochr\u00e1ni. Jednoducho sa o\u00a0m\u0148a postar\u00e1, odvezie a\u00a0zabezpe\u010d\u00ed aby som bola v\u00a0poriadku. Bude sa zauj\u00edma\u0165 o\u00a0moje potreby, \u010di nie som unaven\u00e1, hladn\u00e1 alebo sm\u00e4dn\u00e1. Je to prehnan\u00e9? Chceme naozaj a\u017e tak ve\u013ea?Mnohokr\u00e1t je to pr\u00e1ve naopak. To my sa star\u00e1me o\u00a0na\u0161ich mu\u017eov a\u00a0ako keby n\u00e1m pribudlo die\u0165a navy\u0161e. Star\u00e1me sa o\u00a0to aby sa najedol, dobre vyspal a\u00a0mal v\u0161etko \u010do potrebuje. Perieme mu veci, upratujeme byt. My ale nie sme predsa jeho sl\u00fa\u017eky! Zamysleli ste sa niekedy, \u010do v\u0161etko rob\u00edte pre svojho priate\u013ea alebo mu\u017ea? A\u00a0\u010do rob\u00ed naopak on pre v\u00e1s. Pr\u00e1ve on by mal by\u0165 ten siln\u00fd, ktor\u00fd sa o\u00a0v\u0161etko postar\u00e1. Ktor\u00fd v\u00e1s zachr\u00e1ni, ke\u010f u\u017e naozaj nevl\u00e1dzete a\u00a0nedovol\u00ed aby v\u00e1m niekto ubl\u00ed\u017eil.Samozrejme, \u017ee t\u00fa\u017eime by\u0165 zachr\u00e1nen\u00e9.V\u00a0ka\u017edej z\u00a0n\u00e1s sa nach\u00e1dza jemn\u00e1 a\u00a0ne\u017en\u00e1 \u017eena, ktor\u00e1 je bezbrann\u00e1 a\u00a0t\u00fa\u017ei po svojom princovi. Aj tie najdrsnej\u0161ie \u017eeny, chc\u00fa niekoho tak\u00e9ho akur\u00e1t si to nepriznaj\u00fa. No v\u00a0\u0165a\u017ek\u00fdch chv\u00ed\u013each, ke\u010f s\u00fa smutn\u00e9 to je vidie\u0165 na ka\u017edej z\u00a0nich. Sme len \u017eeny a\u00a0aj o\u00a0n\u00e1s sa treba postara\u0165. Sme jednoducho tak\u00e9, ka\u017ed\u00e1 in\u00e1 no predsa rovnak\u00e9. T\u00fa\u017eime po niekom kto n\u00e1s zachr\u00e1ni z\u00a0tohto zl\u00e9ho a\u00a0smutn\u00e9ho sveta. A\u00a0\u010do vy? Chcete by\u0165 zachr\u00e1nen\u00e1?                                                                                                                                                                                                                                                                                                                                                                                        4.7\/5 - (6 votes)        "},{"@context":"https:\/\/schema.org\/","@type":"BreadcrumbList","itemListElement":[{"@type":"ListItem","position":1,"name":"T\u00fa\u017eia by\u0165 \u017eeny zachr\u00e1nen\u00e9?","item":"https:\/\/www.spektra.sk\/tuzia-byt-zeny-zachranene\/#breadcrumbitem"}]}]