[{"@context":"https:\/\/schema.org\/","@type":"Article","@id":"https:\/\/www.spektra.sk\/vybavte-sa-na-jar\/#Article","mainEntityOfPage":"https:\/\/www.spektra.sk\/vybavte-sa-na-jar\/","headline":"Vybavte sa na jar","name":"Vybavte sa na jar","description":"Neviete sa u\u017e ani vy do\u010dka\u0165 toho, kedy kone\u010dne znova budete m\u00f4c\u0165 v priaznivej\u0161om po\u010das\u00ed prevetra\u0165 va\u0161u motorku? \u010cak\u00e1te na ten okamih cel\u00fd rok, hne\u010f","datePublished":"2020-02-27","dateModified":"2023-04-25","author":{"@type":"Person","@id":"https:\/\/www.spektra.sk\/author\/#Person","name":"","url":"https:\/\/www.spektra.sk\/author\/","identifier":1,"image":{"@type":"ImageObject","@id":"https:\/\/secure.gravatar.com\/avatar\/5667bceccdce92893bac6a7981a373152a8b3fa0ab99c198ba0ac0b49a934248?s=96&d=mm&r=g","url":"https:\/\/secure.gravatar.com\/avatar\/5667bceccdce92893bac6a7981a373152a8b3fa0ab99c198ba0ac0b49a934248?s=96&d=mm&r=g","height":96,"width":96}},"publisher":{"@type":"Organization","name":"spektra.sk","logo":{"@type":"ImageObject","@id":"\/logo.png","url":"\/logo.png","width":600,"height":60}},"image":{"@type":"ImageObject","@id":"https:\/\/www.spektra.sk\/wp-content\/uploads\/img_a310986_w16572_t1585123677.jpg","url":"https:\/\/www.spektra.sk\/wp-content\/uploads\/img_a310986_w16572_t1585123677.jpg","height":0,"width":0},"url":"https:\/\/www.spektra.sk\/vybavte-sa-na-jar\/","about":["Nakupovanie"],"wordCount":383,"articleBody":" Neviete sa u\u017e ani vy do\u010dka\u0165 toho, kedy kone\u010dne znova budete m\u00f4c\u0165 v priaznivej\u0161om po\u010das\u00ed prevetra\u0165 va\u0161u motorku? \u010cak\u00e1te na ten okamih cel\u00fd rok, hne\u010f od doby, kedy pri\u0161la prv\u00e1 zima? Chceli by ste jazdi\u0165 na motorke na v\u00fdlety so svojou partnerkou, alebo so svojimi priate\u013emi? Ak sa jednoducho u\u017e ani vy neviete do\u010dka\u0165 toho, kedy kone\u010dne op\u00e4\u0165 sadnete na svoju motorku, ktor\u00e1 musela tak dlho odpo\u010d\u00edva\u0165 vo va\u0161ej gar\u00e1\u017ei, jednoducho si ju pripravte pred t\u00fdm, ako bude sez\u00f3na ofici\u00e1lne zah\u00e1jen\u00e1, aby ke\u010f tento moment pr\u00edde ste mali v\u0161etko poruke na jednom mieste a mohli okam\u017eite vy\u0161tartova\u0165 do ul\u00edc! Bezpe\u010dnos\u0165 je pritom v\u017edy na prvom mieste. Ak chcete aj vy jazdi\u0165 na va\u0161ej motorke bezpe\u010dne a s istotou, mali by ste jednozna\u010dne dodr\u017eiava\u0165 v\u0161etky bezpe\u010dnostn\u00e9 pokyny, svoju motorku v\u017edy pred zah\u00e1jen\u00edm ka\u017edej va\u0161ej jazdy poriadne skontrolova\u0165 a vyrazi\u0165 iba v pr\u00edpade, \u017ee ste si \u00faplne ist\u00fd, \u017ee je v\u0161etko presne tak, ako m\u00e1 by\u0165! Z\u00e1kladom bezpe\u010dnosti, ak samozrejme nehovor\u00edme o dokonalom technickom stave v\u00e1\u0161ho motocykla s\u00fa ur\u010dite najm\u00e4 prilby. Ak ani vy e\u0161te st\u00e1l \u017eiadnu nem\u00e1te, alebo ste sa rozhodli objedna\u0165 si nov\u00e9 a kvalitnej\u0161ie a st\u00e1le ste tak e\u0161te doposia\u013e nespravili, pr\u00e1ve teraz m\u00e1te jedine\u010dn\u00fa mo\u017enos\u0165! Schuberth eres-racing v\u00e1m toti\u017eto pon\u00faka presne to, \u010do potrebujete a \u010do si zasl\u00fa\u017eite! Objedn\u00e1vajte \u0161t\u00fdlov\u00e9, vysoko kvalitn\u00e9 a bezpe\u010dnostn\u00e9 prilby za tie najlep\u0161ie ceny a od t\u00fdch najlep\u0161\u00edch zna\u010diek na trhu! Zabudnite na vyh\u013ead\u00e1vanie prilieb na mili\u00f3noch str\u00e1nkach a nach\u00e1dzajte kone\u010dne v\u0161etko na jednom jedinom mieste. Objedn\u00e1vka bude k v\u00e1m domov doru\u010den\u00e1 do p\u00e1r dn\u00ed od jej uskuto\u010dnenia, a v pr\u00edpade, \u017ee v\u00e1m na\u0161a prilba nebude sedie\u0165, m\u00e1te mo\u017enos\u0165 ju okam\u017eite vymeni\u0165 za in\u00fa, men\u0161iu alebo v\u00e4\u010d\u0161iu. Objedn\u00e1vajte pre seba aj pre svojich priate\u013eov, alebo pre svoju partnerku, iba teraz za tie najv\u00fdhodnej\u0161ie dostupn\u00e9 ceny!                                                                                                                                                                                                                                                                                                                                                                                         4.7\/5 - (6 votes)        "},{"@context":"https:\/\/schema.org\/","@type":"BreadcrumbList","itemListElement":[{"@type":"ListItem","position":1,"name":"Vybavte sa na jar","item":"https:\/\/www.spektra.sk\/vybavte-sa-na-jar\/#breadcrumbitem"}]}]