[{"@context":"https:\/\/schema.org\/","@type":"Article","@id":"https:\/\/www.spektra.sk\/vyberame-nabytok-do-spalne\/#Article","mainEntityOfPage":"https:\/\/www.spektra.sk\/vyberame-nabytok-do-spalne\/","headline":"Vyber\u00e1me n\u00e1bytok do sp\u00e1lne","name":"Vyber\u00e1me n\u00e1bytok do sp\u00e1lne","description":"K najd\u00f4le\u017eitej\u0161\u00edm, najsympatickej\u0161ie p\u00f4sobiacim a vlastne z\u00e1kladn\u00fdm priestorom n\u00e1\u0161ho interi\u00e9ru by sa mala radi\u0165 sp\u00e1l\u0148a. Je potrebn\u00fdm priestorom dom\u00e1cnosti pre tak potrebn\u00fd oddych a pravideln\u00fa","datePublished":"2019-02-20","dateModified":"2023-04-25","author":{"@type":"Person","@id":"https:\/\/www.spektra.sk\/author\/#Person","name":"","url":"https:\/\/www.spektra.sk\/author\/","identifier":1,"image":{"@type":"ImageObject","@id":"https:\/\/secure.gravatar.com\/avatar\/5667bceccdce92893bac6a7981a373152a8b3fa0ab99c198ba0ac0b49a934248?s=96&d=mm&r=g","url":"https:\/\/secure.gravatar.com\/avatar\/5667bceccdce92893bac6a7981a373152a8b3fa0ab99c198ba0ac0b49a934248?s=96&d=mm&r=g","height":96,"width":96}},"publisher":{"@type":"Organization","name":"spektra.sk","logo":{"@type":"ImageObject","@id":"\/logo.png","url":"\/logo.png","width":600,"height":60}},"image":{"@type":"ImageObject","@id":"https:\/\/www.spektra.sk\/wp-content\/uploads\/img_a297697_w16744_t1552295501.jpg","url":"https:\/\/www.spektra.sk\/wp-content\/uploads\/img_a297697_w16744_t1552295501.jpg","height":0,"width":0},"url":"https:\/\/www.spektra.sk\/vyberame-nabytok-do-spalne\/","about":["Nakupovanie"],"wordCount":397,"articleBody":" K najd\u00f4le\u017eitej\u0161\u00edm, najsympatickej\u0161ie p\u00f4sobiacim a vlastne z\u00e1kladn\u00fdm priestorom n\u00e1\u0161ho interi\u00e9ru by sa mala radi\u0165 sp\u00e1l\u0148a. Je potrebn\u00fdm priestorom dom\u00e1cnosti pre tak potrebn\u00fd oddych a pravideln\u00fa regener\u00e1ciu a tomu by mala by\u0165 i prisp\u00f4soben\u00e1. Ide\u00e1lne by tak bolo, aby v nej neboli umiestnen\u00e9 ru\u0161iv\u00e9 elementy, ale podstatn\u00fd faktor zohr\u00e1va aj celkov\u00e9 prevedenie tohto priestoru na \u010dele s doplnkami a predov\u0161etk\u00fdm vhodn\u00fdm poste\u013en\u00fdm n\u00e1bytkom .  Spomenul som takisto ru\u0161iv\u00e9 elementy, respekt\u00edve fakt, \u017ee by sme sa im v sp\u00e1lni mali vyvarova\u0165 a tieto predstavuj\u00fa v dne\u0161nej dobe najm\u00e4 elektroniku, \u010di\u017ee TV, po\u010d\u00edta\u010d, mobil,&#8230; ale na druhej strane sa dnes bez nich \u010dlovek takmer nezaob\u00edde ani pred span\u00edm. Pr\u00e1ve z tohto d\u00f4vodu, ak si teda niektor\u00e9 z ru\u0161iv\u00fdch elementov chceme v sp\u00e1lni ponecha\u0165, by sme mali priestor vyv\u00e1\u017ei\u0165 naopak vecami, ktor\u00e9 prin\u00e1\u0161aj\u00fa komfortn\u00e9 vlastnosti a pr\u00edjemne uk\u013eud\u0148uj\u00faci pocit, respekt\u00edve doplnky a poste\u013e, ktor\u00e9 napom\u00e1haj\u00fa k tej spr\u00e1vnej regener\u00e1cii. \u010ci u\u017e telesnej alebo du\u0161evnej. Ako teda vybra\u0165 vhodn\u00fd n\u00e1bytok do sp\u00e1lne? Ve\u013ekos\u0165 priestoru, v\u00e1\u0161 \u0161t\u00fdl a potreby, kvalita, no a samozrejme rozpo\u010det. To s\u00fa v skratke faktory, ktor\u00fdmi sa m\u00f4\u017eete riadi\u0165. A v pr\u00edpade, \u017ee sa v tejto miestnosti s vami nach\u00e1dza e\u0161te niekto, do \u00favahy by sme samozrejme mali vzia\u0165 aj jeho n\u00e1zor. Akon\u00e1hle vyrie\u0161tie tieto \u00favahy, m\u00f4\u017eeme postup v\u00fdberu rozp\u00edsa\u0165 o nie\u010do viac. V\u00fdber n\u00e1bytku je predsa vo svojej podstate celkom sympatick\u00e1 a pr\u00edjemn\u00e1 vec. Vsad\u00edme na svoj \u0161t\u00fdl a kreativitu a n\u00e1sledne sa sna\u017e\u00edme vybra\u0165 mo\u017enos\u0165, ktor\u00e1 by ich \u010do najlep\u0161ie odzrkad\u013eovala. Neberte tak t\u00fato z\u00e1le\u017eitos\u0165 spravidla za stresov\u00fa, ale sk\u00f4r s nadh\u013eadom a istou d\u00e1vkou z\u00e1bavy \u010di realiz\u00e1cie svojich predst\u00e1v.   Ako najviac rozhoduj\u00faci faktor prevedenia si v\u0161imneme vidite\u013en\u00fa str\u00e1nku, teda kon\u0161trukciu. V pr\u00edpade n\u00e1bytku s\u00fa pevnos\u0165, vy\u0161\u0161ia v\u00e1ha, ale vlastne aj ve\u013ekos\u0165 plusov\u00fdmi vlastnos\u0165ami. Nielen z tohto d\u00f4vodu je spr\u00e1vnou vo\u013ebou n\u00e1bytok z mas\u00edvneho dreva.                                                                                                                                                                                                                                                                                                                                                                                         4.2\/5 - (5 votes)        "},{"@context":"https:\/\/schema.org\/","@type":"BreadcrumbList","itemListElement":[{"@type":"ListItem","position":1,"name":"Vyber\u00e1me n\u00e1bytok do sp\u00e1lne","item":"https:\/\/www.spektra.sk\/vyberame-nabytok-do-spalne\/#breadcrumbitem"}]}]